{"id":24795,"date":"2010-08-19T20:41:09","date_gmt":"2010-08-19T20:41:09","guid":{"rendered":"http:\/\/estrategica.com.co\/blog\/?p=24795"},"modified":"2014-09-12T09:35:20","modified_gmt":"2014-09-12T14:35:20","slug":"bombillo-wwf","status":"publish","type":"post","link":"https:\/\/estrategica.com.co\/blog\/bombillo-wwf\/","title":{"rendered":"Bombillo &#8211; WWF"},"content":{"rendered":"<p> <script type='text\/javascript' src='https:\/\/estrategica.com.co\/blog\/wp-content\/plugins\/hana-flv-player\/flowplayer3\/example\/flowplayer-3.2.6.min.js'><\/script>\n<div >\n<div id='hana_flv_flow3_1' style='display:block;width:550px;height:413px;background-color:#555555;color:#ffffff;padding:0' title=\"*Video:bombillo - wwf\"><\/div>\n<\/div>\n\n<script  type='text\/javascript'>\nif (typeof g_hanaFlash !== 'undefined' && !g_hanaFlash){\n    jQuery('#hana_flv_flow3_1').css( 'padding', '5px' );\n\tjQuery('#hana_flv_flow3_1').html(\"<span class='inactive_message' style='display:block'>Sorry, your browser does not support Flash Video Player<\/span> *Video:bombillo - wwf\");\n}else{\t\t\t\n\t\tflowplayer('hana_flv_flow3_1', { src: 'https:\/\/estrategica.com.co\/blog\/wp-content\/plugins\/hana-flv-player\/flowplayer3\/flowplayer-3.2.7.swf', wmode: 'transparent' }, { \n\n\t\t\tcanvas: { backgroundColor: '#000000', backgroundGradient: 'none',},\n    \t\tclip:  { \n    \t\t\turl: '\/blog\/wp-content\/uploads\/2009\/01\/20100708\/WWFbuld.flv',\n        \t\tscaling: 'fit', autoPlay: false, autoBuffering: true \n\t\t\t\t   , onFinish : function () { this.seek(0); }  \n\n\t        }\n\n\t\t});\n}\n<\/script><br \/>\n<\/br><\/p>\n<p>[icon color=\u00bbAccent-Color\u00bb size=\u00bbregular\u00bb image=\u00bbsteadysets-icon-chat\u00bb] <strong>Contexto<\/strong><\/br><\/br><\/p>\n<p style=\"text-align: justify;\">Spot de la WWF en Canad\u00e1 en el a\u00f1o 2009 para capitalizar la consciencia ciudadana en el uso de bombillos ecol\u00f3gicos, y motivando al gobierno y la industria a adquirir la misma consciencia que cada vez m\u00e1s tienen los ciudadanos. La pieza no es especialmente persuasiva y en algunos momentos es hasta confusa.<\/p><\/p>\n","protected":false},"excerpt":{"rendered":"<p>*Video: bombillo &#8211; wwf [icon color=\u00bbAccent-Color\u00bb size=\u00bbregular\u00bb image=\u00bbsteadysets-icon-chat\u00bb] Contexto Spot de la WWF en Canad\u00e1 en el a\u00f1o 2009 para capitalizar la consciencia ciudadana en el uso de bombillos ecol\u00f3gicos, y motivando al gobierno y la industria a adquirir la misma consciencia que cada vez m\u00e1s tienen los ciudadanos. La pieza no es especialmente persuasiva [&hellip;]<\/p>\n","protected":false},"author":5,"featured_media":24796,"comment_status":"open","ping_status":"open","sticky":false,"template":"","format":"standard","meta":{"_et_pb_use_builder":"","_et_pb_old_content":"","_et_gb_content_width":"","advanced_seo_description":"","jetpack_seo_html_title":"","jetpack_seo_noindex":false,"footnotes":""},"categories":[322,263,146,27,10,35,11,3],"tags":[147,158],"class_list":["post-24795","post","type-post","status-publish","format-standard","has-post-thumbnail","hentry","category-322","category-ano","category-canada","category-divulgacion-politica","category-geo","category-mensaje-politico","category-temas","category-video","tag-medio-ambiente","tag-wwf"],"jetpack_featured_media_url":"https:\/\/i0.wp.com\/estrategica.com.co\/blog\/wp-content\/uploads\/2010\/07\/WWFbuld_thumb.png?fit=440%2C389&ssl=1","jetpack_shortlink":"https:\/\/wp.me\/p4wgsh-6rV","jetpack-related-posts":[{"id":23475,"url":"https:\/\/estrategica.com.co\/blog\/gracias-wwf\/","url_meta":{"origin":24795,"position":0},"title":"Gracias &#8211; WWF","author":"Juliana","date":"marzo 28, 2011","format":"video","excerpt":"[hana-flv-player video=\"\/blog\/wp-content\/uploads\/2009\/01\/20100708\/EarthHour2009TheWorldThanksYou.flv\" width=\"550\" height=\"\" description=\"Gracias - WWF\" clickurl=\"\" clicktarget=\"\" player=\"4\" autoplay=\"false\" loop=\"false\" autorewind=\"true\" splashimage=\"\" skin=\"\" \/] [icon color=\"Accent-Color\" size=\"regular\" image=\"steadysets-icon-chat\"] Contexto Spot de Earth Hour en Canad\u00e1 en el a\u00f1o 2009, para promocionar el apag\u00f3n voluntario de luces por parte de los ciudadanos con el fin de concientizar sobre el\u2026","rel":"","context":"En \u00ab2009\u00bb","block_context":{"text":"2009","link":"https:\/\/estrategica.com.co\/blog\/category\/ano\/2009\/"},"img":{"alt_text":"","src":"https:\/\/i0.wp.com\/estrategica.com.co\/blog\/wp-content\/uploads\/2010\/07\/EarthHour2009TheWorldThanksYou_thumb.png?fit=550%2C479&ssl=1&resize=350%2C200","width":350,"height":200},"classes":[]},{"id":23478,"url":"https:\/\/estrategica.com.co\/blog\/hora-de-la-tierra-wwf\/","url_meta":{"origin":24795,"position":1},"title":"Hora de la Tierra &#8211; WWF","author":"Juliana","date":"marzo 28, 2014","format":false,"excerpt":"Spot de la WWF Earth Hour en Canad\u00e1 en el a\u00f1o 2009, para promocionar el apag\u00f3n voluntario de luces por parte de los ciudadanos con el fin de concientizar sobre el calentamiento global.","rel":"","context":"En \u00ab2009\u00bb","block_context":{"text":"2009","link":"https:\/\/estrategica.com.co\/blog\/category\/ano\/2009\/"},"img":{"alt_text":"","src":"https:\/\/i0.wp.com\/estrategica.com.co\/blog\/wp-content\/uploads\/2010\/07\/EarthHourCanada2009TVCommercial_thumb.png?fit=562%2C372&ssl=1&resize=350%2C200","width":350,"height":200},"classes":[]},{"id":24502,"url":"https:\/\/estrategica.com.co\/blog\/cazador-wwf\/","url_meta":{"origin":24795,"position":2},"title":"Cazador &#8211; WWF","author":"Juliana","date":"agosto 26, 2010","format":false,"excerpt":"[hana-flv-player video=\"\/blog\/wp-content\/uploads\/2009\/01\/20100708\/StopthepoachinginRomanianNationalParks.flv\" width=\"550\" height=\"\" description=\"Cazador - WWF\" clickurl=\"\" clicktarget=\"\" player=\"4\" autoplay=\"false\" loop=\"false\" autorewind=\"true\" splashimage=\"\" skin=\"\" \/] [icon color=\"Accent-Color\" size=\"regular\" image=\"steadysets-icon-chat\"] Contexto Spot de la WWF en Rumania en el a\u00f1o 2006 para propiciar el activismo ciudadano en contra de la cacer\u00eda de parques nacionales. Una pieza sencilla y con un\u2026","rel":"","context":"En \u00ab2006\u00bb","block_context":{"text":"2006","link":"https:\/\/estrategica.com.co\/blog\/category\/ano\/2006\/"},"img":{"alt_text":"","src":"https:\/\/i0.wp.com\/estrategica.com.co\/blog\/wp-content\/uploads\/2010\/07\/StopthepoachinginRomanianNationalParks_thumb.png?fit=572%2C444&ssl=1&resize=350%2C200","width":350,"height":200},"classes":[]},{"id":24814,"url":"https:\/\/estrategica.com.co\/blog\/camion-wwf\/","url_meta":{"origin":24795,"position":3},"title":"Cami\u00f3n &#8211; WWF","author":"Juliana","date":"agosto 19, 2010","format":false,"excerpt":"[hana-flv-player video=\"\/blog\/wp-content\/uploads\/2009\/01\/20100708\/WWFtruck.flv\" width=\"550\" height=\"\" description=\"Cami\u00f3n - WWF\" clickurl=\"\" clicktarget=\"\" player=\"4\" autoplay=\"false\" loop=\"false\" autorewind=\"true\" splashimage=\"\" skin=\"\" \/] [icon color=\"Accent-Color\" size=\"regular\" image=\"steadysets-icon-chat\"] Contexto Spot de la WWF en Rumania en el a\u00f1o 2006 para propiciar el activismo ciudadano en contra de la destrucci\u00f3n de parques nacionales. Una pieza sencilla y con un\u2026","rel":"","context":"En \u00ab2006\u00bb","block_context":{"text":"2006","link":"https:\/\/estrategica.com.co\/blog\/category\/ano\/2006\/"},"img":{"alt_text":"","src":"https:\/\/i0.wp.com\/estrategica.com.co\/blog\/wp-content\/uploads\/2010\/07\/WWFtruck_thumb.png?fit=557%2C382&ssl=1&resize=350%2C200","width":350,"height":200},"classes":[]},{"id":24511,"url":"https:\/\/estrategica.com.co\/blog\/superpoderes-wwf\/","url_meta":{"origin":24795,"position":4},"title":"Superpoderes &#8211; WWF","author":"Juliana","date":"julio 22, 2010","format":false,"excerpt":"[hana-flv-player video=\"\/blog\/wp-content\/uploads\/2009\/01\/20100708\/Superpoderes.flv\" width=\"550\" height=\"\" description=\"Superpoderes - WWF\" clickurl=\"\" clicktarget=\"\" player=\"4\" autoplay=\"false\" loop=\"false\" autorewind=\"true\" splashimage=\"\" skin=\"\" \/] [icon color=\"Accent-Color\" size=\"regular\" image=\"steadysets-icon-chat\"] Contexto Spot de la WWF Brasil para promocionar la Hora del Planeta, a celebrarse el 27 de marzo de 2010 de las 20h 30 minutos a la 21h 30 minutos.\u2026","rel":"","context":"En \u00ab2010\u00bb","block_context":{"text":"2010","link":"https:\/\/estrategica.com.co\/blog\/category\/ano\/2010\/"},"img":{"alt_text":"","src":"https:\/\/i0.wp.com\/estrategica.com.co\/blog\/wp-content\/uploads\/2010\/07\/Superpoderes_thumb.png?fit=601%2C424&ssl=1&resize=350%2C200","width":350,"height":200},"classes":[]},{"id":8408,"url":"https:\/\/estrategica.com.co\/blog\/ignorar-el-calentamiento-global-wwf\/","url_meta":{"origin":24795,"position":5},"title":"Ignorar el Calentamiento Global &#8211; WWF","author":"Juliana","date":"marzo 28, 2009","format":false,"excerpt":"[hana-flv-player video=\"\/blog\/wp-content\/uploads\/2009\/01\/videos_varios_f\/WWF_Canada_Save_Our_Climate_TV_Commercial.flv\" width=\"550\" height=\"\" description=\"Ignorar el Calentamiento Global - WWF\" clickurl=\"\" clicktarget=\"\" player=\"4\" autoplay=\"false\" loop=\"false\" autorewind=\"true\" splashimage=\"\" skin=\"\" \/] [icon color=\"Accent-Color\" size=\"regular\" image=\"steadysets-icon-chat\"] Contexto Campa\u00f1a de la WWF del Canad\u00e1 en donde se posiciona la problem\u00e1tica del \u00a0Calentamiento Global. En la pieza aparecen im\u00e1genes de personas manejando carros descapotados, paseando\u2026","rel":"","context":"En \u00abCanad\u00e1\u00bb","block_context":{"text":"Canad\u00e1","link":"https:\/\/estrategica.com.co\/blog\/category\/geo\/america\/canada\/"},"img":{"alt_text":"","src":"https:\/\/i0.wp.com\/estrategica.com.co\/blog\/wp-content\/uploads\/2009\/03\/wwf_canada_save_our_climate_tv_commercial_thumb.png?fit=286%2C265&ssl=1&resize=350%2C200","width":350,"height":200},"classes":[]}],"jetpack_sharing_enabled":true,"_links":{"self":[{"href":"https:\/\/estrategica.com.co\/blog\/wp-json\/wp\/v2\/posts\/24795","targetHints":{"allow":["GET"]}}],"collection":[{"href":"https:\/\/estrategica.com.co\/blog\/wp-json\/wp\/v2\/posts"}],"about":[{"href":"https:\/\/estrategica.com.co\/blog\/wp-json\/wp\/v2\/types\/post"}],"author":[{"embeddable":true,"href":"https:\/\/estrategica.com.co\/blog\/wp-json\/wp\/v2\/users\/5"}],"replies":[{"embeddable":true,"href":"https:\/\/estrategica.com.co\/blog\/wp-json\/wp\/v2\/comments?post=24795"}],"version-history":[{"count":6,"href":"https:\/\/estrategica.com.co\/blog\/wp-json\/wp\/v2\/posts\/24795\/revisions"}],"predecessor-version":[{"id":42714,"href":"https:\/\/estrategica.com.co\/blog\/wp-json\/wp\/v2\/posts\/24795\/revisions\/42714"}],"wp:featuredmedia":[{"embeddable":true,"href":"https:\/\/estrategica.com.co\/blog\/wp-json\/wp\/v2\/media\/24796"}],"wp:attachment":[{"href":"https:\/\/estrategica.com.co\/blog\/wp-json\/wp\/v2\/media?parent=24795"}],"wp:term":[{"taxonomy":"category","embeddable":true,"href":"https:\/\/estrategica.com.co\/blog\/wp-json\/wp\/v2\/categories?post=24795"},{"taxonomy":"post_tag","embeddable":true,"href":"https:\/\/estrategica.com.co\/blog\/wp-json\/wp\/v2\/tags?post=24795"}],"curies":[{"name":"wp","href":"https:\/\/api.w.org\/{rel}","templated":true}]}}