{"id":24821,"date":"2010-07-28T21:56:27","date_gmt":"2010-07-28T21:56:27","guid":{"rendered":"http:\/\/estrategica.com.co\/blog\/?p=24821"},"modified":"2014-09-12T11:57:16","modified_gmt":"2014-09-12T16:57:16","slug":"xii-congreso-refundacional-prd","status":"publish","type":"post","link":"https:\/\/estrategica.com.co\/blog\/xii-congreso-refundacional-prd\/","title":{"rendered":"XII Congreso Refundacional &#8211; PRD"},"content":{"rendered":"<p> <script type='text\/javascript' src='https:\/\/estrategica.com.co\/blog\/wp-content\/plugins\/hana-flv-player\/flowplayer3\/example\/flowplayer-3.2.6.min.js'><\/script>\n<div >\n<div id='hana_flv_flow3_1' style='display:block;width:550px;height:413px;background-color:#555555;color:#ffffff;padding:0' title=\"*Video:xii congreso refundacional - prd\"><\/div>\n<\/div>\n\n<script  type='text\/javascript'>\nif (typeof g_hanaFlash !== 'undefined' && !g_hanaFlash){\n    jQuery('#hana_flv_flow3_1').css( 'padding', '5px' );\n\tjQuery('#hana_flv_flow3_1').html(\"<span class='inactive_message' style='display:block'>Sorry, your browser does not support Flash Video Player<\/span> *Video:xii congreso refundacional - prd\");\n}else{\t\t\t\n\t\tflowplayer('hana_flv_flow3_1', { src: 'https:\/\/estrategica.com.co\/blog\/wp-content\/plugins\/hana-flv-player\/flowplayer3\/flowplayer-3.2.7.swf', wmode: 'transparent' }, { \n\n\t\t\tcanvas: { backgroundColor: '#000000', backgroundGradient: 'none',},\n    \t\tclip:  { \n    \t\t\turl: '\/blog\/wp-content\/uploads\/2009\/01\/20100708\/XIICONGRESOREFUNDACIONALPRD2.flv',\n        \t\tscaling: 'fit', autoPlay: false, autoBuffering: true \n\t\t\t\t   , onFinish : function () { this.seek(0); }  \n\n\t        }\n\n\t\t});\n}\n<\/script><br \/>\n<\/br><\/p>\n<p>[icon color=\u00bbAccent-Color\u00bb size=\u00bbregular\u00bb image=\u00bbsteadysets-icon-chat\u00bb] <strong>Contexto<\/strong><\/br><\/br><\/p>\n<p style=\"text-align: justify;\">Spot del PRD para promocionar su XII Congreso Refundacional a desarrollarse en diciembre de 2009, en Ciudad de M\u00e9xico.<\/p><\/p>\n","protected":false},"excerpt":{"rendered":"<p>*Video: xii congreso refundacional &#8211; prd [icon color=\u00bbAccent-Color\u00bb size=\u00bbregular\u00bb image=\u00bbsteadysets-icon-chat\u00bb] Contexto Spot del PRD para promocionar su XII Congreso Refundacional a desarrollarse en diciembre de 2009, en Ciudad de M\u00e9xico.<\/p>\n","protected":false},"author":5,"featured_media":24822,"comment_status":"open","ping_status":"open","sticky":false,"template":"","format":"standard","meta":{"_et_pb_use_builder":"","_et_pb_old_content":"","_et_gb_content_width":"","advanced_seo_description":"","jetpack_seo_html_title":"","jetpack_seo_noindex":false,"footnotes":""},"categories":[322,263,27,10,35,201,11,3],"tags":[257],"class_list":["post-24821","post","type-post","status-publish","format-standard","has-post-thumbnail","hentry","category-322","category-ano","category-divulgacion-politica","category-geo","category-mensaje-politico","category-mexico","category-temas","category-video","tag-prd"],"jetpack_featured_media_url":"https:\/\/i0.wp.com\/estrategica.com.co\/blog\/wp-content\/uploads\/2010\/07\/XIICONGRESOREFUNDACIONALPRD2_thumb.png?fit=502%2C362&ssl=1","jetpack_shortlink":"https:\/\/wp.me\/p4wgsh-6sl","jetpack-related-posts":[{"id":16022,"url":"https:\/\/estrategica.com.co\/blog\/hecho-en-mexico-prd\/","url_meta":{"origin":24821,"position":0},"title":"Hecho en M\u00e9xico &#8211; PRD","author":"Juliana","date":"junio 2, 2009","format":false,"excerpt":"[hana-flv-player video=\"\/blog\/wp-content\/uploads\/2009\/01\/mexico_otros\/RV0056109.flv\" width=\"550\" height=\"\" description=\"Hecho en M\u00e9xico - PRD\" clickurl=\"\" clicktarget=\"\" player=\"4\" autoplay=\"false\" loop=\"false\" autorewind=\"true\" splashimage=\"\" skin=\"\" \/] [icon color=\"Accent-Color\" size=\"regular\" image=\"steadysets-icon-chat\"] Contexto Spot del Partido de la Revoluci\u00f3n Democr\u00e1tica, PRD, de M\u00e9xico para las Elecciones Federales de 2009. En esta contienda se elegir\u00e1n 500 diputados federales. El spot utiliza\u2026","rel":"","context":"En \u00abCampa\u00f1a Cuerpo Colegiado\u00bb","block_context":{"text":"Campa\u00f1a Cuerpo Colegiado","link":"https:\/\/estrategica.com.co\/blog\/category\/temas\/campana-colegiada\/"},"img":{"alt_text":"","src":"https:\/\/i0.wp.com\/estrategica.com.co\/blog\/wp-content\/uploads\/2009\/05\/rv0056109_thumb.png?fit=375%2C291&ssl=1&resize=350%2C200","width":350,"height":200},"classes":[]},{"id":15993,"url":"https:\/\/estrategica.com.co\/blog\/platica-de-adultos-prd\/","url_meta":{"origin":24821,"position":1},"title":"Platica de Adultos &#8211; PRD","author":"Juliana","date":"junio 1, 2009","format":false,"excerpt":"[hana-flv-player video=\"\/blog\/wp-content\/uploads\/2009\/01\/mexico_otros\/RV0055709.flv\" width=\"550\" height=\"\" description=\"Platica de Adultos - PRD\" clickurl=\"\" clicktarget=\"\" player=\"4\" autoplay=\"false\" loop=\"false\" autorewind=\"true\" splashimage=\"\" skin=\"\" \/] [icon color=\"Accent-Color\" size=\"regular\" image=\"steadysets-icon-chat\"] Contexto Spot del Partido de la Revoluci\u00f3n Democr\u00e1tica, PRD, de M\u00e9xico para las Elecciones Federales de 2009. En esta contienda se elegir\u00e1n 500 diputados federales. El spot utiliza\u2026","rel":"","context":"En \u00abCampa\u00f1a Cuerpo Colegiado\u00bb","block_context":{"text":"Campa\u00f1a Cuerpo Colegiado","link":"https:\/\/estrategica.com.co\/blog\/category\/temas\/campana-colegiada\/"},"img":{"alt_text":"","src":"https:\/\/i0.wp.com\/estrategica.com.co\/blog\/wp-content\/uploads\/2009\/05\/rv0055709_thumb.png?fit=386%2C297&ssl=1&resize=350%2C200","width":350,"height":200},"classes":[]},{"id":16004,"url":"https:\/\/estrategica.com.co\/blog\/pastel-prd\/","url_meta":{"origin":24821,"position":2},"title":"Pastel &#8211; PRD","author":"Juliana","date":"junio 2, 2009","format":false,"excerpt":"[hana-flv-player video=\"\/blog\/wp-content\/uploads\/2009\/01\/mexico_otros\/RV0055809.flv\" width=\"550\" height=\"\" description=\"Pastel - PRD\" clickurl=\"\" clicktarget=\"\" player=\"4\" autoplay=\"false\" loop=\"false\" autorewind=\"true\" splashimage=\"\" skin=\"\" \/] [icon color=\"Accent-Color\" size=\"regular\" image=\"steadysets-icon-chat\"] Contexto Spot del Partido de la Revoluci\u00f3n Democr\u00e1tica, PRD, de M\u00e9xico para las Elecciones Federales de 2009. En esta contienda se elegir\u00e1n 500 diputados federales. El spot utiliza como vocera\u2026","rel":"","context":"En \u00abCampa\u00f1a Cuerpo Colegiado\u00bb","block_context":{"text":"Campa\u00f1a Cuerpo Colegiado","link":"https:\/\/estrategica.com.co\/blog\/category\/temas\/campana-colegiada\/"},"img":{"alt_text":"","src":"https:\/\/i0.wp.com\/estrategica.com.co\/blog\/wp-content\/uploads\/2009\/05\/rv0055809_thumb.png?fit=348%2C304&ssl=1&resize=350%2C200","width":350,"height":200},"classes":[]},{"id":16008,"url":"https:\/\/estrategica.com.co\/blog\/tio-luis-prd\/","url_meta":{"origin":24821,"position":3},"title":"T\u00edo Luis &#8211; PRD","author":"Juliana","date":"junio 2, 2009","format":false,"excerpt":"[hana-flv-player video=\"\/blog\/wp-content\/uploads\/2009\/01\/mexico_otros\/RV0056009.flv\" width=\"550\" height=\"\" description=\"T\u00edo Luis - PRD\" clickurl=\"\" clicktarget=\"\" player=\"4\" autoplay=\"false\" loop=\"false\" autorewind=\"true\" splashimage=\"\" skin=\"\" \/] [icon color=\"Accent-Color\" size=\"regular\" image=\"steadysets-icon-chat\"] Contexto Spot del Partido de la Revoluci\u00f3n Democr\u00e1tica, PRD, de M\u00e9xico para las Elecciones Federales de 2009. En esta contienda se elegir\u00e1n 500 diputados federales. El spot utiliza como\u2026","rel":"","context":"En \u00abCampa\u00f1a Cuerpo Colegiado\u00bb","block_context":{"text":"Campa\u00f1a Cuerpo Colegiado","link":"https:\/\/estrategica.com.co\/blog\/category\/temas\/campana-colegiada\/"},"img":{"alt_text":"","src":"https:\/\/i0.wp.com\/estrategica.com.co\/blog\/wp-content\/uploads\/2009\/05\/rv0056009_thumb.png?fit=358%2C295&ssl=1&resize=350%2C200","width":350,"height":200},"classes":[]},{"id":16013,"url":"https:\/\/estrategica.com.co\/blog\/recortes-de-horario-prd\/","url_meta":{"origin":24821,"position":4},"title":"Recortes de Horario &#8211; PRD","author":"Juliana","date":"junio 2, 2009","format":false,"excerpt":"[hana-flv-player video=\"\/blog\/wp-content\/uploads\/2009\/01\/mexico_otros\/RV0055909.flv\" width=\"550\" height=\"\" description=\"Recortes de Horario - PRD\" clickurl=\"\" clicktarget=\"\" player=\"4\" autoplay=\"false\" loop=\"false\" autorewind=\"true\" splashimage=\"\" skin=\"\" \/] [icon color=\"Accent-Color\" size=\"regular\" image=\"steadysets-icon-chat\"] Contexto Spot del Partido de la Revoluci\u00f3n Democr\u00e1tica, PRD, de M\u00e9xico para las Elecciones Federales de 2009. En esta contienda se elegir\u00e1n 500 diputados federales. El spot utiliza\u2026","rel":"","context":"En \u00abCampa\u00f1a Cuerpo Colegiado\u00bb","block_context":{"text":"Campa\u00f1a Cuerpo Colegiado","link":"https:\/\/estrategica.com.co\/blog\/category\/temas\/campana-colegiada\/"},"img":{"alt_text":"","src":"https:\/\/i0.wp.com\/estrategica.com.co\/blog\/wp-content\/uploads\/2009\/05\/rv0055909_thumb.png?fit=390%2C293&ssl=1&resize=350%2C200","width":350,"height":200},"classes":[]},{"id":24241,"url":"https:\/\/estrategica.com.co\/blog\/acuerdo-prd\/","url_meta":{"origin":24821,"position":5},"title":"Acuerdo &#8211; PRD","author":"Juliana","date":"octubre 17, 2010","format":false,"excerpt":"[hana-flv-player video=\"\/blog\/wp-content\/uploads\/2009\/01\/20100708\/Spotacuerdo.flv\" width=\"550\" height=\"\" description=\"Acuerdo - PRD\" clickurl=\"\" clicktarget=\"\" player=\"4\" autoplay=\"false\" loop=\"false\" autorewind=\"true\" splashimage=\"\" skin=\"\" \/] [icon color=\"Accent-Color\" size=\"regular\" image=\"steadysets-icon-chat\"] Contexto Spot de PRD en M\u00e9xico, durante el a\u00f1o 2010, para posicionar al partido de cara a las elecciones regionales. El mensaje apela al sentimiento nacional y a algunos recursos\u2026","rel":"","context":"En \u00ab2010\u00bb","block_context":{"text":"2010","link":"https:\/\/estrategica.com.co\/blog\/category\/ano\/2010\/"},"img":{"alt_text":"","src":"https:\/\/i0.wp.com\/estrategica.com.co\/blog\/wp-content\/uploads\/2010\/07\/Spotacuerdo_thumb.png?fit=525%2C498&ssl=1&resize=350%2C200","width":350,"height":200},"classes":[]}],"jetpack_sharing_enabled":true,"_links":{"self":[{"href":"https:\/\/estrategica.com.co\/blog\/wp-json\/wp\/v2\/posts\/24821","targetHints":{"allow":["GET"]}}],"collection":[{"href":"https:\/\/estrategica.com.co\/blog\/wp-json\/wp\/v2\/posts"}],"about":[{"href":"https:\/\/estrategica.com.co\/blog\/wp-json\/wp\/v2\/types\/post"}],"author":[{"embeddable":true,"href":"https:\/\/estrategica.com.co\/blog\/wp-json\/wp\/v2\/users\/5"}],"replies":[{"embeddable":true,"href":"https:\/\/estrategica.com.co\/blog\/wp-json\/wp\/v2\/comments?post=24821"}],"version-history":[{"count":6,"href":"https:\/\/estrategica.com.co\/blog\/wp-json\/wp\/v2\/posts\/24821\/revisions"}],"predecessor-version":[{"id":42782,"href":"https:\/\/estrategica.com.co\/blog\/wp-json\/wp\/v2\/posts\/24821\/revisions\/42782"}],"wp:featuredmedia":[{"embeddable":true,"href":"https:\/\/estrategica.com.co\/blog\/wp-json\/wp\/v2\/media\/24822"}],"wp:attachment":[{"href":"https:\/\/estrategica.com.co\/blog\/wp-json\/wp\/v2\/media?parent=24821"}],"wp:term":[{"taxonomy":"category","embeddable":true,"href":"https:\/\/estrategica.com.co\/blog\/wp-json\/wp\/v2\/categories?post=24821"},{"taxonomy":"post_tag","embeddable":true,"href":"https:\/\/estrategica.com.co\/blog\/wp-json\/wp\/v2\/tags?post=24821"}],"curies":[{"name":"wp","href":"https:\/\/api.w.org\/{rel}","templated":true}]}}