{"id":260,"date":"2009-01-03T17:44:40","date_gmt":"2009-01-03T17:44:40","guid":{"rendered":"http:\/\/estrategica.com.co\/blog\/?p=260"},"modified":"2009-03-27T11:50:20","modified_gmt":"2009-03-27T11:50:20","slug":"le-pen","status":"publish","type":"post","link":"https:\/\/estrategica.com.co\/blog\/le-pen\/","title":{"rendered":"Le Pen quiere romperlo todo!"},"content":{"rendered":"<p><img loading=\"lazy\" decoding=\"async\" data-attachment-id=\"259\" data-permalink=\"https:\/\/estrategica.com.co\/blog\/le-pen\/le-pen-veut-tout-casser_3\/\" data-orig-file=\"https:\/\/i0.wp.com\/estrategica.com.co\/blog\/wp-content\/uploads\/2009\/01\/le-pen-veut-tout-casser_3.jpg?fit=500%2C375&amp;ssl=1\" data-orig-size=\"500,375\" data-comments-opened=\"1\" data-image-meta=\"{&quot;aperture&quot;:&quot;0&quot;,&quot;credit&quot;:&quot;&quot;,&quot;camera&quot;:&quot;&quot;,&quot;caption&quot;:&quot;&quot;,&quot;created_timestamp&quot;:&quot;0&quot;,&quot;copyright&quot;:&quot;&quot;,&quot;focal_length&quot;:&quot;0&quot;,&quot;iso&quot;:&quot;0&quot;,&quot;shutter_speed&quot;:&quot;0&quot;,&quot;title&quot;:&quot;&quot;}\" data-image-title=\"le-pen-veut-tout-casser_3\" data-image-description=\"\" data-image-caption=\"\" data-medium-file=\"https:\/\/i0.wp.com\/estrategica.com.co\/blog\/wp-content\/uploads\/2009\/01\/le-pen-veut-tout-casser_3.jpg?fit=300%2C225&amp;ssl=1\" data-large-file=\"https:\/\/i0.wp.com\/estrategica.com.co\/blog\/wp-content\/uploads\/2009\/01\/le-pen-veut-tout-casser_3.jpg?fit=500%2C375&amp;ssl=1\" class=\"alignnone size-full wp-image-259\" title=\"le-pen-veut-tout-casser_3\" src=\"https:\/\/i0.wp.com\/estrategica.com.co\/blog\/wp-content\/uploads\/2009\/01\/le-pen-veut-tout-casser_3.jpg?resize=500%2C375\" alt=\"le-pen-veut-tout-casser_3\" width=\"500\" height=\"375\" srcset=\"https:\/\/i0.wp.com\/estrategica.com.co\/blog\/wp-content\/uploads\/2009\/01\/le-pen-veut-tout-casser_3.jpg?w=500&amp;ssl=1 500w, https:\/\/i0.wp.com\/estrategica.com.co\/blog\/wp-content\/uploads\/2009\/01\/le-pen-veut-tout-casser_3.jpg?resize=300%2C225&amp;ssl=1 300w\" sizes=\"(max-width: 500px) 100vw, 500px\" data-recalc-dims=\"1\" \/><\/p>\n<p style=\"text-align: justify;\">Un esfuerzo interesante del Movimiento de los J\u00f3venes Socialistas que toman uno de los afiches oficiales de campa\u00f1a para posicionar un mensaje negativo hacia Le Pen. Los temas que se evidencian son: Impuestos en Beneficio de los Ricos, Desmantelamiento de los Servicios P\u00fablicos, Eliminaci\u00f3n de la 35H y Fin de la Jubilaci\u00f3n. Esta contracampa\u00f1a se difundi\u00f3 a trav\u00e9s de la Web.<\/p>\n<p style=\"text-align: justify;\">\n","protected":false},"excerpt":{"rendered":"<p>Un esfuerzo interesante del Movimiento de los J\u00f3venes Socialistas que toman uno de los afiches oficiales de campa\u00f1a para posicionar un mensaje negativo hacia Le Pen. Los temas que se evidencian son: Impuestos en Beneficio de los Ricos, Desmantelamiento de los Servicios P\u00fablicos, Eliminaci\u00f3n de la 35H y Fin de la Jubilaci\u00f3n. Esta contracampa\u00f1a se [&hellip;]<\/p>\n","protected":false},"author":2,"featured_media":59147,"comment_status":"open","ping_status":"open","sticky":false,"template":"","format":"standard","meta":{"_et_pb_use_builder":"","_et_pb_old_content":"","_et_gb_content_width":"","advanced_seo_description":"","jetpack_seo_html_title":"","jetpack_seo_noindex":false,"footnotes":""},"categories":[269,5,263,57,46,50,10,29,11],"tags":[52,83],"class_list":["post-260","post","type-post","status-publish","format-standard","has-post-thumbnail","hentry","category-269","category-afiches","category-ano","category-campana-presidencial","category-fotograficos","category-francia","category-geo","category-publicidad-negativa","category-temas","tag-elecciones-2007","tag-jean-marie-le-pen"],"jetpack_featured_media_url":"https:\/\/i0.wp.com\/estrategica.com.co\/blog\/wp-content\/uploads\/2009\/01\/DERECHAIZQUIERDA-Lo-han-roto-todo.jpg?fit=800%2C600&ssl=1","jetpack_shortlink":"https:\/\/wp.me\/p4wgsh-4c","jetpack-related-posts":[{"id":256,"url":"https:\/\/estrategica.com.co\/blog\/le-pen-quiere-romperlo-todo\/","url_meta":{"origin":260,"position":0},"title":"Le Pen quiere romperlo todo!","author":"camilorojas","date":"enero 3, 2009","format":false,"excerpt":"Un esfuerzo interesante del Movimiento de los J\u00f3venes Socialistas que toman uno de los afiches oficiales de campa\u00f1a para posicionar un mensaje negativo hacia Le Pen. Los temas que se evidencian son: Expulsi\u00f3n de Extranjeros, Nacionalismo, Racismo de Estado y Destrucci\u00f3n del Estado Laico. Esta contracampa\u00f1a se difundi\u00f3 a trav\u00e9s\u2026","rel":"","context":"En \u00ab2007\u00bb","block_context":{"text":"2007","link":"https:\/\/estrategica.com.co\/blog\/category\/ano\/2007\/"},"img":{"alt_text":"","src":"https:\/\/i0.wp.com\/estrategica.com.co\/blog\/wp-content\/uploads\/2009\/01\/Le-Pen-quiere-romperlo-todo1.jpg?fit=500%2C375&ssl=1&resize=350%2C200","width":350,"height":200},"classes":[]},{"id":249,"url":"https:\/\/estrategica.com.co\/blog\/derechaizquierda-lo-han-roto-todo-5\/","url_meta":{"origin":260,"position":1},"title":"DERECHA\/IZQUIERDA Lo han roto todo!","author":"camilorojas","date":"enero 3, 2009","format":false,"excerpt":"Jean-Marie Le Pen es el representante de la extrema derecha pol\u00edtica a trav\u00e9s del partido Frente Nacional a nombre del cual ha sido candidato a la presidencia de Francia. En la campa\u00f1a de 2007 Le Pen tiene casi 79 a\u00f1os convirti\u00e9ndose en el aspirante m\u00e1s viejo en la historia de\u2026","rel":"","context":"En \u00ab2007\u00bb","block_context":{"text":"2007","link":"https:\/\/estrategica.com.co\/blog\/category\/ano\/2007\/"},"img":{"alt_text":"","src":"https:\/\/i0.wp.com\/estrategica.com.co\/blog\/wp-content\/uploads\/2009\/01\/DERECHAIZQUIERDA-Lo-han-roto-todo2.jpg?fit=800%2C600&ssl=1&resize=350%2C200","width":350,"height":200},"classes":[]},{"id":274,"url":"https:\/\/estrategica.com.co\/blog\/le-pen-presidente\/","url_meta":{"origin":260,"position":2},"title":"LE PEN PRESIDENTE","author":"camilorojas","date":"enero 3, 2009","format":false,"excerpt":"Un afiche cl\u00e1sico de Le Pen. Su rostro en primer plano, sonriendo. La cercan\u00eda le deja ver los a\u00f1os, lo cual puede ser contraproducente. El nombre del Frente Nacional no aparece. Este afiche rompe la estrategia visual que se hab\u00eda hecho posiblemente por el esfuerza que conlleva posicionar siete afiches.","rel":"","context":"En \u00ab2007\u00bb","block_context":{"text":"2007","link":"https:\/\/estrategica.com.co\/blog\/category\/ano\/2007\/"},"img":{"alt_text":"","src":"https:\/\/i0.wp.com\/estrategica.com.co\/blog\/wp-content\/uploads\/2009\/01\/LE-PEN-PRESIDENTE.jpg?fit=300%2C428&ssl=1&resize=350%2C200","width":350,"height":200},"classes":[]},{"id":233,"url":"https:\/\/estrategica.com.co\/blog\/con-le-pen-todos-juntos-tomaremos-nuestra-francia\/","url_meta":{"origin":260,"position":3},"title":"CON LE PEN, todos juntos, tomaremos nuestra Francia!","author":"camilorojas","date":"enero 3, 2009","format":false,"excerpt":"Jean-Marie Le Pen es el representante de la extrema derecha pol\u00edtica a trav\u00e9s del partido Frente Nacional a nombre del cual ha sido candidato a la presidencia de Francia. En la campa\u00f1a de 2007 Le Pen tiene casi 79 a\u00f1os convirti\u00e9ndose en el aspirante m\u00e1s viejo en la historia de\u2026","rel":"","context":"En \u00ab2007\u00bb","block_context":{"text":"2007","link":"https:\/\/estrategica.com.co\/blog\/category\/ano\/2007\/"},"img":{"alt_text":"","src":"https:\/\/i0.wp.com\/estrategica.com.co\/blog\/wp-content\/uploads\/2009\/01\/CON-LE-PEN-todos-juntos-tomaremos-nuestra-Francia.jpg?fit=800%2C600&ssl=1&resize=350%2C200","width":350,"height":200},"classes":[]},{"id":279,"url":"https:\/\/estrategica.com.co\/blog\/gran-desfile-por-le-pen\/","url_meta":{"origin":260,"position":4},"title":"Gran Desfile por LE PEN","author":"camilorojas","date":"enero 3, 2009","format":false,"excerpt":"Un afiche del Frente Nacional, anunciando un desfile, es interesante por el uso de la imagen de Juana de Arco. Un s\u00edmbolo que a ultraderecha francesa ha tomado como propio.","rel":"","context":"En \u00ab2007\u00bb","block_context":{"text":"2007","link":"https:\/\/estrategica.com.co\/blog\/category\/ano\/2007\/"},"img":{"alt_text":"","src":"https:\/\/i0.wp.com\/estrategica.com.co\/blog\/wp-content\/uploads\/2009\/01\/Gran-Desfile-por-LE-PEN.jpg?fit=400%2C527&ssl=1&resize=350%2C200","width":350,"height":200},"classes":[]},{"id":270,"url":"https:\/\/estrategica.com.co\/blog\/vote-le-pen\/","url_meta":{"origin":260,"position":5},"title":"VOTE LE PEN","author":"camilorojas","date":"enero 3, 2009","format":false,"excerpt":"Jean-Marie Le Pen es el representante de la extrema derecha pol\u00edtica a trav\u00e9s del partido Frente Nacional a nombre del cual ha sido candidato a la presidencia de Francia. En la campa\u00f1a de 2007 Le Pen tiene casi 79 convirti\u00e9ndose en el aspirante m\u00e1s viejo en la historia de Francia.\u2026","rel":"","context":"En \u00ab2007\u00bb","block_context":{"text":"2007","link":"https:\/\/estrategica.com.co\/blog\/category\/ano\/2007\/"},"img":{"alt_text":"","src":"https:\/\/i0.wp.com\/estrategica.com.co\/blog\/wp-content\/uploads\/2009\/01\/VOTE-LE-PEN.jpg?fit=324%2C456&ssl=1&resize=350%2C200","width":350,"height":200},"classes":[]}],"jetpack_sharing_enabled":true,"_links":{"self":[{"href":"https:\/\/estrategica.com.co\/blog\/wp-json\/wp\/v2\/posts\/260","targetHints":{"allow":["GET"]}}],"collection":[{"href":"https:\/\/estrategica.com.co\/blog\/wp-json\/wp\/v2\/posts"}],"about":[{"href":"https:\/\/estrategica.com.co\/blog\/wp-json\/wp\/v2\/types\/post"}],"author":[{"embeddable":true,"href":"https:\/\/estrategica.com.co\/blog\/wp-json\/wp\/v2\/users\/2"}],"replies":[{"embeddable":true,"href":"https:\/\/estrategica.com.co\/blog\/wp-json\/wp\/v2\/comments?post=260"}],"version-history":[{"count":7,"href":"https:\/\/estrategica.com.co\/blog\/wp-json\/wp\/v2\/posts\/260\/revisions"}],"predecessor-version":[{"id":8499,"href":"https:\/\/estrategica.com.co\/blog\/wp-json\/wp\/v2\/posts\/260\/revisions\/8499"}],"wp:featuredmedia":[{"embeddable":true,"href":"https:\/\/estrategica.com.co\/blog\/wp-json\/wp\/v2\/media\/59147"}],"wp:attachment":[{"href":"https:\/\/estrategica.com.co\/blog\/wp-json\/wp\/v2\/media?parent=260"}],"wp:term":[{"taxonomy":"category","embeddable":true,"href":"https:\/\/estrategica.com.co\/blog\/wp-json\/wp\/v2\/categories?post=260"},{"taxonomy":"post_tag","embeddable":true,"href":"https:\/\/estrategica.com.co\/blog\/wp-json\/wp\/v2\/tags?post=260"}],"curies":[{"name":"wp","href":"https:\/\/api.w.org\/{rel}","templated":true}]}}