{"id":2621,"date":"2009-02-14T23:47:03","date_gmt":"2009-02-14T23:47:03","guid":{"rendered":"http:\/\/estrategica.com.co\/blog\/?p=2621"},"modified":"2015-04-08T09:17:45","modified_gmt":"2015-04-08T14:17:45","slug":"junta-aragonesa-futbol","status":"publish","type":"post","link":"https:\/\/estrategica.com.co\/blog\/junta-aragonesa-futbol\/","title":{"rendered":"Junta Aragonesa: Futbol"},"content":{"rendered":"<p> <script type='text\/javascript' src='https:\/\/estrategica.com.co\/blog\/wp-content\/plugins\/hana-flv-player\/flowplayer3\/example\/flowplayer-3.2.6.min.js'><\/script>\n<div >\n<div id='hana_flv_flow3_1' style='display:block;width:550px;height:413px;background-color:#555555;color:#ffffff;padding:0' title=\"*Video:junta aragonesa: futbol\"><\/div>\n<\/div>\n\n<script  type='text\/javascript'>\nif (typeof g_hanaFlash !== 'undefined' && !g_hanaFlash){\n    jQuery('#hana_flv_flow3_1').css( 'padding', '5px' );\n\tjQuery('#hana_flv_flow3_1').html(\"<span class='inactive_message' style='display:block'>Sorry, your browser does not support Flash Video Player<\/span> *Video:junta aragonesa: futbol\");\n}else{\t\t\t\n\t\tflowplayer('hana_flv_flow3_1', { src: 'https:\/\/estrategica.com.co\/blog\/wp-content\/plugins\/hana-flv-player\/flowplayer3\/flowplayer-3.2.7.swf', wmode: 'transparent' }, { \n\n\t\t\tcanvas: { backgroundColor: '#000000', backgroundGradient: 'none',},\n    \t\tclip:  { \n    \t\t\turl: '\/blog\/wp-content\/uploads\/2009\/01\/ESPANA\/Aragon_Futbol.flv',\n        \t\tscaling: 'fit', autoPlay: false, autoBuffering: true \n\t\t\t\t   , onFinish : function () { this.seek(0); }  \n\n\t        }\n\n\t\t});\n}\n<\/script><br \/>\n<\/br><\/p>\n<p>[icon color=\u00bbAccent-Color\u00bb size=\u00bbregular\u00bb image=\u00bbsteadysets-icon-chat\u00bb] <strong>Contexto<\/strong><\/br><\/br><\/p>\n<p style=\"text-align: justify;\">Divertido spot de la Junta Aragonesa en donde se utilizan los comportamientos del futbol para evidenciar la importancia de que Arag\u00f3n tenga una voz en Madrid.\u00a0 La idea es que ni el PSOE ni el PP representan los intereses de Arag\u00f3n y por lo tanto se hace imprescindible que all\u00ed este la Junta Aragonesa. Un buen instrumento de persuasi\u00f3n que utiliza un lenguaje que llama la atenci\u00f3n y genera recordaci\u00f3n de mensaje.<\/p><\/p>\n","protected":false},"excerpt":{"rendered":"<p>*Video: junta aragonesa: futbol [icon color=\u00bbAccent-Color\u00bb size=\u00bbregular\u00bb image=\u00bbsteadysets-icon-chat\u00bb] Contexto Divertido spot de la Junta Aragonesa en donde se utilizan los comportamientos del futbol para evidenciar la importancia de que Arag\u00f3n tenga una voz en Madrid.\u00a0 La idea es que ni el PSOE ni el PP representan los intereses de Arag\u00f3n y por lo tanto se [&hellip;]<\/p>\n","protected":false},"author":5,"featured_media":2622,"comment_status":"open","ping_status":"open","sticky":false,"template":"","format":"standard","meta":{"_et_pb_use_builder":"","_et_pb_old_content":"","_et_gb_content_width":"","advanced_seo_description":"","jetpack_seo_html_title":"","jetpack_seo_noindex":false,"footnotes":""},"categories":[268,263,58,34,23,10,11,3],"tags":[93],"class_list":["post-2621","post","type-post","status-publish","format-standard","has-post-thumbnail","hentry","category-268","category-ano","category-campana-colegiada","category-electoral","category-espana","category-geo","category-temas","category-video","tag-elecciones-2008"],"jetpack_featured_media_url":"https:\/\/i0.wp.com\/estrategica.com.co\/blog\/wp-content\/uploads\/2009\/01\/aragon_futbol_thumb.png?fit=317%2C166&ssl=1","jetpack_shortlink":"https:\/\/wp.me\/p4wgsh-Gh","jetpack-related-posts":[{"id":2777,"url":"https:\/\/estrategica.com.co\/blog\/aragon-con-mas-fuerza-euro\/","url_meta":{"origin":2621,"position":0},"title":"Arag\u00f3n con m\u00e1s fuerza &#8211; Euro","author":"Juliana","date":"enero 25, 2009","format":false,"excerpt":"[hana-flv-player video=\"\/blog\/wp-content\/uploads\/2009\/01\/ESPANA\/Spot_Aragon.flv\" width=\"550\" height=\"\" description=\"Arag\u00f3n con m\u00e1s fuerza - Euro\" clickurl=\"\" clicktarget=\"\" player=\"4\" autoplay=\"false\" loop=\"false\" autorewind=\"true\" splashimage=\"\" skin=\"\" \/] [icon color=\"Accent-Color\" size=\"regular\" image=\"steadysets-icon-chat\"] Contexto Spot de la \u201cChunta Aragonesista\u201d o Junta Aragonesa. En este Spot, como en otros, se apela al sarcasmo y al humor para llamar la atenci\u00f3n sobre\u2026","rel":"","context":"En \u00abCampa\u00f1a Cuerpo Colegiado\u00bb","block_context":{"text":"Campa\u00f1a Cuerpo Colegiado","link":"https:\/\/estrategica.com.co\/blog\/category\/temas\/campana-colegiada\/"},"img":{"alt_text":"","src":"","width":0,"height":0},"classes":[]},{"id":2823,"url":"https:\/\/estrategica.com.co\/blog\/aragon-con-mas-fuerza-tunel\/","url_meta":{"origin":2621,"position":1},"title":"Arag\u00f3n con m\u00e1s fuerza &#8211; Tunel","author":"Juliana","date":"enero 24, 2009","format":false,"excerpt":"[hana-flv-player video=\"\/blog\/wp-content\/uploads\/2009\/01\/ESPANA\/Tunel_Spot_Aragon.flv\" width=\"550\" height=\"\" description=\"Arag\u00f3n con m\u00e1s fuerza - Tunel\" clickurl=\"\" clicktarget=\"\" player=\"4\" autoplay=\"false\" loop=\"false\" autorewind=\"true\" splashimage=\"\" skin=\"\" \/] [icon color=\"Accent-Color\" size=\"regular\" image=\"steadysets-icon-chat\"] Contexto Maravilloso Spot de la \u201cChunta Aragonesista\u201d o Junta Aragonesa. En este Spot se apela al sarcasmo y al humor para llamar la atenci\u00f3n sobre los planes\u2026","rel":"","context":"En \u00abCampa\u00f1a Cuerpo Colegiado\u00bb","block_context":{"text":"Campa\u00f1a Cuerpo Colegiado","link":"https:\/\/estrategica.com.co\/blog\/category\/temas\/campana-colegiada\/"},"img":{"alt_text":"","src":"","width":0,"height":0},"classes":[]},{"id":2677,"url":"https:\/\/estrategica.com.co\/blog\/%c2%bfconoces-algun-parlamentario-aragones-en-madrid\/","url_meta":{"origin":2621,"position":2},"title":"\u00bfCONOCES ALGUN PARLAMENTARIO ARAGONES EN MADRID?","author":"Juliana","date":"febrero 14, 2009","format":false,"excerpt":"[hana-flv-player video=\"\/blog\/wp-content\/uploads\/2009\/01\/ESPANA\/Conoces_Paralamentarios_Aragoneces.flv\" width=\"550\" height=\"\" description=\"\u00bfCONOCES ALGUN PARLAMENTARIO ARAGONES EN MADRID?\" clickurl=\"\" clicktarget=\"\" player=\"4\" autoplay=\"false\" loop=\"false\" autorewind=\"true\" splashimage=\"\" skin=\"\" \/] [icon color=\"Accent-Color\" size=\"regular\" image=\"steadysets-icon-chat\"] Contexto Spot de campa\u00f1a de la \u201cChunta Aragonesista\u201d o Junta Aragonesa.\u00a0 En \u00e9l se hace una pregunta contundente: \u00bfCONOCES ALGUN PARLAMENTARIO ARAGONES EN MADRID? Y ante la\u2026","rel":"","context":"En \u00ab2008\u00bb","block_context":{"text":"2008","link":"https:\/\/estrategica.com.co\/blog\/category\/ano\/2008\/"},"img":{"alt_text":"","src":"","width":0,"height":0},"classes":[]},{"id":21758,"url":"https:\/\/estrategica.com.co\/blog\/futbolistas-nike-vs-racismo\/","url_meta":{"origin":2621,"position":3},"title":"Futbolistas &#8211; Nike vs Racismo","author":"Juliana","date":"junio 15, 2010","format":false,"excerpt":"[hana-flv-player video=\"\/blog\/wp-content\/uploads\/2009\/01\/20100609\/NikevsRacismo.flv\" width=\"550\" height=\"\" description=\"Futbolistas - Nike vs Racismo \" clickurl=\"\" clicktarget=\"\" player=\"4\" autoplay=\"false\" loop=\"false\" autorewind=\"true\" splashimage=\"\" skin=\"\" \/] [icon color=\"Accent-Color\" size=\"regular\" image=\"steadysets-icon-chat\"] Contexto Spot de Nike, en 2008, en donde a trav\u00e9s de la vocer\u00eda de algunos futbolistas famosos sensibiliza acerca de la problem\u00e1tica de la discriminaci\u00f3n racial. Una\u2026","rel":"","context":"En \u00ab2008\u00bb","block_context":{"text":"2008","link":"https:\/\/estrategica.com.co\/blog\/category\/ano\/2008\/"},"img":{"alt_text":"","src":"https:\/\/i0.wp.com\/estrategica.com.co\/blog\/wp-content\/uploads\/2010\/06\/NikevsRacismo_thumb.png?fit=754%2C624&ssl=1&resize=350%2C200","width":350,"height":200},"classes":[]},{"id":6877,"url":"https:\/\/estrategica.com.co\/blog\/13_motivos_para_creer_0\/","url_meta":{"origin":2621,"position":4},"title":"Presentaci\u00f3n de la Campa\u00f1a 13 Motivos para Creer &#8211; Zapatero","author":"Juliana","date":"marzo 18, 2009","format":false,"excerpt":"[hana-flv-player video=\"\/blog\/wp-content\/uploads\/2009\/01\/videos_varios_f\/13_motivos_para_creer_0.flv\" width=\"550\" height=\"\" description=\"Presentaci\u00f3n de la Campa\u00f1a 13 Motivos para Creer - Zapatero\" clickurl=\"\" clicktarget=\"\" player=\"4\" autoplay=\"false\" loop=\"false\" autorewind=\"true\" splashimage=\"\" skin=\"\" \/] [icon color=\"Accent-Color\" size=\"regular\" image=\"steadysets-icon-chat\"] Contexto Presentaci\u00f3n de la Campa\u00f1a del PSOE para las elecciones de 2008. La estrategia de la campa\u00f1a grafica de afiches gira en torno\u2026","rel":"","context":"En \u00abCampa\u00f1a Presidencial\u00bb","block_context":{"text":"Campa\u00f1a Presidencial","link":"https:\/\/estrategica.com.co\/blog\/category\/temas\/campana-presidencial\/"},"img":{"alt_text":"","src":"","width":0,"height":0},"classes":[]},{"id":23463,"url":"https:\/\/estrategica.com.co\/blog\/doctorswithoutborderspenalty\/","url_meta":{"origin":2621,"position":5},"title":"Penalty &#8211; M\u00e9dicos sin Fronteras","author":"Juliana","date":"febrero 8, 2011","format":false,"excerpt":"[hana-flv-player video=\"\/blog\/wp-content\/uploads\/2009\/01\/20100708\/DoctorsWithoutBordersPenalty.flv\" width=\"550\" height=\"\" description=\"Penalty - M\u00e9dicos sin Fronteras\" clickurl=\"\" clicktarget=\"\" player=\"4\" autoplay=\"false\" loop=\"false\" autorewind=\"true\" splashimage=\"\" skin=\"\" \/] [icon color=\"Accent-Color\" size=\"regular\" image=\"steadysets-icon-chat\"] Contexto Spot de m\u00e9dicos sin Fronteras en Noruega, en el a\u00f1o 2008, donde se posiciona la actividad de la organizaci\u00f3n a trav\u00e9s de la problem\u00e1tica de las minas\u2026","rel":"","context":"En \u00ab2008\u00bb","block_context":{"text":"2008","link":"https:\/\/estrategica.com.co\/blog\/category\/ano\/2008\/"},"img":{"alt_text":"","src":"https:\/\/i0.wp.com\/estrategica.com.co\/blog\/wp-content\/uploads\/2010\/07\/DoctorsWithoutBordersPenalty_thumb.png?fit=588%2C370&ssl=1&resize=350%2C200","width":350,"height":200},"classes":[]}],"jetpack_sharing_enabled":true,"_links":{"self":[{"href":"https:\/\/estrategica.com.co\/blog\/wp-json\/wp\/v2\/posts\/2621","targetHints":{"allow":["GET"]}}],"collection":[{"href":"https:\/\/estrategica.com.co\/blog\/wp-json\/wp\/v2\/posts"}],"about":[{"href":"https:\/\/estrategica.com.co\/blog\/wp-json\/wp\/v2\/types\/post"}],"author":[{"embeddable":true,"href":"https:\/\/estrategica.com.co\/blog\/wp-json\/wp\/v2\/users\/5"}],"replies":[{"embeddable":true,"href":"https:\/\/estrategica.com.co\/blog\/wp-json\/wp\/v2\/comments?post=2621"}],"version-history":[{"count":6,"href":"https:\/\/estrategica.com.co\/blog\/wp-json\/wp\/v2\/posts\/2621\/revisions"}],"predecessor-version":[{"id":52009,"href":"https:\/\/estrategica.com.co\/blog\/wp-json\/wp\/v2\/posts\/2621\/revisions\/52009"}],"wp:featuredmedia":[{"embeddable":true,"href":"https:\/\/estrategica.com.co\/blog\/wp-json\/wp\/v2\/media\/2622"}],"wp:attachment":[{"href":"https:\/\/estrategica.com.co\/blog\/wp-json\/wp\/v2\/media?parent=2621"}],"wp:term":[{"taxonomy":"category","embeddable":true,"href":"https:\/\/estrategica.com.co\/blog\/wp-json\/wp\/v2\/categories?post=2621"},{"taxonomy":"post_tag","embeddable":true,"href":"https:\/\/estrategica.com.co\/blog\/wp-json\/wp\/v2\/tags?post=2621"}],"curies":[{"name":"wp","href":"https:\/\/api.w.org\/{rel}","templated":true}]}}