{"id":2625,"date":"2009-02-14T23:42:54","date_gmt":"2009-02-14T23:42:54","guid":{"rendered":"http:\/\/estrategica.com.co\/blog\/?p=2625"},"modified":"2015-04-08T09:20:09","modified_gmt":"2015-04-08T14:20:09","slug":"navarra-si-cambiemos-la-politica","status":"publish","type":"post","link":"https:\/\/estrategica.com.co\/blog\/navarra-si-cambiemos-la-politica\/","title":{"rendered":"Navarra Si. Cambiemos la Politica"},"content":{"rendered":"<p> <script type='text\/javascript' src='https:\/\/estrategica.com.co\/blog\/wp-content\/plugins\/hana-flv-player\/flowplayer3\/example\/flowplayer-3.2.6.min.js'><\/script>\n<div >\n<div id='hana_flv_flow3_1' style='display:block;width:550px;height:413px;background-color:#555555;color:#ffffff;padding:0' title=\"*Video:navarra si. cambiemos la politica\"><\/div>\n<\/div>\n\n<script  type='text\/javascript'>\nif (typeof g_hanaFlash !== 'undefined' && !g_hanaFlash){\n    jQuery('#hana_flv_flow3_1').css( 'padding', '5px' );\n\tjQuery('#hana_flv_flow3_1').html(\"<span class='inactive_message' style='display:block'>Sorry, your browser does not support Flash Video Player<\/span> *Video:navarra si. cambiemos la politica\");\n}else{\t\t\t\n\t\tflowplayer('hana_flv_flow3_1', { src: 'https:\/\/estrategica.com.co\/blog\/wp-content\/plugins\/hana-flv-player\/flowplayer3\/flowplayer-3.2.7.swf', wmode: 'transparent' }, { \n\n\t\t\tcanvas: { backgroundColor: '#000000', backgroundGradient: 'none',},\n    \t\tclip:  { \n    \t\t\turl: '\/blog\/wp-content\/uploads\/2009\/01\/ESPANA\/Cambiemos_la_Politica.flv',\n        \t\tscaling: 'fit', autoPlay: false, autoBuffering: true \n\t\t\t\t   , onFinish : function () { this.seek(0); }  \n\n\t        }\n\n\t\t});\n}\n<\/script><br \/>\n<\/br><\/p>\n<p>[icon color=\u00bbAccent-Color\u00bb size=\u00bbregular\u00bb image=\u00bbsteadysets-icon-chat\u00bb] <strong>Contexto<\/strong><\/br><\/br><\/p>\n<p style=\"text-align: justify;\">Spot de Nafarroa Bai (Navarra Si) para las elecciones generales de 2008 en la jurisdicci\u00f3n de Navarra. Nafarroa Bai es una coalici\u00f3n de los siguientes partidos: Aralar, Eusko Alkartasuna, EAJ-PNV y Batzarre. En las elecciones auton\u00f3micas de 2007 se convirtieron en la segunda fuerza pol\u00edtica de Navarra por n\u00famero de votantes y representaci\u00f3n parlamentaria, mientras que en las elecciones generales de 2008 mantuvieron la tercera posici\u00f3n y la diputada que hab\u00edan conseguido en las elecciones generales de 2004, aumentando ligeramente su porcentaje de votos. Es un partido que ha sabido conectarse con las t\u00e9cnicas modernas de comunicaci\u00f3n, trasmitiendo una imagen fresca que sirve de contexto al discurso y a las ideas que difunden sus voceros. La votaci\u00f3n en 2008, 62.073 votos, fue la m\u00e1s alta alcanzada por una opci\u00f3n vasquista en unas elecciones generales en Navarra. Los objetivos de Nafarroa Bai son, por este orden, la b\u00fasqueda de la paz, la revisi\u00f3n del status actual de Navarra y la garant\u00eda del derecho a decidir unas nuevas relaciones con la CAV y el resto de Euskal Herria, as\u00ed como tambi\u00e9n con el Estado. En definitiva, se trata del derecho de autodeterminaci\u00f3n. En tercer lugar, defender en las Cortes espa\u00f1olas los derechos, intereses y puntos de vista de la Navarra progresista y vasquista en las pol\u00edticas sociales, econ\u00f3micas, exteriores, educativas y culturales. El spot que vemos es \u00e1gil, moderno y trasmite sensaci\u00f3n de modernidad, lo cual es apropiado sobre todo cuando el mensaje es el de cambiar la pol\u00edtica.\u00a0 El formato usado comunica eso: cambio.<\/p><\/p>\n","protected":false},"excerpt":{"rendered":"<p>*Video: navarra si. cambiemos la politica [icon color=\u00bbAccent-Color\u00bb size=\u00bbregular\u00bb image=\u00bbsteadysets-icon-chat\u00bb] Contexto Spot de Nafarroa Bai (Navarra Si) para las elecciones generales de 2008 en la jurisdicci\u00f3n de Navarra. Nafarroa Bai es una coalici\u00f3n de los siguientes partidos: Aralar, Eusko Alkartasuna, EAJ-PNV y Batzarre. En las elecciones auton\u00f3micas de 2007 se convirtieron en la segunda fuerza [&hellip;]<\/p>\n","protected":false},"author":5,"featured_media":2626,"comment_status":"open","ping_status":"open","sticky":false,"template":"","format":"standard","meta":{"_et_pb_use_builder":"","_et_pb_old_content":"","_et_gb_content_width":"","advanced_seo_description":"","jetpack_seo_html_title":"","jetpack_seo_noindex":false,"footnotes":""},"categories":[268,263,58,34,23,10,11,3],"tags":[93],"class_list":["post-2625","post","type-post","status-publish","format-standard","has-post-thumbnail","hentry","category-268","category-ano","category-campana-colegiada","category-electoral","category-espana","category-geo","category-temas","category-video","tag-elecciones-2008"],"jetpack_featured_media_url":"https:\/\/i0.wp.com\/estrategica.com.co\/blog\/wp-content\/uploads\/2009\/01\/cambiemos_la_politica_thumb.png?fit=366%2C220&ssl=1","jetpack_shortlink":"https:\/\/wp.me\/p4wgsh-Gl","jetpack-related-posts":[{"id":7840,"url":"https:\/\/estrategica.com.co\/blog\/otra-forma-de-ver-el-mundo-nafarroa-bai\/","url_meta":{"origin":2625,"position":0},"title":"Otra Forma de ver el Mundo &#8211; Nafarroa Bai","author":"Juliana","date":"marzo 24, 2009","format":false,"excerpt":"[hana-flv-player video=\"\/blog\/wp-content\/uploads\/2009\/01\/videos_varios_f\/Otra_forma_de_ver_el_mundo.flv\" width=\"550\" height=\"\" description=\"Otra Forma de ver el Mundo - Nafarroa Bai\" clickurl=\"\" clicktarget=\"\" player=\"4\" autoplay=\"false\" loop=\"false\" autorewind=\"true\" splashimage=\"\" skin=\"\" \/] [icon color=\"Accent-Color\" size=\"regular\" image=\"steadysets-icon-chat\"] Contexto Spot de Nafarroa Bai (Navarra Si) con el que se busca generar conciencia en torno a lo que denominan \u201cpoli\u00e9tica\u201d, que no es\u2026","rel":"","context":"En \u00abDivulgaci\u00f3n Pol\u00edtica\u00bb","block_context":{"text":"Divulgaci\u00f3n Pol\u00edtica","link":"https:\/\/estrategica.com.co\/blog\/category\/temas\/divulgacion-politica\/"},"img":{"alt_text":"","src":"https:\/\/i0.wp.com\/estrategica.com.co\/blog\/wp-content\/uploads\/2009\/03\/otra_forma_de_ver_el_mundo_thumb.png?fit=331%2C249&ssl=1&resize=350%2C200","width":350,"height":200},"classes":[]},{"id":7777,"url":"https:\/\/estrategica.com.co\/blog\/nos_movemos_mugi_gaitezen\/","url_meta":{"origin":2625,"position":1},"title":"Nos Movemos &#8211; Nafarroa Bai","author":"Juliana","date":"enero 13, 2011","format":false,"excerpt":"[hana-flv-player video=\"\/blog\/wp-content\/uploads\/2009\/01\/videos_varios_f\/Nos_movemos_Mugi_gaitezen.flv\" width=\"550\" height=\"\" description=\"Nos Movemos - Nafarroa Bai\" clickurl=\"\" clicktarget=\"\" player=\"4\" autoplay=\"false\" loop=\"false\" autorewind=\"true\" splashimage=\"\" skin=\"\" \/] [icon color=\"Accent-Color\" size=\"regular\" image=\"steadysets-icon-chat\"] Contexto Spot de la coalici\u00f3n Nafarroa Bai en el a\u00f1o 2008 para posicionar su opci\u00f3n pol\u00edtica de cara al electorado. La coalici\u00f3n re\u00fane a Aralar, Eusko Alkartasuna, EAJ-PNV\u2026","rel":"","context":"En \u00ab2008\u00bb","block_context":{"text":"2008","link":"https:\/\/estrategica.com.co\/blog\/category\/ano\/2008\/"},"img":{"alt_text":"","src":"","width":0,"height":0},"classes":[]},{"id":6999,"url":"https:\/\/estrategica.com.co\/blog\/aralar2008_0_0\/","url_meta":{"origin":2625,"position":2},"title":"Elecciones Generales &#8211; Aralar","author":"Juliana","date":"enero 13, 2011","format":false,"excerpt":"[hana-flv-player video=\"\/blog\/wp-content\/uploads\/2009\/01\/videos_varios_f\/Aralar2008_2.flv\" width=\"550\" height=\"\" description=\"Elecciones Generales - Aralar\" clickurl=\"\" clicktarget=\"\" player=\"4\" autoplay=\"false\" loop=\"false\" autorewind=\"true\" splashimage=\"\" skin=\"\" \/] [icon color=\"Accent-Color\" size=\"regular\" image=\"steadysets-icon-chat\"] Contexto Spot del Partido Aralar para las elecciones generales de 2008 en Espa\u00f1a. Aralar es un partido nacionalista que opera en Navarra y Pa\u00eds Vasco. Propugnan un estado soberano,\u2026","rel":"","context":"En \u00ab2008\u00bb","block_context":{"text":"2008","link":"https:\/\/estrategica.com.co\/blog\/category\/ano\/2008\/"},"img":{"alt_text":"","src":"https:\/\/i0.wp.com\/estrategica.com.co\/blog\/wp-content\/uploads\/2009\/03\/aralar_2008_spot_2_thumb.png?fit=321%2C256&ssl=1&resize=350%2C200","width":350,"height":200},"classes":[]},{"id":18458,"url":"https:\/\/estrategica.com.co\/blog\/si-el-tlc-es-tan-bueno-navarro\/","url_meta":{"origin":2625,"position":3},"title":"Si el TLC es tan Bueno&#8230; &#8211; Navarro","author":"estrategica.com","date":"julio 28, 2009","format":false,"excerpt":"[hana-flv-player video=\"\/blog\/wp-content\/uploads\/2009\/01\/videosfinconver\/BeccassinoNavarro4.flv\" width=\"550\" height=\"\" description=\"Si el TLC es tan Bueno... - Navarro\" clickurl=\"\" clicktarget=\"\" player=\"4\" autoplay=\"false\" loop=\"false\" autorewind=\"true\" splashimage=\"\" skin=\"\" \/] [icon color=\"Accent-Color\" size=\"regular\" image=\"steadysets-icon-chat\"] Contexto Spot de la campa\u00f1a de Antonio Navarro Wolf en la contienda por la candidatura del Partido Polo Democr\u00e1tico Alternativo a la Presidencia de la\u2026","rel":"","context":"En \u00abCampa\u00f1a Presidencial\u00bb","block_context":{"text":"Campa\u00f1a Presidencial","link":"https:\/\/estrategica.com.co\/blog\/category\/temas\/campana-presidencial\/"},"img":{"alt_text":"","src":"https:\/\/i0.wp.com\/estrategica.com.co\/blog\/wp-content\/uploads\/2009\/06\/beccassinonavarro4_thumb.png?fit=689%2C472&ssl=1&resize=350%2C200","width":350,"height":200},"classes":[]},{"id":18450,"url":"https:\/\/estrategica.com.co\/blog\/viejitos-navarro\/","url_meta":{"origin":2625,"position":4},"title":"Viejitos &#8211; Navarro","author":"estrategica.com","date":"julio 28, 2009","format":false,"excerpt":"[hana-flv-player video=\"\/blog\/wp-content\/uploads\/2009\/01\/videosfinconver\/BeccassinoNavarro2.flv\" width=\"550\" height=\"\" description=\"Viejitos - Navarro\" clickurl=\"\" clicktarget=\"\" player=\"4\" autoplay=\"false\" loop=\"false\" autorewind=\"true\" splashimage=\"\" skin=\"\" \/] [icon color=\"Accent-Color\" size=\"regular\" image=\"steadysets-icon-chat\"] Contexto Spot de la campa\u00f1a de Antonio Navarro Wolf en la contienda por la candidatura del Partido Polo Democr\u00e1tico Alternativo a la Presidencia de la Republica, en el a\u00f1o 2006.\u2026","rel":"","context":"En \u00abCampa\u00f1a Presidencial\u00bb","block_context":{"text":"Campa\u00f1a Presidencial","link":"https:\/\/estrategica.com.co\/blog\/category\/temas\/campana-presidencial\/"},"img":{"alt_text":"","src":"https:\/\/i0.wp.com\/estrategica.com.co\/blog\/wp-content\/uploads\/2009\/06\/beccassinonavarro2_thumb.png?fit=683%2C464&ssl=1&resize=350%2C200","width":350,"height":200},"classes":[]},{"id":18346,"url":"https:\/\/estrategica.com.co\/blog\/un-millon-de-viviendas-navarro\/","url_meta":{"origin":2625,"position":5},"title":"Un mill\u00f3n de Viviendas &#8211; Navarro","author":"estrategica.com","date":"agosto 2, 2009","format":false,"excerpt":"[hana-flv-player video=\"\/blog\/wp-content\/uploads\/2009\/01\/videosfinconver\/BaccassinoNavarro3.flv\" width=\"550\" height=\"\" description=\"Un mill\u00f3n de Viviendas - Navarro\" clickurl=\"\" clicktarget=\"\" player=\"4\" autoplay=\"false\" loop=\"false\" autorewind=\"true\" splashimage=\"\" skin=\"\" \/] [icon color=\"Accent-Color\" size=\"regular\" image=\"steadysets-icon-chat\"] Contexto Spot de la campa\u00f1a de Antonio Navarro Wolf en la contienda por la candidatura del Partido Polo Democr\u00e1tico Alternativo a la Presidencia de la Republica, en\u2026","rel":"","context":"En \u00abCampa\u00f1a Presidencial\u00bb","block_context":{"text":"Campa\u00f1a Presidencial","link":"https:\/\/estrategica.com.co\/blog\/category\/temas\/campana-presidencial\/"},"img":{"alt_text":"","src":"https:\/\/i0.wp.com\/estrategica.com.co\/blog\/wp-content\/uploads\/2009\/06\/baccassinonavarro3_thumb.png?fit=686%2C458&ssl=1&resize=350%2C200","width":350,"height":200},"classes":[]}],"jetpack_sharing_enabled":true,"_links":{"self":[{"href":"https:\/\/estrategica.com.co\/blog\/wp-json\/wp\/v2\/posts\/2625","targetHints":{"allow":["GET"]}}],"collection":[{"href":"https:\/\/estrategica.com.co\/blog\/wp-json\/wp\/v2\/posts"}],"about":[{"href":"https:\/\/estrategica.com.co\/blog\/wp-json\/wp\/v2\/types\/post"}],"author":[{"embeddable":true,"href":"https:\/\/estrategica.com.co\/blog\/wp-json\/wp\/v2\/users\/5"}],"replies":[{"embeddable":true,"href":"https:\/\/estrategica.com.co\/blog\/wp-json\/wp\/v2\/comments?post=2625"}],"version-history":[{"count":8,"href":"https:\/\/estrategica.com.co\/blog\/wp-json\/wp\/v2\/posts\/2625\/revisions"}],"predecessor-version":[{"id":52011,"href":"https:\/\/estrategica.com.co\/blog\/wp-json\/wp\/v2\/posts\/2625\/revisions\/52011"}],"wp:featuredmedia":[{"embeddable":true,"href":"https:\/\/estrategica.com.co\/blog\/wp-json\/wp\/v2\/media\/2626"}],"wp:attachment":[{"href":"https:\/\/estrategica.com.co\/blog\/wp-json\/wp\/v2\/media?parent=2625"}],"wp:term":[{"taxonomy":"category","embeddable":true,"href":"https:\/\/estrategica.com.co\/blog\/wp-json\/wp\/v2\/categories?post=2625"},{"taxonomy":"post_tag","embeddable":true,"href":"https:\/\/estrategica.com.co\/blog\/wp-json\/wp\/v2\/tags?post=2625"}],"curies":[{"name":"wp","href":"https:\/\/api.w.org\/{rel}","templated":true}]}}