{"id":2643,"date":"2009-02-14T22:42:54","date_gmt":"2009-02-14T22:42:54","guid":{"rendered":"http:\/\/estrategica.com.co\/blog\/?p=2643"},"modified":"2015-04-08T09:27:42","modified_gmt":"2015-04-08T14:27:42","slug":"habla-canario-ponte-en-tu-sitio-2","status":"publish","type":"post","link":"https:\/\/estrategica.com.co\/blog\/habla-canario-ponte-en-tu-sitio-2\/","title":{"rendered":"Habla Canario, ponte en tu sitio"},"content":{"rendered":"<p> <script type='text\/javascript' src='https:\/\/estrategica.com.co\/blog\/wp-content\/plugins\/hana-flv-player\/flowplayer3\/example\/flowplayer-3.2.6.min.js'><\/script>\n<div >\n<div id='hana_flv_flow3_1' style='display:block;width:550px;height:413px;background-color:#555555;color:#ffffff;padding:0' title=\"*Video:habla canario, ponte en tu sitio\"><\/div>\n<\/div>\n\n<script  type='text\/javascript'>\nif (typeof g_hanaFlash !== 'undefined' && !g_hanaFlash){\n    jQuery('#hana_flv_flow3_1').css( 'padding', '5px' );\n\tjQuery('#hana_flv_flow3_1').html(\"<span class='inactive_message' style='display:block'>Sorry, your browser does not support Flash Video Player<\/span> *Video:habla canario, ponte en tu sitio\");\n}else{\t\t\t\n\t\tflowplayer('hana_flv_flow3_1', { src: 'https:\/\/estrategica.com.co\/blog\/wp-content\/plugins\/hana-flv-player\/flowplayer3\/flowplayer-3.2.7.swf', wmode: 'transparent' }, { \n\n\t\t\tcanvas: { backgroundColor: '#000000', backgroundGradient: 'none',},\n    \t\tclip:  { \n    \t\t\turl: '\/blog\/wp-content\/uploads\/2009\/01\/ESPANA\/Canarios_Ponte_en_tu_Sitio.flv',\n        \t\tscaling: 'fit', autoPlay: false, autoBuffering: true \n\t\t\t\t   , onFinish : function () { this.seek(0); }  \n\n\t        }\n\n\t\t});\n}\n<\/script><br \/>\n<\/br><\/p>\n<p>[icon color=\u00bbAccent-Color\u00bb size=\u00bbregular\u00bb image=\u00bbsteadysets-icon-chat\u00bb] <strong>Contexto<\/strong><\/br><\/br><\/p>\n<p style=\"text-align: justify;\">Campa\u00f1a de la coalici\u00f3n canaria para las elecciones del 9 de marzo de 2008.\u00a0 La coalici\u00f3n canaria quiere mantener los tres diputado que logr\u00f3 durante las elecciones de 2004, por eso, los estrategas de campa\u00f1a decidieron apelar a la autoestima y el sentido de dignidad.\u00a0 La idea es que los canarios han sido maltratados, minimizados e ignorados por las instancias de poder. \u201cHabla canario, ponte en tu sitio\u201d, expresa el lema en algo que parece un grito de batalla. a estrategia publicitaria, se inici\u00f3 con una cu\u00f1a de radio con el siguiente texto: \u201cHa llamado al Palacio de La Moncloa. Si llama desde Catalu\u00f1a, marque el uno; si llama desde el Pa\u00eds Vasco, marque el dos; si llama desde Andaluc\u00eda, marque el tres. Si llama desde Canarias, espere\u201d. El cierre de la cu\u00f1a expresa en tono beligerante \u201cCanarias est\u00e1 harta de esperar. Habla canario, ponte en tu sitio\u201d.\u00a0 El spot que vemos muestra a los distintos candidatos de la coalici\u00f3n pronunciando el slogan de la campa\u00f1a. La campa\u00f1a fue llamativa y gener\u00f3 recordaci\u00f3n, sin embargo, la coalici\u00f3n perdi\u00f3 un diputado y solo obtuvo dos.<\/p><\/p>\n","protected":false},"excerpt":{"rendered":"<p>*Video: habla canario, ponte en tu sitio [icon color=\u00bbAccent-Color\u00bb size=\u00bbregular\u00bb image=\u00bbsteadysets-icon-chat\u00bb] Contexto Campa\u00f1a de la coalici\u00f3n canaria para las elecciones del 9 de marzo de 2008.\u00a0 La coalici\u00f3n canaria quiere mantener los tres diputado que logr\u00f3 durante las elecciones de 2004, por eso, los estrategas de campa\u00f1a decidieron apelar a la autoestima y el sentido [&hellip;]<\/p>\n","protected":false},"author":5,"featured_media":2644,"comment_status":"open","ping_status":"open","sticky":false,"template":"","format":"standard","meta":{"_et_pb_use_builder":"","_et_pb_old_content":"","_et_gb_content_width":"","advanced_seo_description":"","jetpack_seo_html_title":"","jetpack_seo_noindex":false,"footnotes":""},"categories":[268,263,58,34,23,10,11,3],"tags":[252,93],"class_list":["post-2643","post","type-post","status-publish","format-standard","has-post-thumbnail","hentry","category-268","category-ano","category-campana-colegiada","category-electoral","category-espana","category-geo","category-temas","category-video","tag-coalicion-canaria","tag-elecciones-2008"],"jetpack_featured_media_url":"https:\/\/i0.wp.com\/estrategica.com.co\/blog\/wp-content\/uploads\/2009\/01\/canarios_ponte_en_tu_sitio_thumb.png?fit=313%2C237&ssl=1","jetpack_shortlink":"https:\/\/wp.me\/p4wgsh-GD","jetpack-related-posts":[{"id":2634,"url":"https:\/\/estrategica.com.co\/blog\/habla-canario-ponte-en-tu-sitio-3\/","url_meta":{"origin":2643,"position":0},"title":"Habla Canario, ponte en tu sitio","author":"Juliana","date":"febrero 14, 2009","format":false,"excerpt":"[hana-flv-player video=\"\/blog\/wp-content\/uploads\/2009\/01\/ESPANA\/Canario_Ponte_en_tu_Sitio.flv\" width=\"550\" height=\"\" description=\"Habla Canario, ponte en tu sitio\" clickurl=\"\" clicktarget=\"\" player=\"4\" autoplay=\"false\" loop=\"false\" autorewind=\"true\" splashimage=\"\" skin=\"\" \/] [icon color=\"Accent-Color\" size=\"regular\" image=\"steadysets-icon-chat\"] Contexto Campa\u00f1a de la coalici\u00f3n canaria para las elecciones del 9 de marzo de 2008.\u00a0 La coalici\u00f3n canaria quiere mantener los tres diputado que logr\u00f3 durante las\u2026","rel":"","context":"En \u00ab2008\u00bb","block_context":{"text":"2008","link":"https:\/\/estrategica.com.co\/blog\/category\/ano\/2008\/"},"img":{"alt_text":"","src":"","width":0,"height":0},"classes":[]},{"id":2647,"url":"https:\/\/estrategica.com.co\/blog\/yo-siento-esta-tierra-habla-canario-ponte-en-tu-sitio\/","url_meta":{"origin":2643,"position":1},"title":"Yo siento esta tierra. Habla Canario, ponte en tu sitio","author":"Juliana","date":"febrero 14, 2009","format":false,"excerpt":"[hana-flv-player video=\"\/blog\/wp-content\/uploads\/2009\/01\/ESPANA\/Canarios_Ponte_en_tu_Sitio1.flv\" width=\"550\" height=\"\" description=\"Yo siento esta tierra. Habla Canario, ponte en tu sitio\" clickurl=\"\" clicktarget=\"\" player=\"4\" autoplay=\"false\" loop=\"false\" autorewind=\"true\" splashimage=\"\" skin=\"\" \/] [icon color=\"Accent-Color\" size=\"regular\" image=\"steadysets-icon-chat\"] Contexto Campa\u00f1a de la coalici\u00f3n canaria para las elecciones del 9 de marzo de 2008.\u00a0 La coalici\u00f3n canaria quiere mantener los tres diputado\u2026","rel":"","context":"En \u00ab2008\u00bb","block_context":{"text":"2008","link":"https:\/\/estrategica.com.co\/blog\/category\/ano\/2008\/"},"img":{"alt_text":"","src":"https:\/\/i0.wp.com\/estrategica.com.co\/blog\/wp-content\/uploads\/2009\/01\/canarios_ponte_en_tu_sitio1_thumb1.png?fit=315%2C237&ssl=1&resize=350%2C200","width":350,"height":200},"classes":[]},{"id":2651,"url":"https:\/\/estrategica.com.co\/blog\/habla-canario-ponte-en-tu-sitio\/","url_meta":{"origin":2643,"position":2},"title":"Habla Canario, ponte en tu sitio","author":"Juliana","date":"febrero 14, 2009","format":false,"excerpt":"[hana-flv-player video=\"\/blog\/wp-content\/uploads\/2009\/01\/ESPANA\/Canarios_Ponte_en_tu_Sitio2.flv\" width=\"550\" height=\"\" description=\"Habla Canario, ponte en tu sitio\" clickurl=\"\" clicktarget=\"\" player=\"4\" autoplay=\"false\" loop=\"false\" autorewind=\"true\" splashimage=\"\" skin=\"\" \/] [icon color=\"Accent-Color\" size=\"regular\" image=\"steadysets-icon-chat\"] Contexto Campa\u00f1a de la coalici\u00f3n canaria para las elecciones del 9 de marzo de 2008.\u00a0 La coalici\u00f3n canaria quiere mantener los tres diputado que logr\u00f3 durante las\u2026","rel":"","context":"En \u00ab2008\u00bb","block_context":{"text":"2008","link":"https:\/\/estrategica.com.co\/blog\/category\/ano\/2008\/"},"img":{"alt_text":"","src":"https:\/\/i0.wp.com\/estrategica.com.co\/blog\/wp-content\/uploads\/2009\/01\/canarios_ponte_en_tu_sitio2_thumb.png?fit=313%2C239&ssl=1&resize=350%2C200","width":350,"height":200},"classes":[]},{"id":2630,"url":"https:\/\/estrategica.com.co\/blog\/canarias\/","url_meta":{"origin":2643,"position":3},"title":"Habla Canario, ponte en tu sitio","author":"Juliana","date":"enero 14, 2009","format":false,"excerpt":"[hana-flv-player video=\"\/blog\/wp-content\/uploads\/2009\/01\/ESPANA\/Canarias.flv\" width=\"550\" height\"\" description=\"Habla Canario, ponte en tu sitio\" clickurl=\"\" clicktarget=\"\" player=\"4\" autoplay=\"false\" loop=\"false\" autorewind=\"false\" splashimage=\"\" skin=\"\" \/] [icon color=\"Accent-Color\" size=\"regular\" image=\"steadysets-icon-chat\"] Contexto Campa\u00f1a de la coalici\u00f3n canaria para las elecciones del 9 de marzo de 2008.\u00a0 La coalici\u00f3n canaria quiere mantener los tres diputado que logr\u00f3 durante las\u2026","rel":"","context":"En \u00abCampa\u00f1a Cuerpo Colegiado\u00bb","block_context":{"text":"Campa\u00f1a Cuerpo Colegiado","link":"https:\/\/estrategica.com.co\/blog\/category\/temas\/campana-colegiada\/"},"img":{"alt_text":"","src":"https:\/\/i0.wp.com\/estrategica.com.co\/blog\/wp-content\/uploads\/2009\/01\/canarias_thumb.png?fit=317%2C237&ssl=1&resize=350%2C200","width":350,"height":200},"classes":[]},{"id":24490,"url":"https:\/\/estrategica.com.co\/blog\/todas-como-maria-instituto-canario-de-la-mujer\/","url_meta":{"origin":2643,"position":4},"title":"Todas como Mar\u00eda &#8211; Instituto Canario de la Mujer","author":"Juliana","date":"agosto 15, 2010","format":false,"excerpt":"[hana-flv-player video=\"\/blog\/wp-content\/uploads\/2009\/01\/20100708\/SpotViolencianeroCabildodeLaPalmamov.flv\" width=\"550\" height=\"\" description=\"Todas como Mar\u00eda - Instituto Canario de la Mujer\" clickurl=\"\" clicktarget=\"\" player=\"4\" autoplay=\"false\" loop=\"false\" autorewind=\"true\" splashimage=\"\" skin=\"\" \/] [icon color=\"Accent-Color\" size=\"regular\" image=\"steadysets-icon-chat\"] Contexto Spot contra la Violencia de Genero realizado por el Cabildo de la Palma en 2010. La pieza es interesante en la medida en\u2026","rel":"","context":"En \u00ab2010\u00bb","block_context":{"text":"2010","link":"https:\/\/estrategica.com.co\/blog\/category\/ano\/2010\/"},"img":{"alt_text":"","src":"https:\/\/i0.wp.com\/estrategica.com.co\/blog\/wp-content\/uploads\/2010\/07\/SpotViolencianeroCabildodeLaPalmamov_thumb.png?fit=622%2C510&ssl=1&resize=350%2C200","width":350,"height":200},"classes":[]},{"id":18572,"url":"https:\/\/estrategica.com.co\/blog\/el-gato-y-el-pajarito-maluf\/","url_meta":{"origin":2643,"position":5},"title":"El Gato y el Pajarito &#8211; Maluf","author":"estrategica.com","date":"septiembre 23, 2009","format":false,"excerpt":"[hana-flv-player video=\"\/blog\/wp-content\/uploads\/2009\/01\/videosfinconver\/MalufGatoyPassarinho.flv\" width=\"550\" height=\"\" description=\"El Gato y el Pajarito - Maluf\" clickurl=\"\" clicktarget=\"\" player=\"4\" autoplay=\"false\" loop=\"false\" autorewind=\"true\" splashimage=\"\" skin=\"\" \/] [icon color=\"Accent-Color\" size=\"regular\" image=\"steadysets-icon-chat\"] Contexto Spot de la campa\u00f1a de Paulo Maluf a la gobernaci\u00f3n de Sao Paulo, en la contienda electoral de 1998. Maluf es un acaudalado empresario que\u2026","rel":"","context":"En \u00abBrazil\u00bb","block_context":{"text":"Brazil","link":"https:\/\/estrategica.com.co\/blog\/category\/geo\/america\/brazil\/"},"img":{"alt_text":"","src":"https:\/\/i0.wp.com\/estrategica.com.co\/blog\/wp-content\/uploads\/2009\/06\/malufgatoypassarinho_thumb.png?fit=566%2C494&ssl=1&resize=350%2C200","width":350,"height":200},"classes":[]}],"jetpack_sharing_enabled":true,"_links":{"self":[{"href":"https:\/\/estrategica.com.co\/blog\/wp-json\/wp\/v2\/posts\/2643","targetHints":{"allow":["GET"]}}],"collection":[{"href":"https:\/\/estrategica.com.co\/blog\/wp-json\/wp\/v2\/posts"}],"about":[{"href":"https:\/\/estrategica.com.co\/blog\/wp-json\/wp\/v2\/types\/post"}],"author":[{"embeddable":true,"href":"https:\/\/estrategica.com.co\/blog\/wp-json\/wp\/v2\/users\/5"}],"replies":[{"embeddable":true,"href":"https:\/\/estrategica.com.co\/blog\/wp-json\/wp\/v2\/comments?post=2643"}],"version-history":[{"count":6,"href":"https:\/\/estrategica.com.co\/blog\/wp-json\/wp\/v2\/posts\/2643\/revisions"}],"predecessor-version":[{"id":52015,"href":"https:\/\/estrategica.com.co\/blog\/wp-json\/wp\/v2\/posts\/2643\/revisions\/52015"}],"wp:featuredmedia":[{"embeddable":true,"href":"https:\/\/estrategica.com.co\/blog\/wp-json\/wp\/v2\/media\/2644"}],"wp:attachment":[{"href":"https:\/\/estrategica.com.co\/blog\/wp-json\/wp\/v2\/media?parent=2643"}],"wp:term":[{"taxonomy":"category","embeddable":true,"href":"https:\/\/estrategica.com.co\/blog\/wp-json\/wp\/v2\/categories?post=2643"},{"taxonomy":"post_tag","embeddable":true,"href":"https:\/\/estrategica.com.co\/blog\/wp-json\/wp\/v2\/tags?post=2643"}],"curies":[{"name":"wp","href":"https:\/\/api.w.org\/{rel}","templated":true}]}}