{"id":2677,"date":"2009-02-14T02:09:42","date_gmt":"2009-02-14T02:09:42","guid":{"rendered":"http:\/\/estrategica.com.co\/blog\/?p=2677"},"modified":"2015-04-08T09:45:54","modified_gmt":"2015-04-08T14:45:54","slug":"%c2%bfconoces-algun-parlamentario-aragones-en-madrid","status":"publish","type":"post","link":"https:\/\/estrategica.com.co\/blog\/%c2%bfconoces-algun-parlamentario-aragones-en-madrid\/","title":{"rendered":"\u00bfCONOCES ALGUN PARLAMENTARIO ARAGONES EN MADRID?"},"content":{"rendered":"<p> <script type='text\/javascript' src='https:\/\/estrategica.com.co\/blog\/wp-content\/plugins\/hana-flv-player\/flowplayer3\/example\/flowplayer-3.2.6.min.js'><\/script>\n<div >\n<div id='hana_flv_flow3_1' style='display:block;width:550px;height:413px;background-color:#555555;color:#ffffff;padding:0' title=\"*Video:\u00bfconoces algun parlamentario aragones en madrid?\"><\/div>\n<\/div>\n\n<script  type='text\/javascript'>\nif (typeof g_hanaFlash !== 'undefined' && !g_hanaFlash){\n    jQuery('#hana_flv_flow3_1').css( 'padding', '5px' );\n\tjQuery('#hana_flv_flow3_1').html(\"<span class='inactive_message' style='display:block'>Sorry, your browser does not support Flash Video Player<\/span> *Video:\u00bfconoces algun parlamentario aragones en madrid?\");\n}else{\t\t\t\n\t\tflowplayer('hana_flv_flow3_1', { src: 'https:\/\/estrategica.com.co\/blog\/wp-content\/plugins\/hana-flv-player\/flowplayer3\/flowplayer-3.2.7.swf', wmode: 'transparent' }, { \n\n\t\t\tcanvas: { backgroundColor: '#000000', backgroundGradient: 'none',},\n    \t\tclip:  { \n    \t\t\turl: '\/blog\/wp-content\/uploads\/2009\/01\/ESPANA\/Conoces_Paralamentarios_Aragoneces.flv',\n        \t\tscaling: 'fit', autoPlay: false, autoBuffering: true \n\t\t\t\t   , onFinish : function () { this.seek(0); }  \n\n\t        }\n\n\t\t});\n}\n<\/script><br \/>\n<\/br><\/p>\n<p>[icon color=\u00bbAccent-Color\u00bb size=\u00bbregular\u00bb image=\u00bbsteadysets-icon-chat\u00bb] <strong>Contexto<\/strong><\/br><\/br><\/p>\n<p style=\"text-align: justify;\">Spot de campa\u00f1a de la \u201cChunta Aragonesista\u201d o Junta Aragonesa.\u00a0 En \u00e9l se hace una pregunta contundente: \u00bfCONOCES ALGUN PARLAMENTARIO ARAGONES EN MADRID? Y ante la incertidumbre de un tr\u00edo de j\u00f3venes los candidatos nos informan que hay veintitantos que se notan muy poquito. Un spot divertido que genera un mensaje persuasivo pol\u00edticamente y propicia recordaci\u00f3n a trav\u00e9s del humor. El slogan: \u201cArag\u00f3n con m\u00e1s fuerza\u201d es bueno y tiene la versatilidad de referirse a todo.<\/p><\/p>\n","protected":false},"excerpt":{"rendered":"<p>*Video: \u00bfconoces algun parlamentario aragones en madrid? [icon color=\u00bbAccent-Color\u00bb size=\u00bbregular\u00bb image=\u00bbsteadysets-icon-chat\u00bb] Contexto Spot de campa\u00f1a de la \u201cChunta Aragonesista\u201d o Junta Aragonesa.\u00a0 En \u00e9l se hace una pregunta contundente: \u00bfCONOCES ALGUN PARLAMENTARIO ARAGONES EN MADRID? Y ante la incertidumbre de un tr\u00edo de j\u00f3venes los candidatos nos informan que hay veintitantos que se notan muy [&hellip;]<\/p>\n","protected":false},"author":5,"featured_media":2678,"comment_status":"open","ping_status":"open","sticky":false,"template":"","format":"standard","meta":{"_et_pb_use_builder":"","_et_pb_old_content":"","_et_gb_content_width":"","advanced_seo_description":"","jetpack_seo_html_title":"","jetpack_seo_noindex":false,"footnotes":""},"categories":[268,263,58,34,23,10,11,3],"tags":[93],"class_list":["post-2677","post","type-post","status-publish","format-standard","has-post-thumbnail","hentry","category-268","category-ano","category-campana-colegiada","category-electoral","category-espana","category-geo","category-temas","category-video","tag-elecciones-2008"],"jetpack_featured_media_url":"https:\/\/i0.wp.com\/estrategica.com.co\/blog\/wp-content\/uploads\/2009\/01\/conoces_paralamentarios_aragoneces_thumb.png?fit=320%2C168&ssl=1","jetpack_shortlink":"https:\/\/wp.me\/p4wgsh-Hb","jetpack-related-posts":[{"id":2621,"url":"https:\/\/estrategica.com.co\/blog\/junta-aragonesa-futbol\/","url_meta":{"origin":2677,"position":0},"title":"Junta Aragonesa: Futbol","author":"Juliana","date":"febrero 14, 2009","format":false,"excerpt":"[hana-flv-player video=\"\/blog\/wp-content\/uploads\/2009\/01\/ESPANA\/Aragon_Futbol.flv\" width=\"550\" height=\"\" description=\"Junta Aragonesa: Futbol\" clickurl=\"\" clicktarget=\"\" player=\"4\" autoplay=\"false\" loop=\"false\" autorewind=\"true\" splashimage=\"\" skin=\"\" \/] [icon color=\"Accent-Color\" size=\"regular\" image=\"steadysets-icon-chat\"] Contexto Divertido spot de la Junta Aragonesa en donde se utilizan los comportamientos del futbol para evidenciar la importancia de que Arag\u00f3n tenga una voz en Madrid.\u00a0 La idea es\u2026","rel":"","context":"En \u00ab2008\u00bb","block_context":{"text":"2008","link":"https:\/\/estrategica.com.co\/blog\/category\/ano\/2008\/"},"img":{"alt_text":"","src":"","width":0,"height":0},"classes":[]},{"id":2777,"url":"https:\/\/estrategica.com.co\/blog\/aragon-con-mas-fuerza-euro\/","url_meta":{"origin":2677,"position":1},"title":"Arag\u00f3n con m\u00e1s fuerza &#8211; Euro","author":"Juliana","date":"enero 25, 2009","format":false,"excerpt":"[hana-flv-player video=\"\/blog\/wp-content\/uploads\/2009\/01\/ESPANA\/Spot_Aragon.flv\" width=\"550\" height=\"\" description=\"Arag\u00f3n con m\u00e1s fuerza - Euro\" clickurl=\"\" clicktarget=\"\" player=\"4\" autoplay=\"false\" loop=\"false\" autorewind=\"true\" splashimage=\"\" skin=\"\" \/] [icon color=\"Accent-Color\" size=\"regular\" image=\"steadysets-icon-chat\"] Contexto Spot de la \u201cChunta Aragonesista\u201d o Junta Aragonesa. En este Spot, como en otros, se apela al sarcasmo y al humor para llamar la atenci\u00f3n sobre\u2026","rel":"","context":"En \u00abCampa\u00f1a Cuerpo Colegiado\u00bb","block_context":{"text":"Campa\u00f1a Cuerpo Colegiado","link":"https:\/\/estrategica.com.co\/blog\/category\/temas\/campana-colegiada\/"},"img":{"alt_text":"","src":"","width":0,"height":0},"classes":[]},{"id":2823,"url":"https:\/\/estrategica.com.co\/blog\/aragon-con-mas-fuerza-tunel\/","url_meta":{"origin":2677,"position":2},"title":"Arag\u00f3n con m\u00e1s fuerza &#8211; Tunel","author":"Juliana","date":"enero 24, 2009","format":false,"excerpt":"[hana-flv-player video=\"\/blog\/wp-content\/uploads\/2009\/01\/ESPANA\/Tunel_Spot_Aragon.flv\" width=\"550\" height=\"\" description=\"Arag\u00f3n con m\u00e1s fuerza - Tunel\" clickurl=\"\" clicktarget=\"\" player=\"4\" autoplay=\"false\" loop=\"false\" autorewind=\"true\" splashimage=\"\" skin=\"\" \/] [icon color=\"Accent-Color\" size=\"regular\" image=\"steadysets-icon-chat\"] Contexto Maravilloso Spot de la \u201cChunta Aragonesista\u201d o Junta Aragonesa. En este Spot se apela al sarcasmo y al humor para llamar la atenci\u00f3n sobre los planes\u2026","rel":"","context":"En \u00abCampa\u00f1a Cuerpo Colegiado\u00bb","block_context":{"text":"Campa\u00f1a Cuerpo Colegiado","link":"https:\/\/estrategica.com.co\/blog\/category\/temas\/campana-colegiada\/"},"img":{"alt_text":"","src":"","width":0,"height":0},"classes":[]},{"id":16826,"url":"https:\/\/estrategica.com.co\/blog\/las-manos-en-el-fuego-pan\/","url_meta":{"origin":2677,"position":3},"title":"Las Manos en el Fuego &#8211; PAN","author":"estrategica.com","date":"octubre 13, 2009","format":false,"excerpt":"[hana-flv-player video=\"\/blog\/wp-content\/uploads\/2009\/01\/videosultimosconver\/ajustecuentasPRI.flv\" width=\"550\" height=\"\" description=\"Las Manos en el Fuego - PAN\" clickurl=\"\" clicktarget=\"\" player=\"4\" autoplay=\"false\" loop=\"false\" autorewind=\"true\" splashimage=\"\" skin=\"\" \/] [icon color=\"Accent-Color\" size=\"regular\" image=\"steadysets-icon-chat\"] Contexto Spot del PAN para atacar al PRI durante las elecciones parlamentarias de 2009. En la pieza se muestra al Presidente Miguel de la Madrid arrepentido\u2026","rel":"","context":"En \u00abCampa\u00f1a Cuerpo Colegiado\u00bb","block_context":{"text":"Campa\u00f1a Cuerpo Colegiado","link":"https:\/\/estrategica.com.co\/blog\/category\/temas\/campana-colegiada\/"},"img":{"alt_text":"","src":"https:\/\/i0.wp.com\/estrategica.com.co\/blog\/wp-content\/uploads\/2009\/06\/ajustecuentaspri_thumb.png?fit=410%2C322&ssl=1&resize=350%2C200","width":350,"height":200},"classes":[]},{"id":58823,"url":"https:\/\/estrategica.com.co\/blog\/tumueveseuropaimaginapost\/","url_meta":{"origin":2677,"position":4},"title":"Tu Mueves Europa Imagina &#8211; PSOE","author":"Juliana","date":"marzo 8, 2017","format":false,"excerpt":"[hana-flv-player video=\"http:\/\/estrategica.com.co\/blog\/wp-content\/uploads\/2015\/05\/TuMuevesEuropaImagina.flv\" width=\"550\" height=\"\" description=\"TuMuevesEuropaImagina\" clickurl=\"\" clicktarget=\"\" player=\"4\" autoplay=\"false\" loop=\"false\" autorewind=\"false\" splashimage=\"\" skin=\"\" \/] [icon color=\"Accent-Color\" size=\"regular\" image=\"steadysets-icon-chat\"] Contexto \u00a0 Spot de la Campa\u00f1a del Partido Socialista Espa\u00f1ol, PSOE, a las elecciones al Parlamento Europea de 2014 en las listas que encabezaba Elena Valenciano. El slogan de campa\u00f1a fue Tu\u2026","rel":"","context":"En \u00ab2014\u00bb","block_context":{"text":"2014","link":"https:\/\/estrategica.com.co\/blog\/category\/ano\/2014\/"},"img":{"alt_text":"","src":"https:\/\/i0.wp.com\/estrategica.com.co\/blog\/wp-content\/uploads\/2015\/05\/TuMuevesEuropaImagina_thumb.png?fit=808%2C475&ssl=1&resize=350%2C200","width":350,"height":200},"classes":[]},{"id":2625,"url":"https:\/\/estrategica.com.co\/blog\/navarra-si-cambiemos-la-politica\/","url_meta":{"origin":2677,"position":5},"title":"Navarra Si. Cambiemos la Politica","author":"Juliana","date":"febrero 14, 2009","format":false,"excerpt":"[hana-flv-player video=\"\/blog\/wp-content\/uploads\/2009\/01\/ESPANA\/Cambiemos_la_Politica.flv\" width=\"550\" height=\"\" description=\"Navarra Si. Cambiemos la Politica\" clickurl=\"\" clicktarget=\"\" player=\"4\" autoplay=\"false\" loop=\"false\" autorewind=\"true\" splashimage=\"\" skin=\"\" \/] [icon color=\"Accent-Color\" size=\"regular\" image=\"steadysets-icon-chat\"] Contexto Spot de Nafarroa Bai (Navarra Si) para las elecciones generales de 2008 en la jurisdicci\u00f3n de Navarra. Nafarroa Bai es una coalici\u00f3n de los siguientes partidos: Aralar,\u2026","rel":"","context":"En \u00ab2008\u00bb","block_context":{"text":"2008","link":"https:\/\/estrategica.com.co\/blog\/category\/ano\/2008\/"},"img":{"alt_text":"","src":"https:\/\/i0.wp.com\/estrategica.com.co\/blog\/wp-content\/uploads\/2009\/01\/cambiemos_la_politica_thumb.png?fit=366%2C220&ssl=1&resize=350%2C200","width":350,"height":200},"classes":[]}],"jetpack_sharing_enabled":true,"_links":{"self":[{"href":"https:\/\/estrategica.com.co\/blog\/wp-json\/wp\/v2\/posts\/2677","targetHints":{"allow":["GET"]}}],"collection":[{"href":"https:\/\/estrategica.com.co\/blog\/wp-json\/wp\/v2\/posts"}],"about":[{"href":"https:\/\/estrategica.com.co\/blog\/wp-json\/wp\/v2\/types\/post"}],"author":[{"embeddable":true,"href":"https:\/\/estrategica.com.co\/blog\/wp-json\/wp\/v2\/users\/5"}],"replies":[{"embeddable":true,"href":"https:\/\/estrategica.com.co\/blog\/wp-json\/wp\/v2\/comments?post=2677"}],"version-history":[{"count":13,"href":"https:\/\/estrategica.com.co\/blog\/wp-json\/wp\/v2\/posts\/2677\/revisions"}],"predecessor-version":[{"id":52022,"href":"https:\/\/estrategica.com.co\/blog\/wp-json\/wp\/v2\/posts\/2677\/revisions\/52022"}],"wp:featuredmedia":[{"embeddable":true,"href":"https:\/\/estrategica.com.co\/blog\/wp-json\/wp\/v2\/media\/2678"}],"wp:attachment":[{"href":"https:\/\/estrategica.com.co\/blog\/wp-json\/wp\/v2\/media?parent=2677"}],"wp:term":[{"taxonomy":"category","embeddable":true,"href":"https:\/\/estrategica.com.co\/blog\/wp-json\/wp\/v2\/categories?post=2677"},{"taxonomy":"post_tag","embeddable":true,"href":"https:\/\/estrategica.com.co\/blog\/wp-json\/wp\/v2\/tags?post=2677"}],"curies":[{"name":"wp","href":"https:\/\/api.w.org\/{rel}","templated":true}]}}