{"id":2718,"date":"2009-01-26T16:46:59","date_gmt":"2009-01-26T16:46:59","guid":{"rendered":"http:\/\/estrategica.com.co\/blog\/?p=2718"},"modified":"2015-04-08T11:14:21","modified_gmt":"2015-04-08T16:14:21","slug":"ni-espectaculos-ni-parafernalia-iu","status":"publish","type":"post","link":"https:\/\/estrategica.com.co\/blog\/ni-espectaculos-ni-parafernalia-iu\/","title":{"rendered":"Ni espect\u00e1culos ni parafernalia &#8211; IU"},"content":{"rendered":"<p> <script type='text\/javascript' src='https:\/\/estrategica.com.co\/blog\/wp-content\/plugins\/hana-flv-player\/flowplayer3\/example\/flowplayer-3.2.6.min.js'><\/script>\n<div >\n<div id='hana_flv_flow3_1' style='display:block;width:550px;height:413px;background-color:#555555;color:#ffffff;padding:0' title=\"*Video:ni espect\u00e1culos ni parafernalia - iu\"><\/div>\n<\/div>\n\n<script  type='text\/javascript'>\nif (typeof g_hanaFlash !== 'undefined' && !g_hanaFlash){\n    jQuery('#hana_flv_flow3_1').css( 'padding', '5px' );\n\tjQuery('#hana_flv_flow3_1').html(\"<span class='inactive_message' style='display:block'>Sorry, your browser does not support Flash Video Player<\/span> *Video:ni espect\u00e1culos ni parafernalia - iu\");\n}else{\t\t\t\n\t\tflowplayer('hana_flv_flow3_1', { src: 'https:\/\/estrategica.com.co\/blog\/wp-content\/plugins\/hana-flv-player\/flowplayer3\/flowplayer-3.2.7.swf', wmode: 'transparent' }, { \n\n\t\t\tcanvas: { backgroundColor: '#000000', backgroundGradient: 'none',},\n    \t\tclip:  { \n    \t\t\turl: '\/blog\/wp-content\/uploads\/2009\/01\/ESPANA\/IZQUIERDA_UNIDA_PARAFERNALIA.flv',\n        \t\tscaling: 'fit', autoPlay: false, autoBuffering: true \n\t\t\t\t   , onFinish : function () { this.seek(0); }  \n\n\t        }\n\n\t\t});\n}\n<\/script><br \/>\n<\/br><\/p>\n<p>[icon color=\u00bbAccent-Color\u00bb size=\u00bbregular\u00bb image=\u00bbsteadysets-icon-chat\u00bb] <strong>Contexto<\/strong><\/br><\/br><\/p>\n<p style=\"text-align: justify;\">Spot de Izquierda Unida en donde se escenifican en forma caricaturesca algunas actitudes propias de la pol\u00edtica y las campa\u00f1as electorales para luego aclarar que Izquierda Unida no hace campa\u00f1as as\u00ed sino con ideas. Un formato visual novedoso que sin embargo no deja un mensaje pol\u00edtico rentable en la medida en que no se posicionan propuestas.<\/p><\/p>\n","protected":false},"excerpt":{"rendered":"<p>*Video: ni espect\u00e1culos ni parafernalia &#8211; iu [icon color=\u00bbAccent-Color\u00bb size=\u00bbregular\u00bb image=\u00bbsteadysets-icon-chat\u00bb] Contexto Spot de Izquierda Unida en donde se escenifican en forma caricaturesca algunas actitudes propias de la pol\u00edtica y las campa\u00f1as electorales para luego aclarar que Izquierda Unida no hace campa\u00f1as as\u00ed sino con ideas. Un formato visual novedoso que sin embargo no deja [&hellip;]<\/p>\n","protected":false},"author":5,"featured_media":2719,"comment_status":"open","ping_status":"open","sticky":false,"template":"","format":"standard","meta":{"_et_pb_use_builder":"","_et_pb_old_content":"","_et_gb_content_width":"","advanced_seo_description":"","jetpack_seo_html_title":"","jetpack_seo_noindex":false,"footnotes":""},"categories":[58,34,23,10,11,3],"tags":[93,193],"class_list":["post-2718","post","type-post","status-publish","format-standard","has-post-thumbnail","hentry","category-campana-colegiada","category-electoral","category-espana","category-geo","category-temas","category-video","tag-elecciones-2008","tag-izquierda-unida"],"jetpack_featured_media_url":"https:\/\/i0.wp.com\/estrategica.com.co\/blog\/wp-content\/uploads\/2009\/01\/izquierda_unida_parafernalia_thumb1.png?fit=317%2C186&ssl=1","jetpack_shortlink":"https:\/\/wp.me\/p4wgsh-HQ","jetpack-related-posts":[{"id":2713,"url":"https:\/\/estrategica.com.co\/blog\/contrastes-iu\/","url_meta":{"origin":2718,"position":0},"title":"CONTRASTES &#8211; IU","author":"Juliana","date":"enero 28, 2009","format":false,"excerpt":"[hana-flv-player video=\"\/blog\/wp-content\/uploads\/2009\/01\/ESPANA\/IZQUIERA_UNIDA_CONTRASTES.flv\" width=\"550\" height=\"\" description=\"CONTRASTES - IU\" clickurl=\"\" clicktarget=\"\" player=\"4\" autoplay=\"false\" loop=\"false\" autorewind=\"true\" splashimage=\"\" skin=\"\" \/] [icon color=\"Accent-Color\" size=\"regular\" image=\"steadysets-icon-chat\"] Contexto Campa\u00f1a de Izquierda Unida para las elecciones generales de 2008. La estrategia es posicionar algunos mensajes pol\u00edticos con voceros que llaman la atenci\u00f3n por el rol que desempe\u00f1an en\u2026","rel":"","context":"En \u00abCampa\u00f1a Cuerpo Colegiado\u00bb","block_context":{"text":"Campa\u00f1a Cuerpo Colegiado","link":"https:\/\/estrategica.com.co\/blog\/category\/temas\/campana-colegiada\/"},"img":{"alt_text":"","src":"","width":0,"height":0},"classes":[]},{"id":11670,"url":"https:\/\/estrategica.com.co\/blog\/honestidad-total-iu\/","url_meta":{"origin":2718,"position":1},"title":"Honestidad Total &#8211; IU","author":"Juliana","date":"abril 25, 2009","format":false,"excerpt":"[hana-flv-player video=\"\/blog\/wp-content\/uploads\/2009\/01\/carpeta_muchos_varios\/EspanaAndaluciaIzquierdaUnida2007.flv\" width=\"550\" height=\"\" description=\"Honestidad Total - IU\" clickurl=\"\" clicktarget=\"\" player=\"4\" autoplay=\"false\" loop=\"false\" autorewind=\"true\" splashimage=\"\" skin=\"\" \/] [icon color=\"Accent-Color\" size=\"regular\" image=\"steadysets-icon-chat\"] Contexto Campa\u00f1a de Izquierda Unida para las elecciones municipales de Albolote en el a\u00f1o 2007. La pieza muestra a un candidato joven y a una asesora que le dice\u2026","rel":"","context":"En \u00abCampa\u00f1a Uninominal\u00bb","block_context":{"text":"Campa\u00f1a Uninominal","link":"https:\/\/estrategica.com.co\/blog\/category\/temas\/campana-uninominal\/"},"img":{"alt_text":"","src":"https:\/\/i0.wp.com\/estrategica.com.co\/blog\/wp-content\/uploads\/2009\/04\/espanaandaluciaizquierdaunida2007_thumb.png?fit=323%2C243&ssl=1&resize=350%2C200","width":350,"height":200},"classes":[]},{"id":11713,"url":"https:\/\/estrategica.com.co\/blog\/hombre-en-el-bano-iu\/","url_meta":{"origin":2718,"position":2},"title":"Hombre en el Ba\u00f1o &#8211; IU","author":"Juliana","date":"abril 25, 2009","format":false,"excerpt":"[hana-flv-player video=\"\/blog\/wp-content\/uploads\/2009\/01\/carpeta_muchos_varios\/EspanaIzquierdaUnida.flv\" width=\"550\" height=\"\" description=\"Hombre en el Ba\u00f1o - IU\" clickurl=\"\" clicktarget=\"\" player=\"4\" autoplay=\"false\" loop=\"false\" autorewind=\"true\" splashimage=\"\" skin=\"\" \/] [icon color=\"Accent-Color\" size=\"regular\" image=\"steadysets-icon-chat\"] Contexto Campa\u00f1a de Izquierda Unida para las elecciones generales de 2008. La pieza trata de evidenciar como el discurso de Izquierda Unida es atractivo para el ciudadano\u2026","rel":"","context":"En \u00abCampa\u00f1a Presidencial\u00bb","block_context":{"text":"Campa\u00f1a Presidencial","link":"https:\/\/estrategica.com.co\/blog\/category\/temas\/campana-presidencial\/"},"img":{"alt_text":"","src":"https:\/\/i0.wp.com\/estrategica.com.co\/blog\/wp-content\/uploads\/2009\/04\/espanaizquierdaunida_thumb.png?fit=346%2C219&ssl=1&resize=350%2C200","width":350,"height":200},"classes":[]},{"id":2728,"url":"https:\/\/estrategica.com.co\/blog\/las-cosas-que-importan-gaspi\/","url_meta":{"origin":2718,"position":3},"title":"Las Cosas que Importan &#8211; Gaspi","author":"Juliana","date":"enero 26, 2009","format":false,"excerpt":"[hana-flv-player video=\"\/blog\/wp-content\/uploads\/2009\/01\/ESPANA\/IZQUIERDA_UNIDA_GASPI.flv\" width=\"550\" height=\"\" description=\"Las Cosas que Importan - Gaspi\" clickurl=\"\" clicktarget=\"\" player=\"4\" autoplay=\"false\" loop=\"false\" autorewind=\"true\" splashimage=\"\" skin=\"\" \/] [icon color=\"Accent-Color\" size=\"regular\" image=\"steadysets-icon-chat\"] Contexto Campa\u00f1a de Izquierda Unida para las Elecciones Generales de 2008. La estrategia se desarrollo en la Web en donde un personaje \u201cgaspi\u201d, en alusi\u00f3n a Gaspar\u2026","rel":"","context":"En \u00abCampa\u00f1a Presidencial\u00bb","block_context":{"text":"Campa\u00f1a Presidencial","link":"https:\/\/estrategica.com.co\/blog\/category\/temas\/campana-presidencial\/"},"img":{"alt_text":"","src":"https:\/\/i0.wp.com\/estrategica.com.co\/blog\/wp-content\/uploads\/2009\/01\/izquierda_unida_gaspi_thumb.png?fit=316%2C213&ssl=1&resize=350%2C200","width":350,"height":200},"classes":[]},{"id":7384,"url":"https:\/\/estrategica.com.co\/blog\/gaspi-la-burbuja-inmobiliaria-gaspar-llamazares\/","url_meta":{"origin":2718,"position":4},"title":"GASPI &#8211; La Burbuja Inmobiliaria &#8211; Gaspar Llamazares","author":"Juliana","date":"marzo 21, 2009","format":false,"excerpt":"[hana-flv-player video=\"\/blog\/wp-content\/uploads\/2009\/01\/videos_varios_f\/GASPI_CAPITULO_1_BURBUJA_INMOBILIARIA.flv\" width=\"550\" height=\"\" description=\"GASPI - La Burbuja Inmobiliaria - Gaspar Llamazares\" clickurl=\"\" clicktarget=\"\" player=\"4\" autoplay=\"false\" loop=\"false\" autorewind=\"true\" splashimage=\"\" skin=\"\" \/] [icon color=\"Accent-Color\" size=\"regular\" image=\"steadysets-icon-chat\"] Contexto Video de Izquierda Unida durante las elecciones de 2008 a la Presidencia de Espa\u00f1a. La pieza hace parte de una serie denominada \u201cLas Cosas\u2026","rel":"","context":"En \u00abCampa\u00f1a Presidencial\u00bb","block_context":{"text":"Campa\u00f1a Presidencial","link":"https:\/\/estrategica.com.co\/blog\/category\/temas\/campana-presidencial\/"},"img":{"alt_text":"","src":"https:\/\/i0.wp.com\/estrategica.com.co\/blog\/wp-content\/uploads\/2009\/03\/gaspi_capitulo_1_burbuja_inmobiliaria_thumb.png?fit=330%2C218&ssl=1&resize=350%2C200","width":350,"height":200},"classes":[]},{"id":7388,"url":"https:\/\/estrategica.com.co\/blog\/gaspi-tiburon-gaspar-llamazares\/","url_meta":{"origin":2718,"position":5},"title":"GASPI &#8211; Tibur\u00f3n &#8211; Gaspar Llamazares","author":"Juliana","date":"marzo 21, 2009","format":false,"excerpt":"[hana-flv-player video=\"\/blog\/wp-content\/uploads\/2009\/01\/videos_varios_f\/GASPI_CAPITULO_2_TIBURON.flv\" width=\"550\" height=\"\" description=\"GASPI - Tibur\u00f3n - Gaspar Llamazares\" clickurl=\"\" clicktarget=\"\" player=\"4\" autoplay=\"false\" loop=\"false\" autorewind=\"true\" splashimage=\"\" skin=\"\" \/] [icon color=\"Accent-Color\" size=\"regular\" image=\"steadysets-icon-chat\"] Contexto Video de Izquierda Unida durante las elecciones de 2008 a la Presidencia de Espa\u00f1a. La pieza hace parte de una serie denominada \u201cLas Cosas que Importan\u201d\u2026","rel":"","context":"En \u00abCampa\u00f1a Presidencial\u00bb","block_context":{"text":"Campa\u00f1a Presidencial","link":"https:\/\/estrategica.com.co\/blog\/category\/temas\/campana-presidencial\/"},"img":{"alt_text":"","src":"https:\/\/i0.wp.com\/estrategica.com.co\/blog\/wp-content\/uploads\/2009\/03\/gaspi_capitulo_2_tiburon_thumb.png?fit=330%2C219&ssl=1&resize=350%2C200","width":350,"height":200},"classes":[]}],"jetpack_sharing_enabled":true,"_links":{"self":[{"href":"https:\/\/estrategica.com.co\/blog\/wp-json\/wp\/v2\/posts\/2718","targetHints":{"allow":["GET"]}}],"collection":[{"href":"https:\/\/estrategica.com.co\/blog\/wp-json\/wp\/v2\/posts"}],"about":[{"href":"https:\/\/estrategica.com.co\/blog\/wp-json\/wp\/v2\/types\/post"}],"author":[{"embeddable":true,"href":"https:\/\/estrategica.com.co\/blog\/wp-json\/wp\/v2\/users\/5"}],"replies":[{"embeddable":true,"href":"https:\/\/estrategica.com.co\/blog\/wp-json\/wp\/v2\/comments?post=2718"}],"version-history":[{"count":10,"href":"https:\/\/estrategica.com.co\/blog\/wp-json\/wp\/v2\/posts\/2718\/revisions"}],"predecessor-version":[{"id":52050,"href":"https:\/\/estrategica.com.co\/blog\/wp-json\/wp\/v2\/posts\/2718\/revisions\/52050"}],"wp:featuredmedia":[{"embeddable":true,"href":"https:\/\/estrategica.com.co\/blog\/wp-json\/wp\/v2\/media\/2719"}],"wp:attachment":[{"href":"https:\/\/estrategica.com.co\/blog\/wp-json\/wp\/v2\/media?parent=2718"}],"wp:term":[{"taxonomy":"category","embeddable":true,"href":"https:\/\/estrategica.com.co\/blog\/wp-json\/wp\/v2\/categories?post=2718"},{"taxonomy":"post_tag","embeddable":true,"href":"https:\/\/estrategica.com.co\/blog\/wp-json\/wp\/v2\/tags?post=2718"}],"curies":[{"name":"wp","href":"https:\/\/api.w.org\/{rel}","templated":true}]}}