{"id":2745,"date":"2009-01-26T00:08:17","date_gmt":"2009-01-26T00:08:17","guid":{"rendered":"http:\/\/estrategica.com.co\/blog\/?p=2745"},"modified":"2015-04-08T12:13:08","modified_gmt":"2015-04-08T17:13:08","slug":"ciudadanos-andalucia","status":"publish","type":"post","link":"https:\/\/estrategica.com.co\/blog\/ciudadanos-andalucia\/","title":{"rendered":"Ciudadanos &#8211; Andaluc\u00eda"},"content":{"rendered":"<p> <script type='text\/javascript' src='https:\/\/estrategica.com.co\/blog\/wp-content\/plugins\/hana-flv-player\/flowplayer3\/example\/flowplayer-3.2.6.min.js'><\/script>\n<div >\n<div id='hana_flv_flow3_1' style='display:block;width:550px;height:413px;background-color:#555555;color:#ffffff;padding:0' title=\"*Video:ciudadanos - andaluc\u00eda\"><\/div>\n<\/div>\n\n<script  type='text\/javascript'>\nif (typeof g_hanaFlash !== 'undefined' && !g_hanaFlash){\n    jQuery('#hana_flv_flow3_1').css( 'padding', '5px' );\n\tjQuery('#hana_flv_flow3_1').html(\"<span class='inactive_message' style='display:block'>Sorry, your browser does not support Flash Video Player<\/span> *Video:ciudadanos - andaluc\u00eda\");\n}else{\t\t\t\n\t\tflowplayer('hana_flv_flow3_1', { src: 'https:\/\/estrategica.com.co\/blog\/wp-content\/plugins\/hana-flv-player\/flowplayer3\/flowplayer-3.2.7.swf', wmode: 'transparent' }, { \n\n\t\t\tcanvas: { backgroundColor: '#000000', backgroundGradient: 'none',},\n    \t\tclip:  { \n    \t\t\turl: '\/blog\/wp-content\/uploads\/2009\/01\/ESPANA\/Otros_se_pegan_nosotros_nos_proyectamos.flv',\n        \t\tscaling: 'fit', autoPlay: false, autoBuffering: true \n\t\t\t\t   , onFinish : function () { this.seek(0); }  \n\n\t        }\n\n\t\t});\n}\n<\/script><br \/>\n<\/br><\/p>\n<p>[icon color=\u00bbAccent-Color\u00bb size=\u00bbregular\u00bb image=\u00bbsteadysets-icon-chat\u00bb] <strong>Contexto<\/strong><\/br><\/br><\/p>\n<p style=\"text-align: justify;\">Campa\u00f1a del Partido de los Ciudadanos en Andaluc\u00eda. Se hace una grafica de los candidatos mientras algunos textos evidencian sus prop\u00f3sitos.<\/p><\/p>\n","protected":false},"excerpt":{"rendered":"<p>*Video: ciudadanos &#8211; andaluc\u00eda [icon color=\u00bbAccent-Color\u00bb size=\u00bbregular\u00bb image=\u00bbsteadysets-icon-chat\u00bb] Contexto Campa\u00f1a del Partido de los Ciudadanos en Andaluc\u00eda. Se hace una grafica de los candidatos mientras algunos textos evidencian sus prop\u00f3sitos.<\/p>\n","protected":false},"author":5,"featured_media":2746,"comment_status":"open","ping_status":"open","sticky":false,"template":"","format":"standard","meta":{"_et_pb_use_builder":"","_et_pb_old_content":"","_et_gb_content_width":"","advanced_seo_description":"","jetpack_seo_html_title":"","jetpack_seo_noindex":false,"footnotes":""},"categories":[58,34,23,10,11,3],"tags":[93],"class_list":["post-2745","post","type-post","status-publish","format-standard","has-post-thumbnail","hentry","category-campana-colegiada","category-electoral","category-espana","category-geo","category-temas","category-video","tag-elecciones-2008"],"jetpack_featured_media_url":"https:\/\/i0.wp.com\/estrategica.com.co\/blog\/wp-content\/uploads\/2009\/01\/otros_se_pegan_nosotros_nos_proyectamos_thumb.png?fit=296%2C255&ssl=1","jetpack_shortlink":"https:\/\/wp.me\/p4wgsh-Ih","jetpack-related-posts":[{"id":2651,"url":"https:\/\/estrategica.com.co\/blog\/habla-canario-ponte-en-tu-sitio\/","url_meta":{"origin":2745,"position":0},"title":"Habla Canario, ponte en tu sitio","author":"Juliana","date":"febrero 14, 2009","format":false,"excerpt":"[hana-flv-player video=\"\/blog\/wp-content\/uploads\/2009\/01\/ESPANA\/Canarios_Ponte_en_tu_Sitio2.flv\" width=\"550\" height=\"\" description=\"Habla Canario, ponte en tu sitio\" clickurl=\"\" clicktarget=\"\" player=\"4\" autoplay=\"false\" loop=\"false\" autorewind=\"true\" splashimage=\"\" skin=\"\" \/] [icon color=\"Accent-Color\" size=\"regular\" image=\"steadysets-icon-chat\"] Contexto Campa\u00f1a de la coalici\u00f3n canaria para las elecciones del 9 de marzo de 2008.\u00a0 La coalici\u00f3n canaria quiere mantener los tres diputado que logr\u00f3 durante las\u2026","rel":"","context":"En \u00ab2008\u00bb","block_context":{"text":"2008","link":"https:\/\/estrategica.com.co\/blog\/category\/ano\/2008\/"},"img":{"alt_text":"","src":"https:\/\/i0.wp.com\/estrategica.com.co\/blog\/wp-content\/uploads\/2009\/01\/canarios_ponte_en_tu_sitio2_thumb.png?fit=313%2C239&ssl=1&resize=350%2C200","width":350,"height":200},"classes":[]},{"id":2789,"url":"https:\/\/estrategica.com.co\/blog\/%c2%a1coge-aire-ciudadanos-no\/","url_meta":{"origin":2745,"position":1},"title":"\u00a1Coge Aire! &#8211; Ciudadanos No","author":"Juliana","date":"enero 25, 2009","format":false,"excerpt":"[hana-flv-player video=\"\/blog\/wp-content\/uploads\/2009\/01\/ESPANA\/SPOT_CIUDADANOS_NO.flv\" width=\"550\" height=\"\" description=\"\u00a1Coge Aire! - Ciudadanos No\" clickurl=\"\" clicktarget=\"\" player=\"4\" autoplay=\"false\" loop=\"false\" autorewind=\"true\" splashimage=\"\" skin=\"\" \/] [icon color=\"Accent-Color\" size=\"regular\" image=\"steadysets-icon-chat\"] Contexto La campa\u00f1a gira en torno a los \u201cNoismos\u201d, es decir, t\u00e9rminos con los que se anulan expresiones que combate el movimiento: terrorisNO, machisNO, racisNO y nacionalisNO. El\u2026","rel":"","context":"En \u00abCampa\u00f1a Presidencial\u00bb","block_context":{"text":"Campa\u00f1a Presidencial","link":"https:\/\/estrategica.com.co\/blog\/category\/temas\/campana-presidencial\/"},"img":{"alt_text":"","src":"","width":0,"height":0},"classes":[]},{"id":2657,"url":"https:\/\/estrategica.com.co\/blog\/%c2%a1coge-aire-ciudadanos\/","url_meta":{"origin":2745,"position":2},"title":"\u00a1COGE AIRE! CIUDADANOS","author":"Juliana","date":"febrero 14, 2009","format":false,"excerpt":"[hana-flv-player video=\"\/blog\/wp-content\/uploads\/2009\/01\/ESPANA\/COGE_AIRE_ANTI_PP_PSOE.flv\" width=\"550\" height=\"\" description=\"\u00a1COGE AIRE! CIUDADANOS\" clickurl=\"\" clicktarget=\"\" player=\"4\" autoplay=\"false\" loop=\"false\" autorewind=\"true\" splashimage=\"\" skin=\"\" \/] [icon color=\"Accent-Color\" size=\"regular\" image=\"steadysets-icon-chat\"] Contexto Spot del partido Ciudadanos para las elecciones generales de 2008. El video visualiza las im\u00e1genes de Rajoy y Rodr\u00edguez Zapatero, para luego dejar en claro que son iguales y\u2026","rel":"","context":"En \u00ab2008\u00bb","block_context":{"text":"2008","link":"https:\/\/estrategica.com.co\/blog\/category\/ano\/2008\/"},"img":{"alt_text":"","src":"https:\/\/i0.wp.com\/estrategica.com.co\/blog\/wp-content\/uploads\/2009\/01\/coge_aire_anti_pp_psoe_thumb.png?fit=316%2C244&ssl=1&resize=350%2C200","width":350,"height":200},"classes":[]},{"id":8173,"url":"https:\/\/estrategica.com.co\/blog\/ciudadanos-en-blanco-por-un-voto-en-blanco-util\/","url_meta":{"origin":2745,"position":3},"title":"Ciudadanos en Blanco &#8211; Por un Voto en Blanco \u00datil","author":"Juliana","date":"marzo 29, 2009","format":false,"excerpt":"[hana-flv-player video=\"\/blog\/wp-content\/uploads\/2009\/01\/videos_varios_f\/Spot_Electoral_Ciudadanos_en_Blanco_Elecciones_2008.flv\" width=\"550\" height=\"\" description=\"Ciudadanos en Blanco - Por un Voto en Blanco \u00datil\" clickurl=\"\" clicktarget=\"\" player=\"4\" autoplay=\"false\" loop=\"false\" autorewind=\"true\" splashimage=\"\" skin=\"\" \/] [icon color=\"Accent-Color\" size=\"regular\" image=\"steadysets-icon-chat\"] Contexto Spot del movimiento ciudadano denominado \u201cCiudadanos en Blanco\u201d. El movimiento pretende que los votos en blanco sean computados de forma tal que\u2026","rel":"","context":"En \u00abCampa\u00f1a Cuerpo Colegiado\u00bb","block_context":{"text":"Campa\u00f1a Cuerpo Colegiado","link":"https:\/\/estrategica.com.co\/blog\/category\/temas\/campana-colegiada\/"},"img":{"alt_text":"","src":"https:\/\/i0.wp.com\/estrategica.com.co\/blog\/wp-content\/uploads\/2009\/03\/spot_electoral_ciudadanos_en_blanco_elecciones_2008_thumb.png?fit=259%2C230&ssl=1&resize=350%2C200","width":350,"height":200},"classes":[]},{"id":2630,"url":"https:\/\/estrategica.com.co\/blog\/canarias\/","url_meta":{"origin":2745,"position":4},"title":"Habla Canario, ponte en tu sitio","author":"Juliana","date":"enero 14, 2009","format":false,"excerpt":"[hana-flv-player video=\"\/blog\/wp-content\/uploads\/2009\/01\/ESPANA\/Canarias.flv\" width=\"550\" height\"\" description=\"Habla Canario, ponte en tu sitio\" clickurl=\"\" clicktarget=\"\" player=\"4\" autoplay=\"false\" loop=\"false\" autorewind=\"false\" splashimage=\"\" skin=\"\" \/] [icon color=\"Accent-Color\" size=\"regular\" image=\"steadysets-icon-chat\"] Contexto Campa\u00f1a de la coalici\u00f3n canaria para las elecciones del 9 de marzo de 2008.\u00a0 La coalici\u00f3n canaria quiere mantener los tres diputado que logr\u00f3 durante las\u2026","rel":"","context":"En \u00abCampa\u00f1a Cuerpo Colegiado\u00bb","block_context":{"text":"Campa\u00f1a Cuerpo Colegiado","link":"https:\/\/estrategica.com.co\/blog\/category\/temas\/campana-colegiada\/"},"img":{"alt_text":"","src":"https:\/\/i0.wp.com\/estrategica.com.co\/blog\/wp-content\/uploads\/2009\/01\/canarias_thumb.png?fit=317%2C237&ssl=1&resize=350%2C200","width":350,"height":200},"classes":[]},{"id":2643,"url":"https:\/\/estrategica.com.co\/blog\/habla-canario-ponte-en-tu-sitio-2\/","url_meta":{"origin":2745,"position":5},"title":"Habla Canario, ponte en tu sitio","author":"Juliana","date":"febrero 14, 2009","format":false,"excerpt":"[hana-flv-player video=\"\/blog\/wp-content\/uploads\/2009\/01\/ESPANA\/Canarios_Ponte_en_tu_Sitio.flv\" width=\"550\" height=\"\" description=\"Habla Canario, ponte en tu sitio\" clickurl=\"\" clicktarget=\"\" player=\"4\" autoplay=\"false\" loop=\"false\" autorewind=\"true\" splashimage=\"\" skin=\"\" \/] [icon color=\"Accent-Color\" size=\"regular\" image=\"steadysets-icon-chat\"] Contexto Campa\u00f1a de la coalici\u00f3n canaria para las elecciones del 9 de marzo de 2008.\u00a0 La coalici\u00f3n canaria quiere mantener los tres diputado que logr\u00f3 durante las\u2026","rel":"","context":"En \u00ab2008\u00bb","block_context":{"text":"2008","link":"https:\/\/estrategica.com.co\/blog\/category\/ano\/2008\/"},"img":{"alt_text":"","src":"https:\/\/i0.wp.com\/estrategica.com.co\/blog\/wp-content\/uploads\/2009\/01\/canarios_ponte_en_tu_sitio_thumb.png?fit=313%2C237&ssl=1&resize=350%2C200","width":350,"height":200},"classes":[]}],"jetpack_sharing_enabled":true,"_links":{"self":[{"href":"https:\/\/estrategica.com.co\/blog\/wp-json\/wp\/v2\/posts\/2745","targetHints":{"allow":["GET"]}}],"collection":[{"href":"https:\/\/estrategica.com.co\/blog\/wp-json\/wp\/v2\/posts"}],"about":[{"href":"https:\/\/estrategica.com.co\/blog\/wp-json\/wp\/v2\/types\/post"}],"author":[{"embeddable":true,"href":"https:\/\/estrategica.com.co\/blog\/wp-json\/wp\/v2\/users\/5"}],"replies":[{"embeddable":true,"href":"https:\/\/estrategica.com.co\/blog\/wp-json\/wp\/v2\/comments?post=2745"}],"version-history":[{"count":7,"href":"https:\/\/estrategica.com.co\/blog\/wp-json\/wp\/v2\/posts\/2745\/revisions"}],"predecessor-version":[{"id":52058,"href":"https:\/\/estrategica.com.co\/blog\/wp-json\/wp\/v2\/posts\/2745\/revisions\/52058"}],"wp:featuredmedia":[{"embeddable":true,"href":"https:\/\/estrategica.com.co\/blog\/wp-json\/wp\/v2\/media\/2746"}],"wp:attachment":[{"href":"https:\/\/estrategica.com.co\/blog\/wp-json\/wp\/v2\/media?parent=2745"}],"wp:term":[{"taxonomy":"category","embeddable":true,"href":"https:\/\/estrategica.com.co\/blog\/wp-json\/wp\/v2\/categories?post=2745"},{"taxonomy":"post_tag","embeddable":true,"href":"https:\/\/estrategica.com.co\/blog\/wp-json\/wp\/v2\/tags?post=2745"}],"curies":[{"name":"wp","href":"https:\/\/api.w.org\/{rel}","templated":true}]}}