{"id":2759,"date":"2009-01-25T22:45:08","date_gmt":"2009-01-25T22:45:08","guid":{"rendered":"http:\/\/estrategica.com.co\/blog\/?p=2759"},"modified":"2015-04-08T12:34:00","modified_gmt":"2015-04-08T17:34:00","slug":"hay-equipo-pp","status":"publish","type":"post","link":"https:\/\/estrategica.com.co\/blog\/hay-equipo-pp\/","title":{"rendered":"Hay Equipo &#8211; PP"},"content":{"rendered":"<p> <script type='text\/javascript' src='https:\/\/estrategica.com.co\/blog\/wp-content\/plugins\/hana-flv-player\/flowplayer3\/example\/flowplayer-3.2.6.min.js'><\/script>\n<div >\n<div id='hana_flv_flow3_1' style='display:block;width:550px;height:413px;background-color:#555555;color:#ffffff;padding:0' title=\"*Video:hay equipo - pp\"><\/div>\n<\/div>\n\n<script  type='text\/javascript'>\nif (typeof g_hanaFlash !== 'undefined' && !g_hanaFlash){\n    jQuery('#hana_flv_flow3_1').css( 'padding', '5px' );\n\tjQuery('#hana_flv_flow3_1').html(\"<span class='inactive_message' style='display:block'>Sorry, your browser does not support Flash Video Player<\/span> *Video:hay equipo - pp\");\n}else{\t\t\t\n\t\tflowplayer('hana_flv_flow3_1', { src: 'https:\/\/estrategica.com.co\/blog\/wp-content\/plugins\/hana-flv-player\/flowplayer3\/flowplayer-3.2.7.swf', wmode: 'transparent' }, { \n\n\t\t\tcanvas: { backgroundColor: '#000000', backgroundGradient: 'none',},\n    \t\tclip:  { \n    \t\t\turl: '\/blog\/wp-content\/uploads\/2009\/01\/ESPANA\/PP_Hay_Equipo.flv',\n        \t\tscaling: 'fit', autoPlay: false, autoBuffering: true \n\t\t\t\t   , onFinish : function () { this.seek(0); }  \n\n\t        }\n\n\t\t});\n}\n<\/script><br \/>\n<\/br><\/p>\n<p>[icon color=\u00bbAccent-Color\u00bb size=\u00bbregular\u00bb image=\u00bbsteadysets-icon-chat\u00bb] <strong>Contexto<\/strong><\/br><\/br><\/p>\n<p style=\"text-align: justify;\">Video de presentaci\u00f3n de los candidatos del Partido Popular a las elecciones auton\u00f3micas de 2007. El spot alude a fuerzas de la naturaleza, a caracter\u00edsticas humanas y a problemas sociales con im\u00e1genes que muestran de todo, desde aves o paisajes, hasta deportistas, ni\u00f1os y obreros. Muchos mensajes para tan poco tiempo. Se trata de posicionar la noci\u00f3n de equipo pero no es clara ni contundente la forma como se canaliza dicho mensaje. El texto dice: \u201cSi escuchas, si miras, si sientes, si crees, si amas, si eres, si vas, llegas, camino, si agua, viento, libre, si tierra, fuego, fuerza, si ense\u00f1ar, aprender, emprender, si re\u00edr, sonre\u00edr, si llorar, si crear, so\u00f1ar, inventar, si pasi\u00f3n, ilusi\u00f3n, energ\u00eda, si retos, nuevos, adelante, si tu, si yo, equipo, si ahora Rajoy Presidente, si quieres, conquistas, futuro, ideales, justicia, j\u00f3venes, valores, si empleo, vivienda, inmigraci\u00f3n, cohesi\u00f3n, si calles, ciudades, barrios, pueblos, si culturas, lenguas, si Espa\u00f1a, Espa\u00f1a, populares, preparados, populares, ya, populares 2007, Partido Popular\u201d.<\/p><\/p>\n","protected":false},"excerpt":{"rendered":"<p>*Video: hay equipo &#8211; pp [icon color=\u00bbAccent-Color\u00bb size=\u00bbregular\u00bb image=\u00bbsteadysets-icon-chat\u00bb] Contexto Video de presentaci\u00f3n de los candidatos del Partido Popular a las elecciones auton\u00f3micas de 2007. El spot alude a fuerzas de la naturaleza, a caracter\u00edsticas humanas y a problemas sociales con im\u00e1genes que muestran de todo, desde aves o paisajes, hasta deportistas, ni\u00f1os y obreros. [&hellip;]<\/p>\n","protected":false},"author":5,"featured_media":2760,"comment_status":"open","ping_status":"open","sticky":false,"template":"","format":"standard","meta":{"_et_pb_use_builder":"","_et_pb_old_content":"","_et_gb_content_width":"","advanced_seo_description":"","jetpack_seo_html_title":"","jetpack_seo_noindex":false,"footnotes":""},"categories":[58,34,23,10,11,3],"tags":[52,100,99],"class_list":["post-2759","post","type-post","status-publish","format-standard","has-post-thumbnail","hentry","category-campana-colegiada","category-electoral","category-espana","category-geo","category-temas","category-video","tag-elecciones-2007","tag-partido-popular","tag-pp"],"jetpack_featured_media_url":"https:\/\/i0.wp.com\/estrategica.com.co\/blog\/wp-content\/uploads\/2009\/01\/pp_hay_equipo_thumb.png?fit=286%2C219&ssl=1","jetpack_shortlink":"https:\/\/wp.me\/p4wgsh-Iv","jetpack-related-posts":[{"id":21802,"url":"https:\/\/estrategica.com.co\/blog\/contigo-partido-popular\/","url_meta":{"origin":2759,"position":0},"title":"Contigo &#8211; Partido Popular","author":"Juliana","date":"junio 16, 2010","format":false,"excerpt":"[hana-flv-player video=\"\/blog\/wp-content\/uploads\/2009\/01\/videosultimosconver\/Introducing_John_Major.flv\" width=\"550\" height=\"\" description=\"Los Comienzos - Major\" clickurl=\"\" clicktarget=\"\" player=\"4\" autoplay=\"false\" loop=\"false\" autorewind=\"true\" splashimage=\"\" skin=\"\" \/] [icon color=\"Accent-Color\" size=\"regular\" image=\"steadysets-icon-chat\"] Contexto Spot de precampa\u00f1a del Partido Popular del pa\u00eds Vasco de cara a las elecciones municipales de 2007. \u00a0Una pieza sin mayores sobresaltos y sin mayores recursos persuasivos. Muy\u2026","rel":"","context":"En \u00abCampa\u00f1a Uninominal\u00bb","block_context":{"text":"Campa\u00f1a Uninominal","link":"https:\/\/estrategica.com.co\/blog\/category\/temas\/campana-uninominal\/"},"img":{"alt_text":"","src":"https:\/\/i0.wp.com\/estrategica.com.co\/blog\/wp-content\/uploads\/2010\/06\/SpotPPVasco_thumb.png?fit=501%2C435&ssl=1&resize=350%2C200","width":350,"height":200},"classes":[]},{"id":2673,"url":"https:\/\/estrategica.com.co\/blog\/confianza_pp\/","url_meta":{"origin":2759,"position":1},"title":"Confianza en el Futuro &#8211; PP","author":"Juliana","date":"enero 28, 2009","format":false,"excerpt":"[hana-flv-player video=\"\/blog\/wp-content\/uploads\/2009\/01\/ESPANA\/Confianza_PP.flv\" width=\"550\" height=\"\" description=\"Confianza en el Futuro - PP\" clickurl=\"\" clicktarget=\"\" player=\"4\" autoplay=\"false\" loop=\"false\" autorewind=\"true\" splashimage=\"\" skin=\"\" \/] [icon color=\"Accent-Color\" size=\"regular\" image=\"steadysets-icon-chat\"] Contexto Campa\u00f1a del Partido Popular Espa\u00f1ol para las elecciones Auton\u00f3micas y Municipales de 2007. La estrategia es conectarse con el ciudadano com\u00fan y corriente con un mensaje\u2026","rel":"","context":"En \u00abCampa\u00f1a Uninominal\u00bb","block_context":{"text":"Campa\u00f1a Uninominal","link":"https:\/\/estrategica.com.co\/blog\/category\/temas\/campana-uninominal\/"},"img":{"alt_text":"","src":"","width":0,"height":0},"classes":[]},{"id":18862,"url":"https:\/\/estrategica.com.co\/blog\/feliz-navidad-rajoy\/","url_meta":{"origin":2759,"position":2},"title":"Feliz Navidad &#8211; Rajoy","author":"Juliana","date":"julio 10, 2009","format":false,"excerpt":"[hana-flv-player video=\"\/blog\/wp-content\/uploads\/2009\/01\/videosotrosfin\/Mariano_el_PP_felicitan_la_Navidad.flv\" width=\"550\" height=\"\" description=\"Mapa de la Inseguridad - de Narv\u00e1ez\" clickurl=\"\" clicktarget=\"\" player=\"4\" autoplay=\"false\" loop=\"false\" autorewind=\"true\" splashimage=\"\" skin=\"\" \/] [icon color=\"Accent-Color\" size=\"regular\" image=\"steadysets-icon-chat\"] Contexto Spot del Partido Popular en diciembre de 2007 para desearles feliz navidad a los espa\u00f1oles. La pieza muestra la cotidianidad del partido en un ambiente\u2026","rel":"","context":"En \u00ab2007\u00bb","block_context":{"text":"2007","link":"https:\/\/estrategica.com.co\/blog\/category\/ano\/2007\/"},"img":{"alt_text":"","src":"https:\/\/i0.wp.com\/estrategica.com.co\/blog\/wp-content\/uploads\/2009\/07\/mariano_el_pp_felicitan_la_navidad_thumb.png?fit=580%2C426&ssl=1&resize=350%2C200","width":350,"height":200},"classes":[]},{"id":2705,"url":"https:\/\/estrategica.com.co\/blog\/%c2%bfdonde-esta-la-crisis-pp\/","url_meta":{"origin":2759,"position":3},"title":"\u00bfD\u00f3nde est\u00e1 la crisis? &#8211; PP","author":"Juliana","date":"enero 28, 2009","format":false,"excerpt":"[hana-flv-player video=\"\/blog\/wp-content\/uploads\/2009\/01\/ESPANA\/Embargo_PP.flv\" width=\"550\" height=\"\" description=\"\u00bfD\u00f3nde est\u00e1 la crisis? - PP\" clickurl=\"\" clicktarget=\"\" player=\"4\" autoplay=\"false\" loop=\"false\" autorewind=\"true\" splashimage=\"\" skin=\"\" \/] [icon color=\"Accent-Color\" size=\"regular\" image=\"steadysets-icon-chat\"] Contexto Campa\u00f1a del Partido Popular para atacar la negativa de Rodr\u00edguez Zapatero a aceptar que Espa\u00f1a se encuentra en crisis. El spot se titula \u201c\u00bfD\u00f3nde est\u00e1 la\u2026","rel":"","context":"En \u00abCampa\u00f1a Presidencial\u00bb","block_context":{"text":"Campa\u00f1a Presidencial","link":"https:\/\/estrategica.com.co\/blog\/category\/temas\/campana-presidencial\/"},"img":{"alt_text":"","src":"","width":0,"height":0},"classes":[]},{"id":2669,"url":"https:\/\/estrategica.com.co\/blog\/conejos-y-chistera\/","url_meta":{"origin":2759,"position":4},"title":"Conejos y Chistera","author":"Juliana","date":"febrero 12, 2009","format":false,"excerpt":"[hana-flv-player video=\"\/blog\/wp-content\/uploads\/2009\/01\/ESPANA\/Conejos_y_Chisteras_PP.flv\" width=\"550\" height=\"\" description=\"Conejos y Chistera\" clickurl=\"\" clicktarget=\"\" player=\"4\" autoplay=\"false\" loop=\"false\" autorewind=\"true\" splashimage=\"\" skin=\"\" \/] [icon color=\"Accent-Color\" size=\"regular\" image=\"steadysets-icon-chat\"] Contexto Video del Partido Popular para las elecciones generales de 2007. El spot copia la est\u00e9tica de la rendici\u00f3n de cuentas que hab\u00eda hecho el gobierno en \u201cEspa\u00f1a: 2004-2008\u201d para\u2026","rel":"","context":"En \u00abCampa\u00f1a Presidencial\u00bb","block_context":{"text":"Campa\u00f1a Presidencial","link":"https:\/\/estrategica.com.co\/blog\/category\/temas\/campana-presidencial\/"},"img":{"alt_text":"","src":"","width":0,"height":0},"classes":[]},{"id":17960,"url":"https:\/\/estrategica.com.co\/blog\/queremos-pp\/","url_meta":{"origin":2759,"position":5},"title":"Queremos &#8211; PP","author":"Juliana","date":"junio 27, 2009","format":false,"excerpt":"[hana-flv-player video=\"\/blog\/wp-content\/uploads\/2009\/01\/videosultimosconver\/Queremos.flv\" width=\"550\" height=\"\" description=\"Queremos - PP\" clickurl=\"\" clicktarget=\"\" player=\"4\" autoplay=\"false\" loop=\"false\" autorewind=\"true\" splashimage=\"\" skin=\"\" \/] [icon color=\"Accent-Color\" size=\"regular\" image=\"steadysets-icon-chat\"] Contexto Spot del Partido Popular para el foro \u201cQueremos\u201d en el cual los militantes podr\u00e1n discutir las posturas y los rumbos del partido. En la pieza aparecen algunos ciudadanos posicionando\u2026","rel":"","context":"En \u00ab2009\u00bb","block_context":{"text":"2009","link":"https:\/\/estrategica.com.co\/blog\/category\/ano\/2009\/"},"img":{"alt_text":"","src":"https:\/\/i0.wp.com\/estrategica.com.co\/blog\/wp-content\/uploads\/2009\/06\/queremos_thumb.png?fit=605%2C361&ssl=1&resize=350%2C200","width":350,"height":200},"classes":[]}],"jetpack_sharing_enabled":true,"_links":{"self":[{"href":"https:\/\/estrategica.com.co\/blog\/wp-json\/wp\/v2\/posts\/2759","targetHints":{"allow":["GET"]}}],"collection":[{"href":"https:\/\/estrategica.com.co\/blog\/wp-json\/wp\/v2\/posts"}],"about":[{"href":"https:\/\/estrategica.com.co\/blog\/wp-json\/wp\/v2\/types\/post"}],"author":[{"embeddable":true,"href":"https:\/\/estrategica.com.co\/blog\/wp-json\/wp\/v2\/users\/5"}],"replies":[{"embeddable":true,"href":"https:\/\/estrategica.com.co\/blog\/wp-json\/wp\/v2\/comments?post=2759"}],"version-history":[{"count":8,"href":"https:\/\/estrategica.com.co\/blog\/wp-json\/wp\/v2\/posts\/2759\/revisions"}],"predecessor-version":[{"id":52064,"href":"https:\/\/estrategica.com.co\/blog\/wp-json\/wp\/v2\/posts\/2759\/revisions\/52064"}],"wp:featuredmedia":[{"embeddable":true,"href":"https:\/\/estrategica.com.co\/blog\/wp-json\/wp\/v2\/media\/2760"}],"wp:attachment":[{"href":"https:\/\/estrategica.com.co\/blog\/wp-json\/wp\/v2\/media?parent=2759"}],"wp:term":[{"taxonomy":"category","embeddable":true,"href":"https:\/\/estrategica.com.co\/blog\/wp-json\/wp\/v2\/categories?post=2759"},{"taxonomy":"post_tag","embeddable":true,"href":"https:\/\/estrategica.com.co\/blog\/wp-json\/wp\/v2\/tags?post=2759"}],"curies":[{"name":"wp","href":"https:\/\/api.w.org\/{rel}","templated":true}]}}