{"id":2769,"date":"2009-01-25T18:11:44","date_gmt":"2009-01-25T18:11:44","guid":{"rendered":"http:\/\/estrategica.com.co\/blog\/?p=2769"},"modified":"2015-04-08T12:39:45","modified_gmt":"2015-04-08T17:39:45","slug":"cuentos-chinos-psoe","status":"publish","type":"post","link":"https:\/\/estrategica.com.co\/blog\/cuentos-chinos-psoe\/","title":{"rendered":"Cuentos Chinos &#8211; PSOE"},"content":{"rendered":"<p> <script type='text\/javascript' src='https:\/\/estrategica.com.co\/blog\/wp-content\/plugins\/hana-flv-player\/flowplayer3\/example\/flowplayer-3.2.6.min.js'><\/script>\n<div >\n<div id='hana_flv_flow3_1' style='display:block;width:550px;height:413px;background-color:#555555;color:#ffffff;padding:0' title=\"*Video:cuentos chinos - psoe\"><\/div>\n<\/div>\n\n<script  type='text\/javascript'>\nif (typeof g_hanaFlash !== 'undefined' && !g_hanaFlash){\n    jQuery('#hana_flv_flow3_1').css( 'padding', '5px' );\n\tjQuery('#hana_flv_flow3_1').html(\"<span class='inactive_message' style='display:block'>Sorry, your browser does not support Flash Video Player<\/span> *Video:cuentos chinos - psoe\");\n}else{\t\t\t\n\t\tflowplayer('hana_flv_flow3_1', { src: 'https:\/\/estrategica.com.co\/blog\/wp-content\/plugins\/hana-flv-player\/flowplayer3\/flowplayer-3.2.7.swf', wmode: 'transparent' }, { \n\n\t\t\tcanvas: { backgroundColor: '#000000', backgroundGradient: 'none',},\n    \t\tclip:  { \n    \t\t\turl: '\/blog\/wp-content\/uploads\/2009\/01\/ESPANA\/PSOE_Cuentos_Chinos.flv',\n        \t\tscaling: 'fit', autoPlay: false, autoBuffering: true \n\t\t\t\t   , onFinish : function () { this.seek(0); }  \n\n\t        }\n\n\t\t});\n}\n<\/script><br \/>\n<\/br><\/p>\n<p>[icon color=\u00bbAccent-Color\u00bb size=\u00bbregular\u00bb image=\u00bbsteadysets-icon-chat\u00bb] <strong>Contexto<\/strong><\/br><\/br><\/p>\n<p style=\"text-align: justify;\">Anuncio del candidato del PSOE a la alcald\u00eda de \u201cTres Cantos\u201d en Espa\u00f1a. En la imagen se vale de una secuencia en la que se parodia de Bruce Lee para hacer la analog\u00eda con presuntos actos de corrupci\u00f3n en el ayuntamiento. <span>\u00a0<\/span>Una publicidad divertida pero no muy clara en su mensaje.<\/p><\/p>\n","protected":false},"excerpt":{"rendered":"<p>*Video: cuentos chinos &#8211; psoe [icon color=\u00bbAccent-Color\u00bb size=\u00bbregular\u00bb image=\u00bbsteadysets-icon-chat\u00bb] Contexto Anuncio del candidato del PSOE a la alcald\u00eda de \u201cTres Cantos\u201d en Espa\u00f1a. En la imagen se vale de una secuencia en la que se parodia de Bruce Lee para hacer la analog\u00eda con presuntos actos de corrupci\u00f3n en el ayuntamiento. \u00a0Una publicidad divertida pero [&hellip;]<\/p>\n","protected":false},"author":5,"featured_media":2770,"comment_status":"open","ping_status":"open","sticky":false,"template":"","format":"standard","meta":{"_et_pb_use_builder":"","_et_pb_old_content":"","_et_gb_content_width":"","advanced_seo_description":"","jetpack_seo_html_title":"","jetpack_seo_noindex":false,"footnotes":""},"categories":[58,34,23,10,29,11,3],"tags":[52],"class_list":["post-2769","post","type-post","status-publish","format-standard","has-post-thumbnail","hentry","category-campana-colegiada","category-electoral","category-espana","category-geo","category-publicidad-negativa","category-temas","category-video","tag-elecciones-2007"],"jetpack_featured_media_url":"https:\/\/i0.wp.com\/estrategica.com.co\/blog\/wp-content\/uploads\/2009\/01\/psoe_cuentos_chinos_thumb.png?fit=309%2C248&ssl=1","jetpack_shortlink":"https:\/\/wp.me\/p4wgsh-IF","jetpack-related-posts":[{"id":2831,"url":"https:\/\/estrategica.com.co\/blog\/zapatero_comparar_es_bueno\/","url_meta":{"origin":2769,"position":0},"title":"Comparar es Bueno &#8211; Zapatero","author":"Juliana","date":"enero 24, 2009","format":false,"excerpt":"[hana-flv-player video=\"\/blog\/wp-content\/uploads\/2009\/01\/ESPANA\/Zapatero_Comparar_es_bueno.flv\" width=\"550\" height=\"\" description=\"Comparar es Bueno - Zapatero\" clickurl=\"\" clicktarget=\"\" player=\"4\" autoplay=\"false\" loop=\"false\" autorewind=\"true\" splashimage=\"\" skin=\"\" \/] [icon color=\"Accent-Color\" size=\"regular\" image=\"steadysets-icon-chat\"] Contexto Spot del PSOE donde se comparan algunas cifras de resultados con sus equivalentes en gobiernos del PP. Una campa\u00f1a contundente y \u00e1gil que trasmite la percepci\u00f3n de\u2026","rel":"","context":"En \u00abCampa\u00f1a Presidencial\u00bb","block_context":{"text":"Campa\u00f1a Presidencial","link":"https:\/\/estrategica.com.co\/blog\/category\/temas\/campana-presidencial\/"},"img":{"alt_text":"","src":"https:\/\/i0.wp.com\/estrategica.com.co\/blog\/wp-content\/uploads\/2009\/01\/zapatero_comparar_es_bueno_thumb.png?fit=311%2C232&ssl=1&resize=350%2C200","width":350,"height":200},"classes":[]},{"id":2739,"url":"https:\/\/estrategica.com.co\/blog\/malaga-suma-psoe\/","url_meta":{"origin":2769,"position":1},"title":"M\u00e1laga Suma &#8211; PSOE","author":"Juliana","date":"enero 26, 2009","format":false,"excerpt":"[hana-flv-player video=\"\/blog\/wp-content\/uploads\/2009\/01\/ESPANA\/Malaga_Suma.flv\" width=\"550\" height=\"\" description=\"M\u00e1laga Suma - PSOE\" clickurl=\"\" clicktarget=\"\" player=\"4\" autoplay=\"false\" loop=\"false\" autorewind=\"true\" splashimage=\"\" skin=\"\" \/] [icon color=\"Accent-Color\" size=\"regular\" image=\"steadysets-icon-chat\"] Contexto Spot de campa\u00f1a del partido socialista a la alcald\u00eda de M\u00e1laga. La grafica es \u00e1gil, en formato moderno y con mensajes claros y bien focalizados. El slogan \u201cM\u00e1laga\u2026","rel":"","context":"En \u00abCampa\u00f1a Uninominal\u00bb","block_context":{"text":"Campa\u00f1a Uninominal","link":"https:\/\/estrategica.com.co\/blog\/category\/temas\/campana-uninominal\/"},"img":{"alt_text":"","src":"","width":0,"height":0},"classes":[]},{"id":2682,"url":"https:\/\/estrategica.com.co\/blog\/crispacion\/","url_meta":{"origin":2769,"position":2},"title":"Crispaci\u00f3n","author":"Juliana","date":"febrero 3, 2009","format":false,"excerpt":"[hana-flv-player video=\"\/blog\/wp-content\/uploads\/2009\/01\/ESPANA\/Crispacion_PSOE.flv\" width=\"550\" height=\"\" description=\"Crispaci\u00f3n\" clickurl=\"\" clicktarget=\"\" player=\"4\" autoplay=\"false\" loop=\"false\" autorewind=\"true\" splashimage=\"\" skin=\"\" \/] [icon color=\"Accent-Color\" size=\"regular\" image=\"steadysets-icon-chat\"] Contexto Spot de publicidad negativa que ataca al Partido Popular y beneficia, t\u00e1citamente, al PSOE. Los socialistas nunca aceptaron ser los autores de esta iniciativa pero sin embargo la web del partido\u2026","rel":"","context":"En \u00abCampa\u00f1a Presidencial\u00bb","block_context":{"text":"Campa\u00f1a Presidencial","link":"https:\/\/estrategica.com.co\/blog\/category\/temas\/campana-presidencial\/"},"img":{"alt_text":"","src":"","width":0,"height":0},"classes":[]},{"id":2827,"url":"https:\/\/estrategica.com.co\/blog\/vota_psoe\/","url_meta":{"origin":2769,"position":3},"title":"Rosas &#8211; Vota PSOE","author":"Juliana","date":"enero 24, 2009","format":false,"excerpt":"[hana-flv-player video=\"\/blog\/wp-content\/uploads\/2009\/01\/ESPANA\/Vota_PSOE.flv\" width=\"550\" height=\"\" description=\"Rosas - Vota PSOE\" clickurl=\"\" clicktarget=\"\" player=\"4\" autoplay=\"false\" loop=\"false\" autorewind=\"true\" splashimage=\"\" skin=\"\" \/] [icon color=\"Accent-Color\" size=\"regular\" image=\"steadysets-icon-chat\"] Contexto Maravilloso Spot del PSOE donde se motiva el voto partidista utilizando creativamente la rosa, s\u00edmbolo del socialismo. \u201cTu arte, tu respiraci\u00f3n, tu comodidad, tus cuidados, tus derechos, tu\u2026","rel":"","context":"En \u00abCampa\u00f1a Cuerpo Colegiado\u00bb","block_context":{"text":"Campa\u00f1a Cuerpo Colegiado","link":"https:\/\/estrategica.com.co\/blog\/category\/temas\/campana-colegiada\/"},"img":{"alt_text":"","src":"https:\/\/i0.wp.com\/estrategica.com.co\/blog\/wp-content\/uploads\/2009\/01\/vota_psoe_thumb.png?fit=315%2C250&ssl=1&resize=350%2C200","width":350,"height":200},"classes":[]},{"id":17956,"url":"https:\/\/estrategica.com.co\/blog\/que-pintabamos-en-irak-psoe\/","url_meta":{"origin":2769,"position":4},"title":"Qu\u00e9 Pintabamos en Irak &#8211; PSOE","author":"Juliana","date":"agosto 29, 2009","format":false,"excerpt":"[hana-flv-player video=\"\/blog\/wp-content\/uploads\/2009\/01\/videosultimosconver\/quepintabamos.flv\" width=\"550\" height=\"\" description=\"Qu\u00e9 Pintabamos en Irak - PSOE\" clickurl=\"\" clicktarget=\"\" player=\"4\" autoplay=\"false\" loop=\"false\" autorewind=\"true\" splashimage=\"\" skin=\"\" \/] [icon color=\"Accent-Color\" size=\"regular\" image=\"steadysets-icon-chat\"] Contexto Spot del PSOE contra el Partido Popular en donde de una forma muy grafica y caricaturesca posicionan el mensaje del absurdo que hubieran fuerzas espa\u00f1olas en\u2026","rel":"","context":"En \u00ab2008\u00bb","block_context":{"text":"2008","link":"https:\/\/estrategica.com.co\/blog\/category\/ano\/2008\/"},"img":{"alt_text":"","src":"https:\/\/i0.wp.com\/estrategica.com.co\/blog\/wp-content\/uploads\/2009\/06\/quepintabamos_thumb.png?fit=702%2C392&ssl=1&resize=350%2C200","width":350,"height":200},"classes":[]},{"id":18263,"url":"https:\/\/estrategica.com.co\/blog\/violencia-de-genero-psoe\/","url_meta":{"origin":2769,"position":5},"title":"Violencia de G\u00e9nero &#8211; PSOE","author":"Juliana","date":"junio 30, 2009","format":false,"excerpt":"[hana-flv-player video=\"\/blog\/wp-content\/uploads\/2009\/01\/videosultimosconver\/violenciadegenero.flv\" width=\"550\" height=\"\" description=\"Violencia de G\u00e9nero - PSOE\" clickurl=\"\" clicktarget=\"\" player=\"4\" autoplay=\"false\" loop=\"false\" autorewind=\"true\" splashimage=\"\" skin=\"\" \/] [icon color=\"Accent-Color\" size=\"regular\" image=\"steadysets-icon-chat\"] Contexto Acto del PSOE en donde un grupo de actores, en presencia de la Ministra de Igualdad, posicionan un mensaje con ocasi\u00f3n del d\u00eda internacional de la lucha\u2026","rel":"","context":"En \u00ab2008\u00bb","block_context":{"text":"2008","link":"https:\/\/estrategica.com.co\/blog\/category\/ano\/2008\/"},"img":{"alt_text":"","src":"https:\/\/i0.wp.com\/estrategica.com.co\/blog\/wp-content\/uploads\/2009\/06\/violenciadegenero_thumb.png?fit=659%2C419&ssl=1&resize=350%2C200","width":350,"height":200},"classes":[]}],"jetpack_sharing_enabled":true,"_links":{"self":[{"href":"https:\/\/estrategica.com.co\/blog\/wp-json\/wp\/v2\/posts\/2769","targetHints":{"allow":["GET"]}}],"collection":[{"href":"https:\/\/estrategica.com.co\/blog\/wp-json\/wp\/v2\/posts"}],"about":[{"href":"https:\/\/estrategica.com.co\/blog\/wp-json\/wp\/v2\/types\/post"}],"author":[{"embeddable":true,"href":"https:\/\/estrategica.com.co\/blog\/wp-json\/wp\/v2\/users\/5"}],"replies":[{"embeddable":true,"href":"https:\/\/estrategica.com.co\/blog\/wp-json\/wp\/v2\/comments?post=2769"}],"version-history":[{"count":6,"href":"https:\/\/estrategica.com.co\/blog\/wp-json\/wp\/v2\/posts\/2769\/revisions"}],"predecessor-version":[{"id":52068,"href":"https:\/\/estrategica.com.co\/blog\/wp-json\/wp\/v2\/posts\/2769\/revisions\/52068"}],"wp:featuredmedia":[{"embeddable":true,"href":"https:\/\/estrategica.com.co\/blog\/wp-json\/wp\/v2\/media\/2770"}],"wp:attachment":[{"href":"https:\/\/estrategica.com.co\/blog\/wp-json\/wp\/v2\/media?parent=2769"}],"wp:term":[{"taxonomy":"category","embeddable":true,"href":"https:\/\/estrategica.com.co\/blog\/wp-json\/wp\/v2\/categories?post=2769"},{"taxonomy":"post_tag","embeddable":true,"href":"https:\/\/estrategica.com.co\/blog\/wp-json\/wp\/v2\/tags?post=2769"}],"curies":[{"name":"wp","href":"https:\/\/api.w.org\/{rel}","templated":true}]}}