{"id":2777,"date":"2009-01-25T04:05:51","date_gmt":"2009-01-25T04:05:51","guid":{"rendered":"http:\/\/estrategica.com.co\/blog\/?p=2777"},"modified":"2015-04-08T12:48:55","modified_gmt":"2015-04-08T17:48:55","slug":"aragon-con-mas-fuerza-euro","status":"publish","type":"post","link":"https:\/\/estrategica.com.co\/blog\/aragon-con-mas-fuerza-euro\/","title":{"rendered":"Arag\u00f3n con m\u00e1s fuerza &#8211; Euro"},"content":{"rendered":"<p> <script type='text\/javascript' src='https:\/\/estrategica.com.co\/blog\/wp-content\/plugins\/hana-flv-player\/flowplayer3\/example\/flowplayer-3.2.6.min.js'><\/script>\n<div >\n<div id='hana_flv_flow3_1' style='display:block;width:550px;height:413px;background-color:#555555;color:#ffffff;padding:0' title=\"*Video:arag\u00f3n con m\u00e1s fuerza - euro\"><\/div>\n<\/div>\n\n<script  type='text\/javascript'>\nif (typeof g_hanaFlash !== 'undefined' && !g_hanaFlash){\n    jQuery('#hana_flv_flow3_1').css( 'padding', '5px' );\n\tjQuery('#hana_flv_flow3_1').html(\"<span class='inactive_message' style='display:block'>Sorry, your browser does not support Flash Video Player<\/span> *Video:arag\u00f3n con m\u00e1s fuerza - euro\");\n}else{\t\t\t\n\t\tflowplayer('hana_flv_flow3_1', { src: 'https:\/\/estrategica.com.co\/blog\/wp-content\/plugins\/hana-flv-player\/flowplayer3\/flowplayer-3.2.7.swf', wmode: 'transparent' }, { \n\n\t\t\tcanvas: { backgroundColor: '#000000', backgroundGradient: 'none',},\n    \t\tclip:  { \n    \t\t\turl: '\/blog\/wp-content\/uploads\/2009\/01\/ESPANA\/Spot_Aragon.flv',\n        \t\tscaling: 'fit', autoPlay: false, autoBuffering: true \n\t\t\t\t   , onFinish : function () { this.seek(0); }  \n\n\t        }\n\n\t\t});\n}\n<\/script><br \/>\n<\/br><\/p>\n<p>[icon color=\u00bbAccent-Color\u00bb size=\u00bbregular\u00bb image=\u00bbsteadysets-icon-chat\u00bb] <strong>Contexto<\/strong><\/br><\/br><\/p>\n<p style=\"text-align: justify;\">Spot de la \u201cChunta Aragonesista\u201d o Junta Aragonesa. En este Spot, como en otros, se apela al sarcasmo y al humor para llamar la atenci\u00f3n sobre problemas derivados del Euro. El slogan: \u201cArag\u00f3n con m\u00e1s fuerza\u201d es bueno y tiene la versatilidad de referirse a todo.<\/p><\/p>\n","protected":false},"excerpt":{"rendered":"<p>*Video: arag\u00f3n con m\u00e1s fuerza &#8211; euro [icon color=\u00bbAccent-Color\u00bb size=\u00bbregular\u00bb image=\u00bbsteadysets-icon-chat\u00bb] Contexto Spot de la \u201cChunta Aragonesista\u201d o Junta Aragonesa. En este Spot, como en otros, se apela al sarcasmo y al humor para llamar la atenci\u00f3n sobre problemas derivados del Euro. El slogan: \u201cArag\u00f3n con m\u00e1s fuerza\u201d es bueno y tiene la versatilidad de [&hellip;]<\/p>\n","protected":false},"author":5,"featured_media":2778,"comment_status":"open","ping_status":"open","sticky":false,"template":"","format":"standard","meta":{"_et_pb_use_builder":"","_et_pb_old_content":"","_et_gb_content_width":"","advanced_seo_description":"","jetpack_seo_html_title":"","jetpack_seo_noindex":false,"footnotes":""},"categories":[58,34,23,10,11,3],"tags":[93],"class_list":["post-2777","post","type-post","status-publish","format-standard","has-post-thumbnail","hentry","category-campana-colegiada","category-electoral","category-espana","category-geo","category-temas","category-video","tag-elecciones-2008"],"jetpack_featured_media_url":"https:\/\/i0.wp.com\/estrategica.com.co\/blog\/wp-content\/uploads\/2009\/01\/spot_aragon_thumb.png?fit=318%2C165&ssl=1","jetpack_shortlink":"https:\/\/wp.me\/p4wgsh-IN","jetpack-related-posts":[{"id":2823,"url":"https:\/\/estrategica.com.co\/blog\/aragon-con-mas-fuerza-tunel\/","url_meta":{"origin":2777,"position":0},"title":"Arag\u00f3n con m\u00e1s fuerza &#8211; Tunel","author":"Juliana","date":"enero 24, 2009","format":false,"excerpt":"[hana-flv-player video=\"\/blog\/wp-content\/uploads\/2009\/01\/ESPANA\/Tunel_Spot_Aragon.flv\" width=\"550\" height=\"\" description=\"Arag\u00f3n con m\u00e1s fuerza - Tunel\" clickurl=\"\" clicktarget=\"\" player=\"4\" autoplay=\"false\" loop=\"false\" autorewind=\"true\" splashimage=\"\" skin=\"\" \/] [icon color=\"Accent-Color\" size=\"regular\" image=\"steadysets-icon-chat\"] Contexto Maravilloso Spot de la \u201cChunta Aragonesista\u201d o Junta Aragonesa. En este Spot se apela al sarcasmo y al humor para llamar la atenci\u00f3n sobre los planes\u2026","rel":"","context":"En \u00abCampa\u00f1a Cuerpo Colegiado\u00bb","block_context":{"text":"Campa\u00f1a Cuerpo Colegiado","link":"https:\/\/estrategica.com.co\/blog\/category\/temas\/campana-colegiada\/"},"img":{"alt_text":"","src":"","width":0,"height":0},"classes":[]},{"id":2677,"url":"https:\/\/estrategica.com.co\/blog\/%c2%bfconoces-algun-parlamentario-aragones-en-madrid\/","url_meta":{"origin":2777,"position":1},"title":"\u00bfCONOCES ALGUN PARLAMENTARIO ARAGONES EN MADRID?","author":"Juliana","date":"febrero 14, 2009","format":false,"excerpt":"[hana-flv-player video=\"\/blog\/wp-content\/uploads\/2009\/01\/ESPANA\/Conoces_Paralamentarios_Aragoneces.flv\" width=\"550\" height=\"\" description=\"\u00bfCONOCES ALGUN PARLAMENTARIO ARAGONES EN MADRID?\" clickurl=\"\" clicktarget=\"\" player=\"4\" autoplay=\"false\" loop=\"false\" autorewind=\"true\" splashimage=\"\" skin=\"\" \/] [icon color=\"Accent-Color\" size=\"regular\" image=\"steadysets-icon-chat\"] Contexto Spot de campa\u00f1a de la \u201cChunta Aragonesista\u201d o Junta Aragonesa.\u00a0 En \u00e9l se hace una pregunta contundente: \u00bfCONOCES ALGUN PARLAMENTARIO ARAGONES EN MADRID? Y ante la\u2026","rel":"","context":"En \u00ab2008\u00bb","block_context":{"text":"2008","link":"https:\/\/estrategica.com.co\/blog\/category\/ano\/2008\/"},"img":{"alt_text":"","src":"","width":0,"height":0},"classes":[]},{"id":2621,"url":"https:\/\/estrategica.com.co\/blog\/junta-aragonesa-futbol\/","url_meta":{"origin":2777,"position":2},"title":"Junta Aragonesa: Futbol","author":"Juliana","date":"febrero 14, 2009","format":false,"excerpt":"[hana-flv-player video=\"\/blog\/wp-content\/uploads\/2009\/01\/ESPANA\/Aragon_Futbol.flv\" width=\"550\" height=\"\" description=\"Junta Aragonesa: Futbol\" clickurl=\"\" clicktarget=\"\" player=\"4\" autoplay=\"false\" loop=\"false\" autorewind=\"true\" splashimage=\"\" skin=\"\" \/] [icon color=\"Accent-Color\" size=\"regular\" image=\"steadysets-icon-chat\"] Contexto Divertido spot de la Junta Aragonesa en donde se utilizan los comportamientos del futbol para evidenciar la importancia de que Arag\u00f3n tenga una voz en Madrid.\u00a0 La idea es\u2026","rel":"","context":"En \u00ab2008\u00bb","block_context":{"text":"2008","link":"https:\/\/estrategica.com.co\/blog\/category\/ano\/2008\/"},"img":{"alt_text":"","src":"","width":0,"height":0},"classes":[]},{"id":2669,"url":"https:\/\/estrategica.com.co\/blog\/conejos-y-chistera\/","url_meta":{"origin":2777,"position":3},"title":"Conejos y Chistera","author":"Juliana","date":"febrero 12, 2009","format":false,"excerpt":"[hana-flv-player video=\"\/blog\/wp-content\/uploads\/2009\/01\/ESPANA\/Conejos_y_Chisteras_PP.flv\" width=\"550\" height=\"\" description=\"Conejos y Chistera\" clickurl=\"\" clicktarget=\"\" player=\"4\" autoplay=\"false\" loop=\"false\" autorewind=\"true\" splashimage=\"\" skin=\"\" \/] [icon color=\"Accent-Color\" size=\"regular\" image=\"steadysets-icon-chat\"] Contexto Video del Partido Popular para las elecciones generales de 2007. El spot copia la est\u00e9tica de la rendici\u00f3n de cuentas que hab\u00eda hecho el gobierno en \u201cEspa\u00f1a: 2004-2008\u201d para\u2026","rel":"","context":"En \u00abCampa\u00f1a Presidencial\u00bb","block_context":{"text":"Campa\u00f1a Presidencial","link":"https:\/\/estrategica.com.co\/blog\/category\/temas\/campana-presidencial\/"},"img":{"alt_text":"","src":"","width":0,"height":0},"classes":[]},{"id":8181,"url":"https:\/\/estrategica.com.co\/blog\/lo-que-nos-une-upd\/","url_meta":{"origin":2777,"position":4},"title":"Lo que nos Une &#8211; UPD","author":"Juliana","date":"marzo 29, 2009","format":false,"excerpt":"[hana-flv-player video=\"\/blog\/wp-content\/uploads\/2009\/01\/videos_varios_f\/Spot_Electoral_UPD_Elecciones_2008.flv\" width=\"550\" height=\"\" description=\"Lo que nos Une - UPD\" clickurl=\"\" clicktarget=\"\" player=\"4\" autoplay=\"false\" loop=\"false\" autorewind=\"true\" splashimage=\"\" skin=\"\" \/] [icon color=\"Accent-Color\" size=\"regular\" image=\"steadysets-icon-chat\"] Contexto Spot de Campa\u00f1a de Partido Uni\u00f3n, Progreso y Democracia, UPD, durante las elecciones generales de 2008. Esta Partido, fundado en 2007, obtuvo un diputado por la\u2026","rel":"","context":"En \u00abCampa\u00f1a Cuerpo Colegiado\u00bb","block_context":{"text":"Campa\u00f1a Cuerpo Colegiado","link":"https:\/\/estrategica.com.co\/blog\/category\/temas\/campana-colegiada\/"},"img":{"alt_text":"","src":"","width":0,"height":0},"classes":[]},{"id":2809,"url":"https:\/\/estrategica.com.co\/blog\/yo-vote-tourino\/","url_meta":{"origin":2777,"position":5},"title":"Yo Vote &#8211; Touri\u00f1o","author":"Juliana","date":"enero 17, 2011","format":false,"excerpt":"[hana-flv-player video=\"\/blog\/wp-content\/uploads\/2009\/01\/ESPANA\/SPOT_PSOE.flv\" width=\"550\" height=\"\" description=\"Yo Vote - Touri\u00f1o\" clickurl=\"\" clicktarget=\"\" player=\"4\" autoplay=\"false\" loop=\"false\" autorewind=\"true\" splashimage=\"\" skin=\"\" \/] [icon color=\"Accent-Color\" size=\"regular\" image=\"steadysets-icon-chat\"] Contexto Campa\u00f1a de Emilio P\u00e9rez Touri\u00f1o, del PSOE, durante la contienda electoral de 2009 para la Presidencia de Galicia. Los socialistas buscaban revalidar su mandato sobre Galicia con un\u2026","rel":"","context":"En \u00ab2009\u00bb","block_context":{"text":"2009","link":"https:\/\/estrategica.com.co\/blog\/category\/ano\/2009\/"},"img":{"alt_text":"","src":"https:\/\/i0.wp.com\/estrategica.com.co\/blog\/wp-content\/uploads\/2009\/01\/spot_psoe_elecciones_europeas_thumb.png?fit=313%2C234&ssl=1&resize=350%2C200","width":350,"height":200},"classes":[]}],"jetpack_sharing_enabled":true,"_links":{"self":[{"href":"https:\/\/estrategica.com.co\/blog\/wp-json\/wp\/v2\/posts\/2777","targetHints":{"allow":["GET"]}}],"collection":[{"href":"https:\/\/estrategica.com.co\/blog\/wp-json\/wp\/v2\/posts"}],"about":[{"href":"https:\/\/estrategica.com.co\/blog\/wp-json\/wp\/v2\/types\/post"}],"author":[{"embeddable":true,"href":"https:\/\/estrategica.com.co\/blog\/wp-json\/wp\/v2\/users\/5"}],"replies":[{"embeddable":true,"href":"https:\/\/estrategica.com.co\/blog\/wp-json\/wp\/v2\/comments?post=2777"}],"version-history":[{"count":6,"href":"https:\/\/estrategica.com.co\/blog\/wp-json\/wp\/v2\/posts\/2777\/revisions"}],"predecessor-version":[{"id":52072,"href":"https:\/\/estrategica.com.co\/blog\/wp-json\/wp\/v2\/posts\/2777\/revisions\/52072"}],"wp:featuredmedia":[{"embeddable":true,"href":"https:\/\/estrategica.com.co\/blog\/wp-json\/wp\/v2\/media\/2778"}],"wp:attachment":[{"href":"https:\/\/estrategica.com.co\/blog\/wp-json\/wp\/v2\/media?parent=2777"}],"wp:term":[{"taxonomy":"category","embeddable":true,"href":"https:\/\/estrategica.com.co\/blog\/wp-json\/wp\/v2\/categories?post=2777"},{"taxonomy":"post_tag","embeddable":true,"href":"https:\/\/estrategica.com.co\/blog\/wp-json\/wp\/v2\/tags?post=2777"}],"curies":[{"name":"wp","href":"https:\/\/api.w.org\/{rel}","templated":true}]}}