{"id":2793,"date":"2009-01-25T03:15:49","date_gmt":"2009-01-25T08:15:49","guid":{"rendered":"http:\/\/estrategica.com.co\/blog\/?p=2793"},"modified":"2015-04-08T14:42:49","modified_gmt":"2015-04-08T19:42:49","slug":"nuevo-alcalde-nuevas-ideas-jordi-hereu","status":"publish","type":"post","link":"https:\/\/estrategica.com.co\/blog\/nuevo-alcalde-nuevas-ideas-jordi-hereu\/","title":{"rendered":"Nuevo Alcalde, Nuevas Ideas &#8211; Jordi Hereu"},"content":{"rendered":"<p> <script type='text\/javascript' src='https:\/\/estrategica.com.co\/blog\/wp-content\/plugins\/hana-flv-player\/flowplayer3\/example\/flowplayer-3.2.6.min.js'><\/script>\n<div >\n<div id='hana_flv_flow3_1' style='display:block;width:550px;height:413px;background-color:#555555;color:#ffffff;padding:0' title=\"*Video:nuevo alcalde, nuevas ideas - jordi hereu\"><\/div>\n<\/div>\n\n<script  type='text\/javascript'>\nif (typeof g_hanaFlash !== 'undefined' && !g_hanaFlash){\n    jQuery('#hana_flv_flow3_1').css( 'padding', '5px' );\n\tjQuery('#hana_flv_flow3_1').html(\"<span class='inactive_message' style='display:block'>Sorry, your browser does not support Flash Video Player<\/span> *Video:nuevo alcalde, nuevas ideas - jordi hereu\");\n}else{\t\t\t\n\t\tflowplayer('hana_flv_flow3_1', { src: 'https:\/\/estrategica.com.co\/blog\/wp-content\/plugins\/hana-flv-player\/flowplayer3\/flowplayer-3.2.7.swf', wmode: 'transparent' }, { \n\n\t\t\tcanvas: { backgroundColor: '#000000', backgroundGradient: 'none',},\n    \t\tclip:  { \n    \t\t\turl: '\/blog\/wp-content\/uploads\/2009\/01\/ESPANA\/Spot_de_Jordi_Hereu.flv',\n        \t\tscaling: 'fit', autoPlay: false, autoBuffering: true \n\t\t\t\t   , onFinish : function () { this.seek(0); }  \n\n\t        }\n\n\t\t});\n}\n<\/script><br \/>\n<\/br><\/p>\n<p>[icon color=\u00bbAccent-Color\u00bb size=\u00bbregular\u00bb image=\u00bbsteadysets-icon-chat\u00bb] <strong>Contexto<\/strong><\/br><\/br><\/p>\n<p style=\"text-align: justify;\">Campa\u00f1a de Jordi Hereu a la alcald\u00eda de Barcelona en el a\u00f1o 2006. El formato es \u00e1gil, moderno y relajado.\u00a0 En una secuencia de im\u00e1genes muestra los distintos actores que conviven en la ciudad y como han aparecido nuevos actores y escenarios, para concluir que hay que votar por \u00e9l pues es \u201cnuevo alcalde, nuevas ideas\u201d. Es cercano al Partido Socialista de Catalu\u00f1a.<\/p><\/p>\n","protected":false},"excerpt":{"rendered":"<p>*Video: nuevo alcalde, nuevas ideas &#8211; jordi hereu [icon color=\u00bbAccent-Color\u00bb size=\u00bbregular\u00bb image=\u00bbsteadysets-icon-chat\u00bb] Contexto Campa\u00f1a de Jordi Hereu a la alcald\u00eda de Barcelona en el a\u00f1o 2006. El formato es \u00e1gil, moderno y relajado.\u00a0 En una secuencia de im\u00e1genes muestra los distintos actores que conviven en la ciudad y como han aparecido nuevos actores y escenarios, [&hellip;]<\/p>\n","protected":false},"author":5,"featured_media":2794,"comment_status":"open","ping_status":"open","sticky":false,"template":"","format":"standard","meta":{"_et_pb_use_builder":"","_et_pb_old_content":"","_et_gb_content_width":"","advanced_seo_description":"","jetpack_seo_html_title":"","jetpack_seo_noindex":false,"footnotes":""},"categories":[269,263,59,34,23,10,11,3],"tags":[197,52,195,975],"class_list":["post-2793","post","type-post","status-publish","format-standard","has-post-thumbnail","hentry","category-269","category-ano","category-campana-uninominal","category-electoral","category-espana","category-geo","category-temas","category-video","tag-barcelona","tag-elecciones-2007","tag-jordi-hereu","tag-partido-de-los-socialistas-de-cataluna"],"jetpack_featured_media_url":"https:\/\/i0.wp.com\/estrategica.com.co\/blog\/wp-content\/uploads\/2009\/01\/spot_de_jordi_hereu_thumb.png?fit=317%2C189&ssl=1","jetpack_shortlink":"https:\/\/wp.me\/p4wgsh-J3","jetpack-related-posts":[{"id":33452,"url":"https:\/\/estrategica.com.co\/blog\/segonspotdejordihereu\/","url_meta":{"origin":2793,"position":0},"title":"Mirar a lo lejos, trabajar desde cerca &#8211; Hereu","author":"Juliana","date":"marzo 18, 2012","format":false,"excerpt":"[hana-flv-player video=\"\/blog\/wp-content\/uploads\/2009\/01\/20111213\/SegonspotdeJordiHereu.flv\" width=\"550\" height=\"\" description=\"Mirar a lo lejos, trabajar desde cerca - Hereu\" clickurl=\"\" clicktarget=\"\" player=\"4\" autoplay=\"false\" loop=\"false\" autorewind=\"false\" splashimage=\"\" skin=\"\" \/] [icon color=\"Accent-Color\" size=\"regular\" image=\"steadysets-icon-chat\"] Contexto Spot de la campa\u00f1a de Jordi Hereu a la Alcald\u00eda de Barcelona durante la contienda electoral de 2007, a nombre del Partido de\u2026","rel":"","context":"En \u00ab2007\u00bb","block_context":{"text":"2007","link":"https:\/\/estrategica.com.co\/blog\/category\/ano\/2007\/"},"img":{"alt_text":"","src":"https:\/\/i0.wp.com\/estrategica.com.co\/blog\/wp-content\/uploads\/2012\/03\/SegonspotdeJordiHereu_thumb.png?fit=640%2C383&ssl=1&resize=350%2C200","width":350,"height":200},"classes":[]},{"id":15723,"url":"https:\/\/estrategica.com.co\/blog\/aire-nuevo-villar\/","url_meta":{"origin":2793,"position":1},"title":"Aire Nuevo &#8211; Villar","author":"Juliana","date":"enero 24, 2011","format":false,"excerpt":"[hana-flv-player video=\"\/blog\/wp-content\/uploads\/2009\/01\/videos_ultimos\/av294.flv\" width=\"550\" height=\"\" description=\"Aire Nuevo - Villar\" clickurl=\"\" clicktarget=\"\" player=\"4\" autoplay=\"false\" loop=\"false\" autorewind=\"true\" splashimage=\"\" skin=\"\" \/] [icon color=\"Accent-Color\" size=\"regular\" image=\"steadysets-icon-chat\"] Contexto Spot de la Campa\u00f1a de Agust\u00edn Villar Iglesias a la Alcald\u00eda del Sevilla en el a\u00f1o 2007, a nombre del Partido Andalucista. Una pieza \u00e1gil y tranquila que\u2026","rel":"","context":"En \u00ab2007\u00bb","block_context":{"text":"2007","link":"https:\/\/estrategica.com.co\/blog\/category\/ano\/2007\/"},"img":{"alt_text":"","src":"https:\/\/i0.wp.com\/estrategica.com.co\/blog\/wp-content\/uploads\/2009\/05\/av294_thumb.png?fit=440%2C379&ssl=1&resize=350%2C200","width":350,"height":200},"classes":[]},{"id":24421,"url":"https:\/\/estrategica.com.co\/blog\/camino-nuevo-buena-constitucion-cuentas-claras\/","url_meta":{"origin":2793,"position":2},"title":"Camino Nuevo &#8211; Buena Constituci\u00f3n &#8211; Cuentas Claras","author":"Juliana","date":"octubre 12, 2010","format":false,"excerpt":"[hana-flv-player video=\"\/blog\/wp-content\/uploads\/2009\/01\/20100708\/SpotSouto14.flv\" width=\"550\" height=\"\" description=\"Camino Nuevo - Buena Constituci\u00f3n - Cuentas Claras\" clickurl=\"\" clicktarget=\"\" player=\"4\" autoplay=\"false\" loop=\"false\" autorewind=\"true\" splashimage=\"\" skin=\"\" \/] [icon color=\"Accent-Color\" size=\"regular\" image=\"steadysets-icon-chat\"] Contexto Spot de la campa\u00f1a de Fernando de la Rua a la Alcald\u00eda de la Ciudad de Buenos Aires, en el a\u00f1o 1996. Es la\u2026","rel":"","context":"En \u00ab1996\u00bb","block_context":{"text":"1996","link":"https:\/\/estrategica.com.co\/blog\/category\/ano\/1996\/"},"img":{"alt_text":"","src":"https:\/\/i0.wp.com\/estrategica.com.co\/blog\/wp-content\/uploads\/2010\/07\/SpotSouto14_thumb.png?fit=577%2C534&ssl=1&resize=350%2C200","width":350,"height":200},"classes":[]},{"id":15251,"url":"https:\/\/estrategica.com.co\/blog\/av189\/","url_meta":{"origin":2793,"position":3},"title":"\u00c9L- Gobierno de Espa\u00f1a","author":"Juliana","date":"abril 17, 2011","format":false,"excerpt":"[hana-flv-player video=\"\/blog\/wp-content\/uploads\/2009\/01\/videos_ultimos\/av189.flv\" width=\"550\" height=\"\" description=\"\u00c9L- Gobierno de Espa\u00f1a\" clickurl=\"\" clicktarget=\"\" player=\"4\" autoplay=\"false\" loop=\"false\" autorewind=\"true\" splashimage=\"\" skin=\"\" \/] [icon color=\"Accent-Color\" size=\"regular\" image=\"steadysets-icon-chat\"] Contexto Spot del Ministerio de Trabajo y Asuntos Sociales de Espa\u00f1a, en el a\u00f1o 2007, para promocionar las acciones que se desprenden contra la ley que lucha contra los\u2026","rel":"","context":"En \u00ab2007\u00bb","block_context":{"text":"2007","link":"https:\/\/estrategica.com.co\/blog\/category\/ano\/2007\/"},"img":{"alt_text":"","src":"https:\/\/i0.wp.com\/estrategica.com.co\/blog\/wp-content\/uploads\/2009\/05\/av189_thumb.png?fit=441%2C258&ssl=1&resize=350%2C200","width":350,"height":200},"classes":[]},{"id":15255,"url":"https:\/\/estrategica.com.co\/blog\/av190\/","url_meta":{"origin":2793,"position":4},"title":"Ellos &#8211; Gobierno de Espa\u00f1a","author":"Juliana","date":"abril 17, 2011","format":false,"excerpt":"[hana-flv-player video=\"\/blog\/wp-content\/uploads\/2009\/01\/videos_ultimos\/av190.flv\" width=\"550\" height=\"\" description=\"Ellos - Gobierno de Espa\u00f1a\" clickurl=\"\" clicktarget=\"\" player=\"4\" autoplay=\"false\" loop=\"false\" autorewind=\"true\" splashimage=\"\" skin=\"\" \/] [icon color=\"Accent-Color\" size=\"regular\" image=\"steadysets-icon-chat\"] Contexto Spot del Ministerio de Trabajo y Asuntos Sociales de Espa\u00f1a, en el a\u00f1o 2007, para promocionar las acciones que se desprenden contra la ley que lucha contra\u2026","rel":"","context":"En \u00ab2007\u00bb","block_context":{"text":"2007","link":"https:\/\/estrategica.com.co\/blog\/category\/ano\/2007\/"},"img":{"alt_text":"","src":"https:\/\/i0.wp.com\/estrategica.com.co\/blog\/wp-content\/uploads\/2009\/05\/av190_thumb.png?fit=398%2C254&ssl=1&resize=350%2C200","width":350,"height":200},"classes":[]},{"id":7412,"url":"https:\/\/estrategica.com.co\/blog\/tu-voto-puede-elecciones-municipales-zapatero\/","url_meta":{"origin":2793,"position":5},"title":"Tu Voto Puede &#8211; Elecciones Municipales &#8211; Zapatero","author":"Juliana","date":"marzo 21, 2009","format":false,"excerpt":"[hana-flv-player video=\"\/blog\/wp-content\/uploads\/2009\/01\/videos_varios_f\/Haremos_mas_Video_Psoe_Campan_Electoral_2007.flv\" width=\"550\" height=\"\" description=\"Tu Voto Puede - Elecciones Municipales - Zapatero\" clickurl=\"\" clicktarget=\"\" player=\"4\" autoplay=\"false\" loop=\"false\" autorewind=\"true\" splashimage=\"\" skin=\"\" \/] [icon color=\"Accent-Color\" size=\"regular\" image=\"steadysets-icon-chat\"] Contexto Spot de Campa\u00f1a del Partido Socialista Espa\u00f1ol para las elecciones municipales de 2007.\u00a0 Despu\u00e9s de \u201cNuevos tiempos\u201d y \u201cMiramos adelante\u201d el PSOE escogi\u00f3 el\u2026","rel":"","context":"En \u00abCampa\u00f1a Uninominal\u00bb","block_context":{"text":"Campa\u00f1a Uninominal","link":"https:\/\/estrategica.com.co\/blog\/category\/temas\/campana-uninominal\/"},"img":{"alt_text":"","src":"","width":0,"height":0},"classes":[]}],"jetpack_sharing_enabled":true,"_links":{"self":[{"href":"https:\/\/estrategica.com.co\/blog\/wp-json\/wp\/v2\/posts\/2793","targetHints":{"allow":["GET"]}}],"collection":[{"href":"https:\/\/estrategica.com.co\/blog\/wp-json\/wp\/v2\/posts"}],"about":[{"href":"https:\/\/estrategica.com.co\/blog\/wp-json\/wp\/v2\/types\/post"}],"author":[{"embeddable":true,"href":"https:\/\/estrategica.com.co\/blog\/wp-json\/wp\/v2\/users\/5"}],"replies":[{"embeddable":true,"href":"https:\/\/estrategica.com.co\/blog\/wp-json\/wp\/v2\/comments?post=2793"}],"version-history":[{"count":8,"href":"https:\/\/estrategica.com.co\/blog\/wp-json\/wp\/v2\/posts\/2793\/revisions"}],"predecessor-version":[{"id":52080,"href":"https:\/\/estrategica.com.co\/blog\/wp-json\/wp\/v2\/posts\/2793\/revisions\/52080"}],"wp:featuredmedia":[{"embeddable":true,"href":"https:\/\/estrategica.com.co\/blog\/wp-json\/wp\/v2\/media\/2794"}],"wp:attachment":[{"href":"https:\/\/estrategica.com.co\/blog\/wp-json\/wp\/v2\/media?parent=2793"}],"wp:term":[{"taxonomy":"category","embeddable":true,"href":"https:\/\/estrategica.com.co\/blog\/wp-json\/wp\/v2\/categories?post=2793"},{"taxonomy":"post_tag","embeddable":true,"href":"https:\/\/estrategica.com.co\/blog\/wp-json\/wp\/v2\/tags?post=2793"}],"curies":[{"name":"wp","href":"https:\/\/api.w.org\/{rel}","templated":true}]}}