{"id":2827,"date":"2009-01-24T20:11:46","date_gmt":"2009-01-24T20:11:46","guid":{"rendered":"http:\/\/estrategica.com.co\/blog\/?p=2827"},"modified":"2015-04-08T14:59:46","modified_gmt":"2015-04-08T19:59:46","slug":"vota_psoe","status":"publish","type":"post","link":"https:\/\/estrategica.com.co\/blog\/vota_psoe\/","title":{"rendered":"Rosas &#8211; Vota PSOE"},"content":{"rendered":"<p> <script type='text\/javascript' src='https:\/\/estrategica.com.co\/blog\/wp-content\/plugins\/hana-flv-player\/flowplayer3\/example\/flowplayer-3.2.6.min.js'><\/script>\n<div >\n<div id='hana_flv_flow3_1' style='display:block;width:550px;height:413px;background-color:#555555;color:#ffffff;padding:0' title=\"*Video:rosas - vota psoe\"><\/div>\n<\/div>\n\n<script  type='text\/javascript'>\nif (typeof g_hanaFlash !== 'undefined' && !g_hanaFlash){\n    jQuery('#hana_flv_flow3_1').css( 'padding', '5px' );\n\tjQuery('#hana_flv_flow3_1').html(\"<span class='inactive_message' style='display:block'>Sorry, your browser does not support Flash Video Player<\/span> *Video:rosas - vota psoe\");\n}else{\t\t\t\n\t\tflowplayer('hana_flv_flow3_1', { src: 'https:\/\/estrategica.com.co\/blog\/wp-content\/plugins\/hana-flv-player\/flowplayer3\/flowplayer-3.2.7.swf', wmode: 'transparent' }, { \n\n\t\t\tcanvas: { backgroundColor: '#000000', backgroundGradient: 'none',},\n    \t\tclip:  { \n    \t\t\turl: '\/blog\/wp-content\/uploads\/2009\/01\/ESPANA\/Vota_PSOE.flv',\n        \t\tscaling: 'fit', autoPlay: false, autoBuffering: true \n\t\t\t\t   , onFinish : function () { this.seek(0); }  \n\n\t        }\n\n\t\t});\n}\n<\/script><br \/>\n<\/br><\/p>\n<p>[icon color=\u00bbAccent-Color\u00bb size=\u00bbregular\u00bb image=\u00bbsteadysets-icon-chat\u00bb] <strong>Contexto<\/strong><\/br><\/br><\/p>\n<p style=\"text-align: justify;\">Maravilloso Spot del PSOE donde se motiva el voto partidista utilizando creativamente la rosa, s\u00edmbolo del socialismo. \u201cTu arte, tu respiraci\u00f3n, tu comodidad, tus cuidados, tus derechos, tu futuro, nos importas tu, nos importa c\u00f3mo y d\u00f3nde vives, p\u00e1salo, vota PSOE\u201d. El texto esta art\u00edsticamente armonizado con las im\u00e1genes. Una rosa que consume letras para la cultura, un jard\u00edn de rosas para el medio ambiente, unas rosas que florecen para la juventud, una rosa que se deshoja para la vejez, una rosa blanca en medio de muchas rojas para la igualdad y una rosa pintada en colores para la educaci\u00f3n. Se utiliza nuevamente la imagen que se uso en las primeras campa\u00f1as del PSOE de ventanas que se abren. Un Spot bonito y con mensajes claros.<\/p><\/p>\n","protected":false},"excerpt":{"rendered":"<p>*Video: rosas &#8211; vota psoe [icon color=\u00bbAccent-Color\u00bb size=\u00bbregular\u00bb image=\u00bbsteadysets-icon-chat\u00bb] Contexto Maravilloso Spot del PSOE donde se motiva el voto partidista utilizando creativamente la rosa, s\u00edmbolo del socialismo. \u201cTu arte, tu respiraci\u00f3n, tu comodidad, tus cuidados, tus derechos, tu futuro, nos importas tu, nos importa c\u00f3mo y d\u00f3nde vives, p\u00e1salo, vota PSOE\u201d. El texto esta art\u00edsticamente [&hellip;]<\/p>\n","protected":false},"author":5,"featured_media":2828,"comment_status":"open","ping_status":"open","sticky":false,"template":"","format":"standard","meta":{"_et_pb_use_builder":"","_et_pb_old_content":"","_et_gb_content_width":"","advanced_seo_description":"","jetpack_seo_html_title":"","jetpack_seo_noindex":false,"footnotes":""},"categories":[58,34,23,10,11,3],"tags":[93,95,94],"class_list":["post-2827","post","type-post","status-publish","format-standard","has-post-thumbnail","hentry","category-campana-colegiada","category-electoral","category-espana","category-geo","category-temas","category-video","tag-elecciones-2008","tag-partido-socialista-espanol","tag-psoe"],"jetpack_featured_media_url":"https:\/\/i0.wp.com\/estrategica.com.co\/blog\/wp-content\/uploads\/2009\/01\/vota_psoe_thumb.png?fit=315%2C250&ssl=1","jetpack_shortlink":"https:\/\/wp.me\/p4wgsh-JB","jetpack-related-posts":[{"id":8181,"url":"https:\/\/estrategica.com.co\/blog\/lo-que-nos-une-upd\/","url_meta":{"origin":2827,"position":0},"title":"Lo que nos Une &#8211; UPD","author":"Juliana","date":"marzo 29, 2009","format":false,"excerpt":"[hana-flv-player video=\"\/blog\/wp-content\/uploads\/2009\/01\/videos_varios_f\/Spot_Electoral_UPD_Elecciones_2008.flv\" width=\"550\" height=\"\" description=\"Lo que nos Une - UPD\" clickurl=\"\" clicktarget=\"\" player=\"4\" autoplay=\"false\" loop=\"false\" autorewind=\"true\" splashimage=\"\" skin=\"\" \/] [icon color=\"Accent-Color\" size=\"regular\" image=\"steadysets-icon-chat\"] Contexto Spot de Campa\u00f1a de Partido Uni\u00f3n, Progreso y Democracia, UPD, durante las elecciones generales de 2008. Esta Partido, fundado en 2007, obtuvo un diputado por la\u2026","rel":"","context":"En \u00abCampa\u00f1a Cuerpo Colegiado\u00bb","block_context":{"text":"Campa\u00f1a Cuerpo Colegiado","link":"https:\/\/estrategica.com.co\/blog\/category\/temas\/campana-colegiada\/"},"img":{"alt_text":"","src":"","width":0,"height":0},"classes":[]},{"id":898,"url":"https:\/\/estrategica.com.co\/blog\/la-ensenanza-gratuita-esta-en-tu-mano\/","url_meta":{"origin":2827,"position":1},"title":"La ense\u00f1anza gratuita est\u00e1 en tu mano.","author":"estrategica.com","date":"enero 12, 2009","format":false,"excerpt":"Este afiche es de 1977 y hace parte de la estrategia de comunicaci\u00f3n del PSOE para enfrentar las primeras elecciones democr\u00e1ticas despu\u00e9s de 40 a\u00f1os de dictadura. La estrategia tenia tres pilares: por un lado, dos slogans, \u201cSocialismo es libertas\u201d y \u201cLa libertad est\u00e1 en tu mano\u201d esta ultima representada\u2026","rel":"","context":"En \u00abAFICHES\u00bb","block_context":{"text":"AFICHES","link":"https:\/\/estrategica.com.co\/blog\/category\/afiches\/"},"img":{"alt_text":"","src":"https:\/\/i0.wp.com\/estrategica.com.co\/blog\/wp-content\/uploads\/2009\/01\/p6150089.jpg?fit=242%2C413&ssl=1&resize=350%2C200","width":350,"height":200},"classes":[]},{"id":888,"url":"https:\/\/estrategica.com.co\/blog\/la-libertad-esta-en-tu-mano\/","url_meta":{"origin":2827,"position":2},"title":"La libertad est\u00e1 en tu mano.","author":"estrategica.com","date":"enero 12, 2009","format":false,"excerpt":"Este afiche es de 1977 y hace parte de la estrategia de comunicaci\u00f3n del PSOE para enfrentar las primeras elecciones democr\u00e1ticas despu\u00e9s de 40 a\u00f1os de dictadura. La estrategia tenia tres pilares: por un lado, dos slogans, \u201cSocialismo es libertas\u201d y \u201cLa libertad est\u00e1 en tu mano\u201d esta ultima representada\u2026","rel":"","context":"En \u00abAFICHES\u00bb","block_context":{"text":"AFICHES","link":"https:\/\/estrategica.com.co\/blog\/category\/afiches\/"},"img":{"alt_text":"","src":"https:\/\/i0.wp.com\/estrategica.com.co\/blog\/wp-content\/uploads\/2009\/01\/psoe77.jpg?fit=300%2C418&ssl=1&resize=350%2C200","width":350,"height":200},"classes":[]},{"id":2617,"url":"https:\/\/estrategica.com.co\/blog\/vota-con-todas-tus-fuerzas-5\/","url_meta":{"origin":2827,"position":3},"title":"Vota con todas tus fuerzas &#8211; PSOE","author":"Juliana","date":"enero 26, 2009","format":false,"excerpt":"[hana-flv-player video=\"\/blog\/wp-content\/uploads\/2009\/01\/ESPANA\/4Con_Todas_tus_Fuerzas_Lluvia.flv\" width=\"550\" height=\"\" description=\"Vota con todas tus fuerzas - PSOE\" clickurl=\"\" clicktarget=\"\" player=\"4\" autoplay=\"false\" loop=\"false\" autorewind=\"true\" splashimage=\"\" skin=\"\" \/] [icon color=\"Accent-Color\" size=\"regular\" image=\"steadysets-icon-chat\"] Contexto Campa\u00f1a del PSOE para las elecciones generales de 2008. Son cuatro Spots realizados por la cineasta Isabel Coixet. La calidad, el gui\u00f3n y el mensaje\u2026","rel":"","context":"En \u00abCampa\u00f1a Presidencial\u00bb","block_context":{"text":"Campa\u00f1a Presidencial","link":"https:\/\/estrategica.com.co\/blog\/category\/temas\/campana-presidencial\/"},"img":{"alt_text":"","src":"https:\/\/i0.wp.com\/estrategica.com.co\/blog\/wp-content\/uploads\/2009\/01\/4con-todas-tus-fuerzas-lluvia_thumb.png?fit=310%2C222&ssl=1&resize=350%2C200","width":350,"height":200},"classes":[]},{"id":894,"url":"https:\/\/estrategica.com.co\/blog\/acabar-con-el-paro-y-la-emigracion\/","url_meta":{"origin":2827,"position":4},"title":"Acabar con el paro y la emigraci\u00f3n&#8230;","author":"estrategica.com","date":"enero 12, 2009","format":false,"excerpt":"Este afiche es de 1977 y hace parte de la estrategia de comunicaci\u00f3n del PSOE para enfrentar las primeras elecciones democr\u00e1ticas despu\u00e9s de 40 a\u00f1os de dictadura. La estrategia tenia tres pilares: por un lado, dos slogans, \u201cSocialismo es libertas\u201d y \u201cLa libertad est\u00e1 en tu mano\u201d esta ultima representada\u2026","rel":"","context":"En \u00abAFICHES\u00bb","block_context":{"text":"AFICHES","link":"https:\/\/estrategica.com.co\/blog\/category\/afiches\/"},"img":{"alt_text":"","src":"https:\/\/i0.wp.com\/estrategica.com.co\/blog\/wp-content\/uploads\/2009\/01\/Acabar-con-el-paro-y-la-emigraci\u00f3n....jpg?fit=359%2C497&ssl=1&resize=350%2C200","width":350,"height":200},"classes":[]},{"id":902,"url":"https:\/\/estrategica.com.co\/blog\/la-llave-de-europa-esta-en-tu-mano\/","url_meta":{"origin":2827,"position":5},"title":"La llave de Europa est\u00e1 en tu mano.","author":"estrategica.com","date":"enero 12, 2009","format":false,"excerpt":"Este afiche es de 1977 y hace parte de la estrategia de comunicaci\u00f3n del PSOE para enfrentar las primeras elecciones democr\u00e1ticas despu\u00e9s de 40 a\u00f1os de dictadura. La estrategia tenia tres pilares: por un lado, dos slogans, \u201cSocialismo es libertas\u201d y \u201cLa libertad est\u00e1 en tu mano\u201d esta ultima representada\u2026","rel":"","context":"En \u00abAFICHES\u00bb","block_context":{"text":"AFICHES","link":"https:\/\/estrategica.com.co\/blog\/category\/afiches\/"},"img":{"alt_text":"","src":"https:\/\/i0.wp.com\/estrategica.com.co\/blog\/wp-content\/uploads\/2009\/01\/p6150088.jpg?fit=320%2C459&ssl=1&resize=350%2C200","width":350,"height":200},"classes":[]}],"jetpack_sharing_enabled":true,"_links":{"self":[{"href":"https:\/\/estrategica.com.co\/blog\/wp-json\/wp\/v2\/posts\/2827","targetHints":{"allow":["GET"]}}],"collection":[{"href":"https:\/\/estrategica.com.co\/blog\/wp-json\/wp\/v2\/posts"}],"about":[{"href":"https:\/\/estrategica.com.co\/blog\/wp-json\/wp\/v2\/types\/post"}],"author":[{"embeddable":true,"href":"https:\/\/estrategica.com.co\/blog\/wp-json\/wp\/v2\/users\/5"}],"replies":[{"embeddable":true,"href":"https:\/\/estrategica.com.co\/blog\/wp-json\/wp\/v2\/comments?post=2827"}],"version-history":[{"count":9,"href":"https:\/\/estrategica.com.co\/blog\/wp-json\/wp\/v2\/posts\/2827\/revisions"}],"predecessor-version":[{"id":52094,"href":"https:\/\/estrategica.com.co\/blog\/wp-json\/wp\/v2\/posts\/2827\/revisions\/52094"}],"wp:featuredmedia":[{"embeddable":true,"href":"https:\/\/estrategica.com.co\/blog\/wp-json\/wp\/v2\/media\/2828"}],"wp:attachment":[{"href":"https:\/\/estrategica.com.co\/blog\/wp-json\/wp\/v2\/media?parent=2827"}],"wp:term":[{"taxonomy":"category","embeddable":true,"href":"https:\/\/estrategica.com.co\/blog\/wp-json\/wp\/v2\/categories?post=2827"},{"taxonomy":"post_tag","embeddable":true,"href":"https:\/\/estrategica.com.co\/blog\/wp-json\/wp\/v2\/tags?post=2827"}],"curies":[{"name":"wp","href":"https:\/\/api.w.org\/{rel}","templated":true}]}}