{"id":28986,"date":"2011-12-21T11:11:44","date_gmt":"2011-12-21T16:11:44","guid":{"rendered":"http:\/\/estrategica.com.co\/blog\/?p=28986"},"modified":"2014-09-26T19:20:25","modified_gmt":"2014-09-27T00:20:25","slug":"jaqueswagner2709programaeleitoraltvnoite","status":"publish","type":"post","link":"https:\/\/estrategica.com.co\/blog\/jaqueswagner2709programaeleitoraltvnoite\/","title":{"rendered":"Franja Electoral &#8211; Wagner"},"content":{"rendered":"<p> <script type='text\/javascript' src='https:\/\/estrategica.com.co\/blog\/wp-content\/plugins\/hana-flv-player\/flowplayer3\/example\/flowplayer-3.2.6.min.js'><\/script>\n<div >\n<div id='hana_flv_flow3_1' style='display:block;width:550px;height:413px;background-color:#555555;color:#ffffff;padding:0' title=\"*Video:franja electoral - wagner\"><\/div>\n<\/div>\n\n<script  type='text\/javascript'>\nif (typeof g_hanaFlash !== 'undefined' && !g_hanaFlash){\n    jQuery('#hana_flv_flow3_1').css( 'padding', '5px' );\n\tjQuery('#hana_flv_flow3_1').html(\"<span class='inactive_message' style='display:block'>Sorry, your browser does not support Flash Video Player<\/span> *Video:franja electoral - wagner\");\n}else{\t\t\t\n\t\tflowplayer('hana_flv_flow3_1', { src: 'https:\/\/estrategica.com.co\/blog\/wp-content\/plugins\/hana-flv-player\/flowplayer3\/flowplayer-3.2.7.swf', wmode: 'transparent' }, { \n\n\t\t\tcanvas: { backgroundColor: '#000000', backgroundGradient: 'none',},\n    \t\tclip:  { \n    \t\t\turl: '\/blog\/wp-content\/uploads\/2009\/01\/20110228\/JaquesWagner2709ProgramaEleitoralTVNoite.flv',\n        \t\tscaling: 'fit', autoPlay: false, autoBuffering: true \n\n\t        }\n\n\t\t});\n}\n<\/script><br \/>\n<\/br><\/p>\n<p>[icon color=\u00bbAccent-Color\u00bb size=\u00bbregular\u00bb image=\u00bbsteadysets-icon-chat\u00bb] <strong>Contexto<\/strong><\/br><\/br><br \/>\nSpot de la campa\u00f1a de Jaques Wagner a la Gobernaci\u00f3n del Estado de Bah\u00eda en la contienda electoral de 2010 a nombre del Partido de los Trabajadores, PT. Wagner fue l\u00edder sindical y amigo de Lula en cuyo gobierno participo como ministro. En 2006 fue elegido gobernador de Bah\u00eda gracias a la popularidad del gobierno de Lula. Fue reelegido para el cargo en las elecciones de 2010 con el 63,8% de los votos venciendo al Paulo Souto que solo obtuvo el 16.9%. Wagner fue elegido con el apoyo de una coalici\u00f3n de partidos de izquierda y centro.<\/p>\n","protected":false},"excerpt":{"rendered":"<p>*Video: franja electoral &#8211; wagner [icon color=\u00bbAccent-Color\u00bb size=\u00bbregular\u00bb image=\u00bbsteadysets-icon-chat\u00bb] Contexto Spot de la campa\u00f1a de Jaques Wagner a la Gobernaci\u00f3n del Estado de Bah\u00eda en la contienda electoral de 2010 a nombre del Partido de los Trabajadores, PT. Wagner fue l\u00edder sindical y amigo de Lula en cuyo gobierno participo como ministro. En 2006 fue [&hellip;]<\/p>\n","protected":false},"author":5,"featured_media":28987,"comment_status":"open","ping_status":"open","sticky":false,"template":"","format":"standard","meta":{"_et_pb_use_builder":"","_et_pb_old_content":"","_et_gb_content_width":"","advanced_seo_description":"","jetpack_seo_html_title":"","jetpack_seo_noindex":false,"footnotes":""},"categories":[687,263,60,59,34,10,11,3],"tags":[684,926,109],"class_list":["post-28986","post","type-post","status-publish","format-standard","has-post-thumbnail","hentry","category-687","category-ano","category-brazil","category-campana-uninominal","category-electoral","category-geo","category-temas","category-video","tag-elecciones-2010","tag-jaques-wagner","tag-partido-de-los-trabajadores"],"jetpack_featured_media_url":"https:\/\/i0.wp.com\/estrategica.com.co\/blog\/wp-content\/uploads\/2011\/05\/JaquesWagner2709ProgramaEleitoralTVNoite_thumb.png?fit=779%2C512&ssl=1","jetpack_shortlink":"https:\/\/wp.me\/p4wgsh-7xw","jetpack-related-posts":[{"id":31361,"url":"https:\/\/estrategica.com.co\/blog\/franja-electoral-wagner\/","url_meta":{"origin":28986,"position":0},"title":"Franja Electoral &#8211; Wagner","author":"Juliana","date":"diciembre 21, 2011","format":false,"excerpt":"[hana-flv-player video=\"\/blog\/wp-content\/uploads\/2009\/01\/20110228\/JaquesWagner2909ProgramaEleitoralTVNoite.flv\" width=\"550\" height=\"\" description=\"Franja Electoral - Wagner\" clickurl=\"\" clicktarget=\"\" player=\"4\" autoplay=\"false\" loop=\"false\" autorewind=\"false\" splashimage=\"\" skin=\"\" \/] [icon color=\"Accent-Color\" size=\"regular\" image=\"steadysets-icon-chat\"] Contexto Spot de la campa\u00f1a de Jaques Wagner a la Gobernaci\u00f3n del Estado de Bah\u00eda en la contienda electoral de 2010 a nombre del Partido de los Trabajadores, PT.\u2026","rel":"","context":"En \u00ab2010\u00bb","block_context":{"text":"2010","link":"https:\/\/estrategica.com.co\/blog\/category\/ano\/2010\/"},"img":{"alt_text":"","src":"https:\/\/i0.wp.com\/estrategica.com.co\/blog\/wp-content\/uploads\/2011\/05\/JaquesWagner2909ProgramaEleitoralTVNoite_thumb1.png?fit=846%2C513&ssl=1&resize=350%2C200","width":350,"height":200},"classes":[]},{"id":31691,"url":"https:\/\/estrategica.com.co\/blog\/franja-electoral-wagner-2\/","url_meta":{"origin":28986,"position":1},"title":"Franja Electoral &#8211; Wagner","author":"Juliana","date":"diciembre 22, 2011","format":false,"excerpt":"[hana-flv-player video=\"\/blog\/wp-content\/uploads\/2009\/01\/20110228\/JaquesWagner2308ProgramaEleitoralTVNoite.flv\" width=\"550\" height=\"\" description=\"Franja Electoral - Wagner\" clickurl=\"\" clicktarget=\"\" player=\"4\" autoplay=\"false\" loop=\"false\" autorewind=\"false\" splashimage=\"\" skin=\"\" \/] [icon color=\"Accent-Color\" size=\"regular\" image=\"steadysets-icon-chat\"] Contexto Spot de la campa\u00f1a de Jaques Wagner a la Gobernaci\u00f3n del Estado de Bah\u00eda en la contienda electoral de 2010 a nombre del Partido de los Trabajadores, PT.\u2026","rel":"","context":"En \u00ab2010\u00bb","block_context":{"text":"2010","link":"https:\/\/estrategica.com.co\/blog\/category\/ano\/2010\/"},"img":{"alt_text":"","src":"https:\/\/i0.wp.com\/estrategica.com.co\/blog\/wp-content\/uploads\/2011\/12\/JaquesWagner2308ProgramaEleitoralTVNoite_thumb.png?fit=707%2C406&ssl=1&resize=350%2C200","width":350,"height":200},"classes":[]},{"id":28950,"url":"https:\/\/estrategica.com.co\/blog\/jaqueswagner1808programaeleitoraltvnoite\/","url_meta":{"origin":28986,"position":2},"title":"Franja Electoral &#8211; Wagner","author":"Juliana","date":"diciembre 21, 2011","format":false,"excerpt":"[hana-flv-player video=\"\/blog\/wp-content\/uploads\/2009\/01\/20110228\/JaquesWagner1808ProgramaEleitoralTVNoite.flv\" width=\"550\" height=\"\" description=\"Franja Electoral - Wagner\" clickurl=\"\" clicktarget=\"\" player=\"4\" autoplay=\"false\" loop=\"false\" autorewind=\"false\" splashimage=\"\" skin=\"\" \/] [icon color=\"Accent-Color\" size=\"regular\" image=\"steadysets-icon-chat\"] Contexto Spot de la campa\u00f1a de Jaques Wagner a la Gobernaci\u00f3n del Estado de Bah\u00eda en la contienda electoral de 2010 a nombre del Partido de los Trabajadores, PT.\u2026","rel":"","context":"En \u00ab2010\u00bb","block_context":{"text":"2010","link":"https:\/\/estrategica.com.co\/blog\/category\/ano\/2010\/"},"img":{"alt_text":"","src":"https:\/\/i0.wp.com\/estrategica.com.co\/blog\/wp-content\/uploads\/2011\/05\/JaquesWagner1808ProgramaEleitoralTVNoite_thumb.png?fit=819%2C486&ssl=1&resize=350%2C200","width":350,"height":200},"classes":[]},{"id":28959,"url":"https:\/\/estrategica.com.co\/blog\/jaqueswagner1808programaeleitoraltvtarde\/","url_meta":{"origin":28986,"position":3},"title":"Franja Electoral &#8211; Wagner","author":"Juliana","date":"diciembre 21, 2011","format":false,"excerpt":"[hana-flv-player video=\"\/blog\/wp-content\/uploads\/2009\/01\/20110228\/JaquesWagner1808ProgramaEleitoralTVTarde.flv\" width=\"550\" height=\"\" description=\"Franja Electoral - Wagner\" clickurl=\"\" clicktarget=\"\" player=\"4\" autoplay=\"false\" loop=\"false\" autorewind=\"false\" splashimage=\"\" skin=\"\" \/] [icon color=\"Accent-Color\" size=\"regular\" image=\"steadysets-icon-chat\"] Contexto Spot de la campa\u00f1a de Jaques Wagner a la Gobernaci\u00f3n del Estado de Bah\u00eda en la contienda electoral de 2010 a nombre del Partido de los Trabajadores, PT.\u2026","rel":"","context":"En \u00ab2010\u00bb","block_context":{"text":"2010","link":"https:\/\/estrategica.com.co\/blog\/category\/ano\/2010\/"},"img":{"alt_text":"","src":"https:\/\/i0.wp.com\/estrategica.com.co\/blog\/wp-content\/uploads\/2011\/05\/JaquesWagner1808ProgramaEleitoralTVTarde_thumb.png?fit=741%2C494&ssl=1&resize=350%2C200","width":350,"height":200},"classes":[]},{"id":28962,"url":"https:\/\/estrategica.com.co\/blog\/jaqueswagner2008programaeleitoraltvtarde\/","url_meta":{"origin":28986,"position":4},"title":"Franja Electoral &#8211; Wagner","author":"Juliana","date":"diciembre 21, 2011","format":false,"excerpt":"[hana-flv-player video=\"\/blog\/wp-content\/uploads\/2009\/01\/20110228\/JaquesWagner2008ProgramaEleitoralTVTarde.flv\" width=\"550\" height=\"\" description=\"Franja Electoral - Wagner\" clickurl=\"\" clicktarget=\"\" player=\"4\" autoplay=\"false\" loop=\"false\" autorewind=\"false\" splashimage=\"\" skin=\"\" \/] [icon color=\"Accent-Color\" size=\"regular\" image=\"steadysets-icon-chat\"] Contexto Spot de la campa\u00f1a de Jaques Wagner a la Gobernaci\u00f3n del Estado de Bah\u00eda en la contienda electoral de 2010 a nombre del Partido de los Trabajadores, PT.\u2026","rel":"","context":"En \u00ab2010\u00bb","block_context":{"text":"2010","link":"https:\/\/estrategica.com.co\/blog\/category\/ano\/2010\/"},"img":{"alt_text":"","src":"https:\/\/i0.wp.com\/estrategica.com.co\/blog\/wp-content\/uploads\/2011\/05\/JaquesWagner2008ProgramaEleitoralTVTarde_thumb.png?fit=866%2C482&ssl=1&resize=350%2C200","width":350,"height":200},"classes":[]},{"id":28965,"url":"https:\/\/estrategica.com.co\/blog\/jaqueswagner2308programaeleitoraltvtarde\/","url_meta":{"origin":28986,"position":5},"title":"Franja Electoral &#8211; Wagner","author":"Juliana","date":"diciembre 21, 2011","format":false,"excerpt":"[hana-flv-player video=\"\/blog\/wp-content\/uploads\/2009\/01\/20110228\/JaquesWagner2308ProgramaEleitoralTVTarde.flv\" width=\"550\" height=\"\" description=\"Franja Electoral - Wagner\" clickurl=\"\" clicktarget=\"\" player=\"4\" autoplay=\"false\" loop=\"false\" autorewind=\"false\" splashimage=\"\" skin=\"\" \/] [icon color=\"Accent-Color\" size=\"regular\" image=\"steadysets-icon-chat\"] Contexto Spot de la campa\u00f1a de Jaques Wagner a la Gobernaci\u00f3n del Estado de Bah\u00eda en la contienda electoral de 2010 a nombre del Partido de los Trabajadores, PT.\u2026","rel":"","context":"En \u00ab2010\u00bb","block_context":{"text":"2010","link":"https:\/\/estrategica.com.co\/blog\/category\/ano\/2010\/"},"img":{"alt_text":"","src":"https:\/\/i0.wp.com\/estrategica.com.co\/blog\/wp-content\/uploads\/2011\/05\/JaquesWagner2308ProgramaEleitoralTVTarde_thumb.png?fit=866%2C467&ssl=1&resize=350%2C200","width":350,"height":200},"classes":[]}],"jetpack_sharing_enabled":true,"_links":{"self":[{"href":"https:\/\/estrategica.com.co\/blog\/wp-json\/wp\/v2\/posts\/28986","targetHints":{"allow":["GET"]}}],"collection":[{"href":"https:\/\/estrategica.com.co\/blog\/wp-json\/wp\/v2\/posts"}],"about":[{"href":"https:\/\/estrategica.com.co\/blog\/wp-json\/wp\/v2\/types\/post"}],"author":[{"embeddable":true,"href":"https:\/\/estrategica.com.co\/blog\/wp-json\/wp\/v2\/users\/5"}],"replies":[{"embeddable":true,"href":"https:\/\/estrategica.com.co\/blog\/wp-json\/wp\/v2\/comments?post=28986"}],"version-history":[{"count":4,"href":"https:\/\/estrategica.com.co\/blog\/wp-json\/wp\/v2\/posts\/28986\/revisions"}],"predecessor-version":[{"id":44027,"href":"https:\/\/estrategica.com.co\/blog\/wp-json\/wp\/v2\/posts\/28986\/revisions\/44027"}],"wp:featuredmedia":[{"embeddable":true,"href":"https:\/\/estrategica.com.co\/blog\/wp-json\/wp\/v2\/media\/28987"}],"wp:attachment":[{"href":"https:\/\/estrategica.com.co\/blog\/wp-json\/wp\/v2\/media?parent=28986"}],"wp:term":[{"taxonomy":"category","embeddable":true,"href":"https:\/\/estrategica.com.co\/blog\/wp-json\/wp\/v2\/categories?post=28986"},{"taxonomy":"post_tag","embeddable":true,"href":"https:\/\/estrategica.com.co\/blog\/wp-json\/wp\/v2\/tags?post=28986"}],"curies":[{"name":"wp","href":"https:\/\/api.w.org\/{rel}","templated":true}]}}