{"id":29064,"date":"2011-12-21T10:16:37","date_gmt":"2011-12-21T15:16:37","guid":{"rendered":"http:\/\/estrategica.com.co\/blog\/?p=29064"},"modified":"2014-09-26T19:21:37","modified_gmt":"2014-09-27T00:21:37","slug":"jaqueswagnercomercialtv21feiradesantanerms","status":"publish","type":"post","link":"https:\/\/estrategica.com.co\/blog\/jaqueswagnercomercialtv21feiradesantanerms\/","title":{"rendered":"Logros &#8211; Wagner"},"content":{"rendered":"<p> <script type='text\/javascript' src='https:\/\/estrategica.com.co\/blog\/wp-content\/plugins\/hana-flv-player\/flowplayer3\/example\/flowplayer-3.2.6.min.js'><\/script>\n<div >\n<div id='hana_flv_flow3_1' style='display:block;width:550px;height:413px;background-color:#555555;color:#ffffff;padding:0' title=\"*Video:logros - wagner\"><\/div>\n<\/div>\n\n<script  type='text\/javascript'>\nif (typeof g_hanaFlash !== 'undefined' && !g_hanaFlash){\n    jQuery('#hana_flv_flow3_1').css( 'padding', '5px' );\n\tjQuery('#hana_flv_flow3_1').html(\"<span class='inactive_message' style='display:block'>Sorry, your browser does not support Flash Video Player<\/span> *Video:logros - wagner\");\n}else{\t\t\t\n\t\tflowplayer('hana_flv_flow3_1', { src: 'https:\/\/estrategica.com.co\/blog\/wp-content\/plugins\/hana-flv-player\/flowplayer3\/flowplayer-3.2.7.swf', wmode: 'transparent' }, { \n\n\t\t\tcanvas: { backgroundColor: '#000000', backgroundGradient: 'none',},\n    \t\tclip:  { \n    \t\t\turl: '\/blog\/wp-content\/uploads\/2009\/01\/20110228\/JaquesWagnerComercialTV21FeiradeSantaneRMS.flv',\n        \t\tscaling: 'fit', autoPlay: false, autoBuffering: true \n\n\t        }\n\n\t\t});\n}\n<\/script><br \/>\n<\/br><\/p>\n<p>[icon color=\u00bbAccent-Color\u00bb size=\u00bbregular\u00bb image=\u00bbsteadysets-icon-chat\u00bb] <strong>Contexto<\/strong><\/br><\/br><br \/>\nSpot de la campa\u00f1a de Jaques Wagner a la Gobernaci\u00f3n del Estado de Bah\u00eda en la contienda electoral de 2010 a nombre del Partido de los Trabajadores, PT. Wagner fue l\u00edder sindical y amigo de Lula en cuyo gobierno participo como ministro. En 2006 fue elegido gobernador de Bah\u00eda gracias a la popularidad del gobierno de Lula. Fue reelegido para el cargo en las elecciones de 2010 con el 63,8% de los votos venciendo al Paulo Souto que solo obtuvo el 16.9%. Wagner fue elegido con el apoyo de una coalici\u00f3n de partidos de izquierda y centro.<\/p>\n","protected":false},"excerpt":{"rendered":"<p>*Video: logros &#8211; wagner [icon color=\u00bbAccent-Color\u00bb size=\u00bbregular\u00bb image=\u00bbsteadysets-icon-chat\u00bb] Contexto Spot de la campa\u00f1a de Jaques Wagner a la Gobernaci\u00f3n del Estado de Bah\u00eda en la contienda electoral de 2010 a nombre del Partido de los Trabajadores, PT. Wagner fue l\u00edder sindical y amigo de Lula en cuyo gobierno participo como ministro. En 2006 fue elegido [&hellip;]<\/p>\n","protected":false},"author":5,"featured_media":29065,"comment_status":"open","ping_status":"open","sticky":false,"template":"","format":"standard","meta":{"_et_pb_use_builder":"","_et_pb_old_content":"","_et_gb_content_width":"","advanced_seo_description":"","jetpack_seo_html_title":"","jetpack_seo_noindex":false,"footnotes":""},"categories":[687,263,60,59,34,10,11,3],"tags":[684,926,109],"class_list":["post-29064","post","type-post","status-publish","format-standard","has-post-thumbnail","hentry","category-687","category-ano","category-brazil","category-campana-uninominal","category-electoral","category-geo","category-temas","category-video","tag-elecciones-2010","tag-jaques-wagner","tag-partido-de-los-trabajadores"],"jetpack_featured_media_url":"https:\/\/i0.wp.com\/estrategica.com.co\/blog\/wp-content\/uploads\/2011\/05\/JaquesWagnerComercialTV21FeiradeSantaneRMS_thumb.png?fit=862%2C529&ssl=1","jetpack_shortlink":"https:\/\/wp.me\/p4wgsh-7yM","jetpack-related-posts":[{"id":29016,"url":"https:\/\/estrategica.com.co\/blog\/jaqueswagnercomercialtv03\/","url_meta":{"origin":29064,"position":0},"title":"Logros &#8211; Wagner","author":"Juliana","date":"diciembre 21, 2011","format":false,"excerpt":"[hana-flv-player video=\"\/blog\/wp-content\/uploads\/2009\/01\/20110228\/JaquesWagnerComercialTV03.flv\" width=\"550\" height=\"\" description=\"Logros - Wagner \" clickurl=\"\" clicktarget=\"\" player=\"4\" autoplay=\"false\" loop=\"false\" autorewind=\"false\" splashimage=\"\" skin=\"\" \/] [icon color=\"Accent-Color\" size=\"regular\" image=\"steadysets-icon-chat\"] Contexto Spot de la campa\u00f1a de Jaques Wagner a la Gobernaci\u00f3n del Estado de Bah\u00eda en la contienda electoral de 2010 a nombre del Partido de los Trabajadores, PT.\u2026","rel":"","context":"En \u00ab2010\u00bb","block_context":{"text":"2010","link":"https:\/\/estrategica.com.co\/blog\/category\/ano\/2010\/"},"img":{"alt_text":"","src":"https:\/\/i0.wp.com\/estrategica.com.co\/blog\/wp-content\/uploads\/2011\/05\/JaquesWagnerComercialTV03_thumb.png?fit=563%2C533&ssl=1&resize=350%2C200","width":350,"height":200},"classes":[]},{"id":31361,"url":"https:\/\/estrategica.com.co\/blog\/franja-electoral-wagner\/","url_meta":{"origin":29064,"position":1},"title":"Franja Electoral &#8211; Wagner","author":"Juliana","date":"diciembre 21, 2011","format":false,"excerpt":"[hana-flv-player video=\"\/blog\/wp-content\/uploads\/2009\/01\/20110228\/JaquesWagner2909ProgramaEleitoralTVNoite.flv\" width=\"550\" height=\"\" description=\"Franja Electoral - Wagner\" clickurl=\"\" clicktarget=\"\" player=\"4\" autoplay=\"false\" loop=\"false\" autorewind=\"false\" splashimage=\"\" skin=\"\" \/] [icon color=\"Accent-Color\" size=\"regular\" image=\"steadysets-icon-chat\"] Contexto Spot de la campa\u00f1a de Jaques Wagner a la Gobernaci\u00f3n del Estado de Bah\u00eda en la contienda electoral de 2010 a nombre del Partido de los Trabajadores, PT.\u2026","rel":"","context":"En \u00ab2010\u00bb","block_context":{"text":"2010","link":"https:\/\/estrategica.com.co\/blog\/category\/ano\/2010\/"},"img":{"alt_text":"","src":"https:\/\/i0.wp.com\/estrategica.com.co\/blog\/wp-content\/uploads\/2011\/05\/JaquesWagner2909ProgramaEleitoralTVNoite_thumb1.png?fit=846%2C513&ssl=1&resize=350%2C200","width":350,"height":200},"classes":[]},{"id":31691,"url":"https:\/\/estrategica.com.co\/blog\/franja-electoral-wagner-2\/","url_meta":{"origin":29064,"position":2},"title":"Franja Electoral &#8211; Wagner","author":"Juliana","date":"diciembre 22, 2011","format":false,"excerpt":"[hana-flv-player video=\"\/blog\/wp-content\/uploads\/2009\/01\/20110228\/JaquesWagner2308ProgramaEleitoralTVNoite.flv\" width=\"550\" height=\"\" description=\"Franja Electoral - Wagner\" clickurl=\"\" clicktarget=\"\" player=\"4\" autoplay=\"false\" loop=\"false\" autorewind=\"false\" splashimage=\"\" skin=\"\" \/] [icon color=\"Accent-Color\" size=\"regular\" image=\"steadysets-icon-chat\"] Contexto Spot de la campa\u00f1a de Jaques Wagner a la Gobernaci\u00f3n del Estado de Bah\u00eda en la contienda electoral de 2010 a nombre del Partido de los Trabajadores, PT.\u2026","rel":"","context":"En \u00ab2010\u00bb","block_context":{"text":"2010","link":"https:\/\/estrategica.com.co\/blog\/category\/ano\/2010\/"},"img":{"alt_text":"","src":"https:\/\/i0.wp.com\/estrategica.com.co\/blog\/wp-content\/uploads\/2011\/12\/JaquesWagner2308ProgramaEleitoralTVNoite_thumb.png?fit=707%2C406&ssl=1&resize=350%2C200","width":350,"height":200},"classes":[]},{"id":29013,"url":"https:\/\/estrategica.com.co\/blog\/jaqueswagnercomercialtv02\/","url_meta":{"origin":29064,"position":3},"title":"Apoyo de Lula &#8211; Wagner","author":"Juliana","date":"diciembre 21, 2011","format":false,"excerpt":"[hana-flv-player video=\"\/blog\/wp-content\/uploads\/2009\/01\/20110228\/JaquesWagnerComercialTV02.flv\" width=\"550\" height=\"\" description=\"Apoyo de Lula - Wagner\" clickurl=\"\" clicktarget=\"\" player=\"4\" autoplay=\"false\" loop=\"false\" autorewind=\"false\" splashimage=\"\" skin=\"\" \/] [icon color=\"Accent-Color\" size=\"regular\" image=\"steadysets-icon-chat\"] Contexto Spot de la campa\u00f1a de Jaques Wagner a la Gobernaci\u00f3n del Estado de Bah\u00eda en la contienda electoral de 2010 a nombre del Partido de los Trabajadores,\u2026","rel":"","context":"En \u00ab2010\u00bb","block_context":{"text":"2010","link":"https:\/\/estrategica.com.co\/blog\/category\/ano\/2010\/"},"img":{"alt_text":"","src":"https:\/\/i0.wp.com\/estrategica.com.co\/blog\/wp-content\/uploads\/2011\/05\/JaquesWagnerComercialTV02_thumb.png?fit=807%2C534&ssl=1&resize=350%2C200","width":350,"height":200},"classes":[]},{"id":31679,"url":"https:\/\/estrategica.com.co\/blog\/el-13-wagner\/","url_meta":{"origin":29064,"position":4},"title":"El 13 &#8211; Wagner","author":"Juliana","date":"diciembre 22, 2011","format":false,"excerpt":"[hana-flv-player video=\"\/blog\/wp-content\/uploads\/2009\/01\/20110228\/JaquesWagnerComercialTV33.flv\" width=\"550\" height=\"\" description=\"El 13 - Wagner\" clickurl=\"\" clicktarget=\"\" player=\"4\" autoplay=\"false\" loop=\"false\" autorewind=\"false\" splashimage=\"\" skin=\"\" \/] [icon color=\"Accent-Color\" size=\"regular\" image=\"steadysets-icon-chat\"] Contexto Spot de la campa\u00f1a de Jaques Wagner a la Gobernaci\u00f3n del Estado de Bah\u00eda en la contienda electoral de 2010 a nombre del Partido de los Trabajadores, PT.\u2026","rel":"","context":"En \u00ab2010\u00bb","block_context":{"text":"2010","link":"https:\/\/estrategica.com.co\/blog\/category\/ano\/2010\/"},"img":{"alt_text":"","src":"https:\/\/i0.wp.com\/estrategica.com.co\/blog\/wp-content\/uploads\/2011\/12\/JaquesWagnerComercialTV33_thumb.png?fit=922%2C529&ssl=1&resize=350%2C200","width":350,"height":200},"classes":[]},{"id":31688,"url":"https:\/\/estrategica.com.co\/blog\/apoyo-senadores-wagner\/","url_meta":{"origin":29064,"position":5},"title":"Apoyo a Senadores &#8211; Wagner","author":"Juliana","date":"diciembre 22, 2011","format":false,"excerpt":"[hana-flv-player video=\"\/blog\/wp-content\/uploads\/2009\/01\/20110228\/JaqueWagnerComercialTV12.flv\" width=\"550\" height=\"\" description=\"Apoyo a Senadores - Wagner\" clickurl=\"\" clicktarget=\"\" player=\"4\" autoplay=\"false\" loop=\"false\" autorewind=\"false\" splashimage=\"\" skin=\"\" \/] [icon color=\"Accent-Color\" size=\"regular\" image=\"steadysets-icon-chat\"] Contexto Spot de la campa\u00f1a de Jaques Wagner a la Gobernaci\u00f3n del Estado de Bah\u00eda en la contienda electoral de 2010 a nombre del Partido de los Trabajadores,\u2026","rel":"","context":"En \u00ab2010\u00bb","block_context":{"text":"2010","link":"https:\/\/estrategica.com.co\/blog\/category\/ano\/2010\/"},"img":{"alt_text":"","src":"https:\/\/i0.wp.com\/estrategica.com.co\/blog\/wp-content\/uploads\/2011\/12\/JaqueWagnerComercialTV12_thumb.png?fit=774%2C506&ssl=1&resize=350%2C200","width":350,"height":200},"classes":[]}],"jetpack_sharing_enabled":true,"_links":{"self":[{"href":"https:\/\/estrategica.com.co\/blog\/wp-json\/wp\/v2\/posts\/29064","targetHints":{"allow":["GET"]}}],"collection":[{"href":"https:\/\/estrategica.com.co\/blog\/wp-json\/wp\/v2\/posts"}],"about":[{"href":"https:\/\/estrategica.com.co\/blog\/wp-json\/wp\/v2\/types\/post"}],"author":[{"embeddable":true,"href":"https:\/\/estrategica.com.co\/blog\/wp-json\/wp\/v2\/users\/5"}],"replies":[{"embeddable":true,"href":"https:\/\/estrategica.com.co\/blog\/wp-json\/wp\/v2\/comments?post=29064"}],"version-history":[{"count":4,"href":"https:\/\/estrategica.com.co\/blog\/wp-json\/wp\/v2\/posts\/29064\/revisions"}],"predecessor-version":[{"id":44029,"href":"https:\/\/estrategica.com.co\/blog\/wp-json\/wp\/v2\/posts\/29064\/revisions\/44029"}],"wp:featuredmedia":[{"embeddable":true,"href":"https:\/\/estrategica.com.co\/blog\/wp-json\/wp\/v2\/media\/29065"}],"wp:attachment":[{"href":"https:\/\/estrategica.com.co\/blog\/wp-json\/wp\/v2\/media?parent=29064"}],"wp:term":[{"taxonomy":"category","embeddable":true,"href":"https:\/\/estrategica.com.co\/blog\/wp-json\/wp\/v2\/categories?post=29064"},{"taxonomy":"post_tag","embeddable":true,"href":"https:\/\/estrategica.com.co\/blog\/wp-json\/wp\/v2\/tags?post=29064"}],"curies":[{"name":"wp","href":"https:\/\/api.w.org\/{rel}","templated":true}]}}