{"id":29087,"date":"2011-12-21T09:36:32","date_gmt":"2011-12-21T14:36:32","guid":{"rendered":"http:\/\/estrategica.com.co\/blog\/?p=29087"},"modified":"2014-09-27T14:43:17","modified_gmt":"2014-09-27T19:43:17","slug":"maparealizacoes","status":"publish","type":"post","link":"https:\/\/estrategica.com.co\/blog\/maparealizacoes\/","title":{"rendered":"Mapa de Realizaciones &#8211; Lessa"},"content":{"rendered":"<p> <script type='text\/javascript' src='https:\/\/estrategica.com.co\/blog\/wp-content\/plugins\/hana-flv-player\/flowplayer3\/example\/flowplayer-3.2.6.min.js'><\/script>\n<div >\n<div id='hana_flv_flow3_1' style='display:block;width:550px;height:413px;background-color:#555555;color:#ffffff;padding:0' title=\"*Video:mapa de realizaciones - lessa\"><\/div>\n<\/div>\n\n<script  type='text\/javascript'>\nif (typeof g_hanaFlash !== 'undefined' && !g_hanaFlash){\n    jQuery('#hana_flv_flow3_1').css( 'padding', '5px' );\n\tjQuery('#hana_flv_flow3_1').html(\"<span class='inactive_message' style='display:block'>Sorry, your browser does not support Flash Video Player<\/span> *Video:mapa de realizaciones - lessa\");\n}else{\t\t\t\n\t\tflowplayer('hana_flv_flow3_1', { src: 'https:\/\/estrategica.com.co\/blog\/wp-content\/plugins\/hana-flv-player\/flowplayer3\/flowplayer-3.2.7.swf', wmode: 'transparent' }, { \n\n\t\t\tcanvas: { backgroundColor: '#000000', backgroundGradient: 'none',},\n    \t\tclip:  { \n    \t\t\turl: '\/blog\/wp-content\/uploads\/2009\/01\/20110228\/MAPAREALIZACOES.flv',\n        \t\tscaling: 'fit', autoPlay: false, autoBuffering: true \n\n\t        }\n\n\t\t});\n}\n<\/script><br \/>\n<\/br><\/p>\n<p>[icon color=\u00bbAccent-Color\u00bb size=\u00bbregular\u00bb image=\u00bbsteadysets-icon-chat\u00bb] <strong>Contexto<\/strong><\/br><\/br><br \/>\nSpot de la campa\u00f1a de Ronaldo Lessa a la gobernaci\u00f3n de Alagoas durante la contienda electoral de 2010, a nombre del Partido Democr\u00e1tico Laborista, PDL. Enfrent\u00f3 al gobernador en ejercicio Teotonio Vilela, del PSDB, quien venci\u00f3 en segunda vuelta con el 52.7% de los votos contra el 47.3% de Lessa. La candidatura de Lessa hab\u00eda sido impulsada por Lula da Silva y Dilma.aspiraci\u00f3n de Barack Obama de cara a las elecciones presidenciales de 2008. <\/p>\n","protected":false},"excerpt":{"rendered":"<p>*Video: mapa de realizaciones &#8211; lessa [icon color=\u00bbAccent-Color\u00bb size=\u00bbregular\u00bb image=\u00bbsteadysets-icon-chat\u00bb] Contexto Spot de la campa\u00f1a de Ronaldo Lessa a la gobernaci\u00f3n de Alagoas durante la contienda electoral de 2010, a nombre del Partido Democr\u00e1tico Laborista, PDL. Enfrent\u00f3 al gobernador en ejercicio Teotonio Vilela, del PSDB, quien venci\u00f3 en segunda vuelta con el 52.7% de los [&hellip;]<\/p>\n","protected":false},"author":5,"featured_media":29088,"comment_status":"open","ping_status":"open","sticky":false,"template":"","format":"standard","meta":{"_et_pb_use_builder":"","_et_pb_old_content":"","_et_gb_content_width":"","advanced_seo_description":"","jetpack_seo_html_title":"","jetpack_seo_noindex":false,"footnotes":""},"categories":[687,263,60,59,34,10,11,3],"tags":[684,929,928],"class_list":["post-29087","post","type-post","status-publish","format-standard","has-post-thumbnail","hentry","category-687","category-ano","category-brazil","category-campana-uninominal","category-electoral","category-geo","category-temas","category-video","tag-elecciones-2010","tag-partido-democratico-laborista","tag-ronaldo-lessa"],"jetpack_featured_media_url":"https:\/\/i0.wp.com\/estrategica.com.co\/blog\/wp-content\/uploads\/2011\/05\/MAPAREALIZACOES_thumb.png?fit=732%2C437&ssl=1","jetpack_shortlink":"https:\/\/wp.me\/p4wgsh-7z9","jetpack-related-posts":[{"id":29218,"url":"https:\/\/estrategica.com.co\/blog\/ronaldolessa12guiaeleitoral060910tarde\/","url_meta":{"origin":29087,"position":0},"title":"Franja Electoral &#8211; Lessa","author":"Juliana","date":"mayo 11, 2011","format":false,"excerpt":"[hana-flv-player video=\"\/blog\/wp-content\/uploads\/2009\/01\/20110228\/RonaldoLessa12GuiaEleitoral060910Tarde.flv\" width=\"550\" height=\"\" description= \"Franja Electoral - Lessa\" clickurl=\"\" clicktarget=\"\" player=\"4\" autoplay=\"false\" loop=\"false\" autorewind=\"false\" splashimage=\"\" skin=\"\" \/] [icon color=\"Accent-Color\" size=\"regular\" image=\"steadysets-icon-chat\"] Contexto Spot de la campa\u00f1a de Ronaldo Lessa a la gobernaci\u00f3n de Alagoas durante la contienda electoral de 2010, a nombre del Partido Democr\u00e1tico Laborista, PDL. Enfrent\u00f3 al\u2026","rel":"","context":"En \u00ab2010\u00bb","block_context":{"text":"2010","link":"https:\/\/estrategica.com.co\/blog\/category\/ano\/2010\/"},"img":{"alt_text":"","src":"https:\/\/i0.wp.com\/estrategica.com.co\/blog\/wp-content\/uploads\/2011\/05\/RonaldoLessa12GuiaEleitoral060910Tarde_thumb.png?fit=623%2C530&ssl=1&resize=350%2C200","width":350,"height":200},"classes":[]},{"id":29221,"url":"https:\/\/estrategica.com.co\/blog\/ronaldolessa12guiaeleitoral080910noite\/","url_meta":{"origin":29087,"position":1},"title":"Franja Electoral &#8211; Lessa","author":"Juliana","date":"mayo 10, 2011","format":false,"excerpt":"[hana-flv-player video=\"\/blog\/wp-content\/uploads\/2009\/01\/20110228\/RonaldoLessa12GuiaEleitoral080910noite.flv\" width=\"550\" height=\"\" description= \"Franja Electoral - Lessa\" clickurl=\"\" clicktarget=\"\" player=\"4\" autoplay=\"false\" loop=\"false\" autorewind=\"false\" splashimage=\"\" skin=\"\" \/] [icon color=\"Accent-Color\" size=\"regular\" image=\"steadysets-icon-chat\"] Contexto Spot de la campa\u00f1a de Ronaldo Lessa a la gobernaci\u00f3n de Alagoas durante la contienda electoral de 2010, a nombre del Partido Democr\u00e1tico Laborista, PDL. Enfrent\u00f3 al\u2026","rel":"","context":"En \u00ab2010\u00bb","block_context":{"text":"2010","link":"https:\/\/estrategica.com.co\/blog\/category\/ano\/2010\/"},"img":{"alt_text":"","src":"https:\/\/i0.wp.com\/estrategica.com.co\/blog\/wp-content\/uploads\/2011\/05\/RonaldoLessa12GuiaEleitoral080910noite_thumb.png?fit=621%2C492&ssl=1&resize=350%2C200","width":350,"height":200},"classes":[]},{"id":29224,"url":"https:\/\/estrategica.com.co\/blog\/ronaldolessa12guiaeleitoral080910tarde\/","url_meta":{"origin":29087,"position":2},"title":"Franja Electoral &#8211; Lessa","author":"Juliana","date":"mayo 10, 2011","format":false,"excerpt":"[hana-flv-player video=\"\/blog\/wp-content\/uploads\/2009\/01\/20110228\/RonaldoLessa12GuiaEleitoral080910tarde.flv\" width=\"550\" height=\"\" description= \"Franja Electoral - Lessa\" clickurl=\"\" clicktarget=\"\" player=\"4\" autoplay=\"false\" loop=\"false\" autorewind=\"false\" splashimage=\"\" skin=\"\" \/] [icon color=\"Accent-Color\" size=\"regular\" image=\"steadysets-icon-chat\"] Contexto Spot de la campa\u00f1a de Ronaldo Lessa a la gobernaci\u00f3n de Alagoas durante la contienda electoral de 2010, a nombre del Partido Democr\u00e1tico Laborista, PDL. Enfrent\u00f3 al\u2026","rel":"","context":"En \u00ab2010\u00bb","block_context":{"text":"2010","link":"https:\/\/estrategica.com.co\/blog\/category\/ano\/2010\/"},"img":{"alt_text":"","src":"https:\/\/i0.wp.com\/estrategica.com.co\/blog\/wp-content\/uploads\/2011\/05\/RonaldoLessa12GuiaEleitoral080910tarde_thumb.png?fit=803%2C500&ssl=1&resize=350%2C200","width":350,"height":200},"classes":[]},{"id":29227,"url":"https:\/\/estrategica.com.co\/blog\/ronaldolessa12guiaeleitoral130910noite\/","url_meta":{"origin":29087,"position":3},"title":"Franja Electoral &#8211; Lessa","author":"Juliana","date":"mayo 10, 2011","format":false,"excerpt":"[hana-flv-player video=\"\/blog\/wp-content\/uploads\/2009\/01\/20110228\/RonaldoLessa12GuiaEleitoral130910Noite.flv\" width=\"550\" height=\"\" description= \"Franja Electoral - Lessa\" clickurl=\"\" clicktarget=\"\" player=\"4\" autoplay=\"false\" loop=\"false\" autorewind=\"false\" splashimage=\"\" skin=\"\" \/] [icon color=\"Accent-Color\" size=\"regular\" image=\"steadysets-icon-chat\"] Contexto Spot de la campa\u00f1a de Ronaldo Lessa a la gobernaci\u00f3n de Alagoas durante la contienda electoral de 2010, a nombre del Partido Democr\u00e1tico Laborista, PDL. Enfrent\u00f3 al\u2026","rel":"","context":"En \u00ab2010\u00bb","block_context":{"text":"2010","link":"https:\/\/estrategica.com.co\/blog\/category\/ano\/2010\/"},"img":{"alt_text":"","src":"https:\/\/i0.wp.com\/estrategica.com.co\/blog\/wp-content\/uploads\/2011\/05\/RonaldoLessa12GuiaEleitoral130910Noite_thumb.png?fit=676%2C509&ssl=1&resize=350%2C200","width":350,"height":200},"classes":[]},{"id":29230,"url":"https:\/\/estrategica.com.co\/blog\/ronaldolessa12guiaeleitoral18081013h\/","url_meta":{"origin":29087,"position":4},"title":"Franja Electoral &#8211; Lessa","author":"Juliana","date":"mayo 10, 2011","format":false,"excerpt":"[hana-flv-player video=\"\/blog\/wp-content\/uploads\/2009\/01\/20110228\/RonaldoLessa12GuiaEleitoral18081013h.flv\" width=\"550\" height=\"\" description=\"Franja Electoral - Lessa\" clickurl=\"\" clicktarget=\"\" player=\"4\" autoplay=\"false\" loop=\"false\" autorewind=\"false\" splashimage=\"\" skin=\"\" \/] [icon color=\"Accent-Color\" size=\"regular\" image=\"steadysets-icon-chat\"] Contexto Spot de la campa\u00f1a de Ronaldo Lessa a la gobernaci\u00f3n de Alagoas durante la contienda electoral de 2010, a nombre del Partido Democr\u00e1tico Laborista, PDL. Enfrent\u00f3 al gobernador\u2026","rel":"","context":"En \u00ab2010\u00bb","block_context":{"text":"2010","link":"https:\/\/estrategica.com.co\/blog\/category\/ano\/2010\/"},"img":{"alt_text":"","src":"https:\/\/i0.wp.com\/estrategica.com.co\/blog\/wp-content\/uploads\/2011\/05\/RonaldoLessa12GuiaEleitoral18081013h_thumb.png?fit=605%2C538&ssl=1&resize=350%2C200","width":350,"height":200},"classes":[]},{"id":29233,"url":"https:\/\/estrategica.com.co\/blog\/ronaldolessa12guiaeleitoral18081020h30\/","url_meta":{"origin":29087,"position":5},"title":"Franja Electoral &#8211; Lessa","author":"Juliana","date":"mayo 9, 2011","format":false,"excerpt":"[hana-flv-player video=\"\/blog\/wp-content\/uploads\/2009\/01\/20110228\/RonaldoLessa12GuiaEleitoral18081020h30.flv\" width=\"550\" height=\"\" description= \"Franja Electoral - Lessa\" clickurl=\"\" clicktarget=\"\" player=\"4\" autoplay=\"false\" loop=\"false\" autorewind=\"false\" splashimage=\"\" skin=\"\" \/] [icon color=\"Accent-Color\" size=\"regular\" image=\"steadysets-icon-chat\"] Contexto Spot de la campa\u00f1a de Ronaldo Lessa a la gobernaci\u00f3n de Alagoas durante la contienda electoral de 2010, a nombre del Partido Democr\u00e1tico Laborista, PDL. Enfrent\u00f3 al\u2026","rel":"","context":"En \u00ab2010\u00bb","block_context":{"text":"2010","link":"https:\/\/estrategica.com.co\/blog\/category\/ano\/2010\/"},"img":{"alt_text":"","src":"https:\/\/i0.wp.com\/estrategica.com.co\/blog\/wp-content\/uploads\/2011\/05\/RonaldoLessa12GuiaEleitoral18081020h30_thumb.png?fit=829%2C524&ssl=1&resize=350%2C200","width":350,"height":200},"classes":[]}],"jetpack_sharing_enabled":true,"_links":{"self":[{"href":"https:\/\/estrategica.com.co\/blog\/wp-json\/wp\/v2\/posts\/29087","targetHints":{"allow":["GET"]}}],"collection":[{"href":"https:\/\/estrategica.com.co\/blog\/wp-json\/wp\/v2\/posts"}],"about":[{"href":"https:\/\/estrategica.com.co\/blog\/wp-json\/wp\/v2\/types\/post"}],"author":[{"embeddable":true,"href":"https:\/\/estrategica.com.co\/blog\/wp-json\/wp\/v2\/users\/5"}],"replies":[{"embeddable":true,"href":"https:\/\/estrategica.com.co\/blog\/wp-json\/wp\/v2\/comments?post=29087"}],"version-history":[{"count":4,"href":"https:\/\/estrategica.com.co\/blog\/wp-json\/wp\/v2\/posts\/29087\/revisions"}],"predecessor-version":[{"id":44041,"href":"https:\/\/estrategica.com.co\/blog\/wp-json\/wp\/v2\/posts\/29087\/revisions\/44041"}],"wp:featuredmedia":[{"embeddable":true,"href":"https:\/\/estrategica.com.co\/blog\/wp-json\/wp\/v2\/media\/29088"}],"wp:attachment":[{"href":"https:\/\/estrategica.com.co\/blog\/wp-json\/wp\/v2\/media?parent=29087"}],"wp:term":[{"taxonomy":"category","embeddable":true,"href":"https:\/\/estrategica.com.co\/blog\/wp-json\/wp\/v2\/categories?post=29087"},{"taxonomy":"post_tag","embeddable":true,"href":"https:\/\/estrategica.com.co\/blog\/wp-json\/wp\/v2\/tags?post=29087"}],"curies":[{"name":"wp","href":"https:\/\/api.w.org\/{rel}","templated":true}]}}