{"id":29105,"date":"2011-12-21T07:53:28","date_gmt":"2011-12-21T12:53:28","guid":{"rendered":"http:\/\/estrategica.com.co\/blog\/?p=29105"},"modified":"2014-09-27T17:03:31","modified_gmt":"2014-09-27T22:03:31","slug":"nodia3deoutubroe45nacabeca","status":"publish","type":"post","link":"https:\/\/estrategica.com.co\/blog\/nodia3deoutubroe45nacabeca\/","title":{"rendered":"El Pr\u00f3ximo 3 de Octubre &#8211; Velloso"},"content":{"rendered":"<p> <script type='text\/javascript' src='https:\/\/estrategica.com.co\/blog\/wp-content\/plugins\/hana-flv-player\/flowplayer3\/example\/flowplayer-3.2.6.min.js'><\/script>\n<div >\n<div id='hana_flv_flow3_1' style='display:block;width:550px;height:413px;background-color:#555555;color:#ffffff;padding:0' title=\"*Video:el pr\u00f3ximo 3 de octubre - velloso\"><\/div>\n<\/div>\n\n<script  type='text\/javascript'>\nif (typeof g_hanaFlash !== 'undefined' && !g_hanaFlash){\n    jQuery('#hana_flv_flow3_1').css( 'padding', '5px' );\n\tjQuery('#hana_flv_flow3_1').html(\"<span class='inactive_message' style='display:block'>Sorry, your browser does not support Flash Video Player<\/span> *Video:el pr\u00f3ximo 3 de octubre - velloso\");\n}else{\t\t\t\n\t\tflowplayer('hana_flv_flow3_1', { src: 'https:\/\/estrategica.com.co\/blog\/wp-content\/plugins\/hana-flv-player\/flowplayer3\/flowplayer-3.2.7.swf', wmode: 'transparent' }, { \n\n\t\t\tcanvas: { backgroundColor: '#000000', backgroundGradient: 'none',},\n    \t\tclip:  { \n    \t\t\turl: '\/blog\/wp-content\/uploads\/2009\/01\/20110228\/Nodia3deOutubroe45nacabeca.flv',\n        \t\tscaling: 'fit', autoPlay: false, autoBuffering: true \n\n\t        }\n\n\t\t});\n}\n<\/script><br \/>\n<\/br><\/p>\n<p>[icon color=\u00bbAccent-Color\u00bb size=\u00bbregular\u00bb image=\u00bbsteadysets-icon-chat\u00bb] <strong>Contexto<\/strong><\/br><\/br><br \/>\nSpot de la campa\u00f1a de Luiz Paulo Velloso a la Gobernaci\u00f3n de Esp\u00edritu Santo durante la contienda electoral de 2010, a nombre del Partido de la Social Democracia Brasile\u00f1a (PSDB). Luiz Paulo fue derrotado estruendosamente por Renato Casagrande l\u00edder del oficialista Partido Socialista Brasile\u00f1o (PSB) que obtuvo el 83% de los votos.<\/p>\n","protected":false},"excerpt":{"rendered":"<p>*Video: el pr\u00f3ximo 3 de octubre &#8211; velloso [icon color=\u00bbAccent-Color\u00bb size=\u00bbregular\u00bb image=\u00bbsteadysets-icon-chat\u00bb] Contexto Spot de la campa\u00f1a de Luiz Paulo Velloso a la Gobernaci\u00f3n de Esp\u00edritu Santo durante la contienda electoral de 2010, a nombre del Partido de la Social Democracia Brasile\u00f1a (PSDB). Luiz Paulo fue derrotado estruendosamente por Renato Casagrande l\u00edder del oficialista Partido [&hellip;]<\/p>\n","protected":false},"author":5,"featured_media":29106,"comment_status":"open","ping_status":"open","sticky":false,"template":"","format":"standard","meta":{"_et_pb_use_builder":"","_et_pb_old_content":"","_et_gb_content_width":"","advanced_seo_description":"","jetpack_seo_html_title":"","jetpack_seo_noindex":false,"footnotes":""},"categories":[687,263,60,59,34,10,11,3],"tags":[684,925,922,947],"class_list":["post-29105","post","type-post","status-publish","format-standard","has-post-thumbnail","hentry","category-687","category-ano","category-brazil","category-campana-uninominal","category-electoral","category-geo","category-temas","category-video","tag-elecciones-2010","tag-luiz-paulo-velloso","tag-partido-de-la-social-democracia-brasilena","tag-psdb"],"jetpack_featured_media_url":"https:\/\/i0.wp.com\/estrategica.com.co\/blog\/wp-content\/uploads\/2011\/05\/Nodia3deOutubroe45nacabeca_thumb.png?fit=846%2C499&ssl=1","jetpack_shortlink":"https:\/\/wp.me\/p4wgsh-7zr","jetpack-related-posts":[{"id":29197,"url":"https:\/\/estrategica.com.co\/blog\/programaluizpaulo45\/","url_meta":{"origin":29105,"position":0},"title":"Franja Electoral &#8211; Velloso","author":"Juliana","date":"diciembre 21, 2011","format":false,"excerpt":"[hana-flv-player video=\"\/blog\/wp-content\/uploads\/2009\/01\/20110228\/ProgramaLuizPaulo45.flv\" width=\"550\" height=\"\" description=\"Franja Electoral - Velloso\" clickurl=\"\" clicktarget=\"\" player=\"4\" autoplay=\"false\" loop=\"false\" autorewind=\"false\" splashimage=\"\" skin=\"\" \/] [icon color=\"Accent-Color\" size=\"regular\" image=\"steadysets-icon-chat\"] Contexto Spot de la campa\u00f1a de Luiz Paulo Velloso a la Gobernaci\u00f3n de Esp\u00edritu Santo durante la contienda electoral de 2010, a nombre del Partido de la Social Democracia\u2026","rel":"","context":"En \u00ab2010\u00bb","block_context":{"text":"2010","link":"https:\/\/estrategica.com.co\/blog\/category\/ano\/2010\/"},"img":{"alt_text":"","src":"https:\/\/i0.wp.com\/estrategica.com.co\/blog\/wp-content\/uploads\/2011\/05\/ProgramaLuizPaulo45_thumb.png?fit=861%2C474&ssl=1&resize=350%2C200","width":350,"height":200},"classes":[]},{"id":28638,"url":"https:\/\/estrategica.com.co\/blog\/16programaluizpaulo45\/","url_meta":{"origin":29105,"position":1},"title":"Franja Electoral &#8211; Velloso","author":"Juliana","date":"mayo 3, 2011","format":false,"excerpt":"[hana-flv-player video=\"\/blog\/wp-content\/uploads\/2009\/01\/20110228\/16ProgramaLuizPaulo45.flv\" width=\"550\" height=\"\" description= \"Franja Electoral - Velloso\" clickurl=\"\" clicktarget=\"\" player=\"4\" autoplay=\"false\" loop=\"false\" autorewind=\"false\" splashimage=\"\" skin=\"\" \/] [icon color=\"Accent-Color\" size=\"regular\" image=\"steadysets-icon-chat\"] Contexto Spot de la campa\u00f1a de Luiz Paulo Velloso a la Gobernaci\u00f3n de Esp\u00edritu Santo durante la contienda electoral de 2010, a nombre del Partido de la Social\u2026","rel":"","context":"En \u00ab2010\u00bb","block_context":{"text":"2010","link":"https:\/\/estrategica.com.co\/blog\/category\/ano\/2010\/"},"img":{"alt_text":"","src":"https:\/\/i0.wp.com\/estrategica.com.co\/blog\/wp-content\/uploads\/2011\/05\/16ProgramaLuizPaulo45_thumb.png?fit=745%2C406&ssl=1&resize=350%2C200","width":350,"height":200},"classes":[]},{"id":28660,"url":"https:\/\/estrategica.com.co\/blog\/9programaluizpaulo45\/","url_meta":{"origin":29105,"position":2},"title":"Franja Electoral &#8211; Velloso","author":"Juliana","date":"mayo 3, 2011","format":false,"excerpt":"[hana-flv-player video=\"\/blog\/wp-content\/uploads\/2009\/01\/20110228\/9ProgramaLuizPaulo45.flv\" width=\"550\" height=\"\" description= \"Franja Electoral - Velloso\" clickurl=\"\" clicktarget=\"\" player=\"4\" autoplay=\"false\" loop=\"false\" autorewind=\"false\" splashimage=\"\" skin=\"\" \/] [icon color=\"Accent-Color\" size=\"regular\" image=\"steadysets-icon-chat\"] Contexto Spot de la campa\u00f1a de Luiz Paulo Velloso a la Gobernaci\u00f3n de Esp\u00edritu Santo durante la contienda electoral de 2010, a nombre del Partido de la Social\u2026","rel":"","context":"En \u00ab2010\u00bb","block_context":{"text":"2010","link":"https:\/\/estrategica.com.co\/blog\/category\/ano\/2010\/"},"img":{"alt_text":"","src":"https:\/\/i0.wp.com\/estrategica.com.co\/blog\/wp-content\/uploads\/2011\/05\/9ProgramaLuizPaulo45_thumb.png?fit=731%2C492&ssl=1&resize=350%2C200","width":350,"height":200},"classes":[]},{"id":28663,"url":"https:\/\/estrategica.com.co\/blog\/8programaluizpaulo45\/","url_meta":{"origin":29105,"position":3},"title":"Franja Electoral &#8211; Velloso","author":"Juliana","date":"mayo 3, 2011","format":false,"excerpt":"[hana-flv-player video=\"\/blog\/wp-content\/uploads\/2009\/01\/20110228\/8ProgramaLuizPaulo45.flv\" width=\"550\" height=\"\" description= \"Franja Electoral - Velloso\" clickurl=\"\" clicktarget=\"\" player=\"4\" autoplay=\"false\" loop=\"false\" autorewind=\"false\" splashimage=\"\" skin=\"\" \/] [icon color=\"Accent-Color\" size=\"regular\" image=\"steadysets-icon-chat\"] Contexto Spot de la campa\u00f1a de Luiz Paulo Velloso a la Gobernaci\u00f3n de Esp\u00edritu Santo durante la contienda electoral de 2010, a nombre del Partido de la Social\u2026","rel":"","context":"En \u00ab2010\u00bb","block_context":{"text":"2010","link":"https:\/\/estrategica.com.co\/blog\/category\/ano\/2010\/"},"img":{"alt_text":"","src":"https:\/\/i0.wp.com\/estrategica.com.co\/blog\/wp-content\/uploads\/2011\/05\/8ProgramaLuizPaulo45_thumb.png?fit=532%2C477&ssl=1&resize=350%2C200","width":350,"height":200},"classes":[]},{"id":28666,"url":"https:\/\/estrategica.com.co\/blog\/2programaluizpaulo45\/","url_meta":{"origin":29105,"position":4},"title":"Franja Electoral &#8211; Velloso","author":"Juliana","date":"mayo 3, 2011","format":false,"excerpt":"[hana-flv-player video=\"\/blog\/wp-content\/uploads\/2009\/01\/20110228\/2ProgramaLuizPaulo45.flv\" width=\"550\" height=\"\" description= \"Franja Electoral - Velloso\" clickurl=\"\" clicktarget=\"\" player=\"4\" autoplay=\"false\" loop=\"false\" autorewind=\"false\" splashimage=\"\" skin=\"\" \/] [icon color=\"Accent-Color\" size=\"regular\" image=\"steadysets-icon-chat\"] Contexto Spot de la campa\u00f1a de Luiz Paulo Velloso a la Gobernaci\u00f3n de Esp\u00edritu Santo durante la contienda electoral de 2010, a nombre del Partido de la Social\u2026","rel":"","context":"En \u00ab2010\u00bb","block_context":{"text":"2010","link":"https:\/\/estrategica.com.co\/blog\/category\/ano\/2010\/"},"img":{"alt_text":"","src":"https:\/\/i0.wp.com\/estrategica.com.co\/blog\/wp-content\/uploads\/2011\/05\/2ProgramaLuizPaulo45_thumb.png?fit=668%2C478&ssl=1&resize=350%2C200","width":350,"height":200},"classes":[]},{"id":28669,"url":"https:\/\/estrategica.com.co\/blog\/6programaluizpaulo45\/","url_meta":{"origin":29105,"position":5},"title":"Franja Electoral &#8211; Velloso","author":"Juliana","date":"mayo 2, 2011","format":false,"excerpt":"[hana-flv-player video=\"\/blog\/wp-content\/uploads\/2009\/01\/20110228\/6ProgramaLuizPaulo45.flv\" width=\"550\" height=\"\" description= \"Franja Electoral - Velloso\" clickurl=\"\" clicktarget=\"\" player=\"4\" autoplay=\"false\" loop=\"false\" autorewind=\"false\" splashimage=\"\" skin=\"\" \/] [icon color=\"Accent-Color\" size=\"regular\" image=\"steadysets-icon-chat\"] Contexto Spot de la campa\u00f1a de Luiz Paulo Velloso a la Gobernaci\u00f3n de Esp\u00edritu Santo durante la contienda electoral de 2010, a nombre del Partido de la Social\u2026","rel":"","context":"En \u00ab2010\u00bb","block_context":{"text":"2010","link":"https:\/\/estrategica.com.co\/blog\/category\/ano\/2010\/"},"img":{"alt_text":"","src":"https:\/\/i0.wp.com\/estrategica.com.co\/blog\/wp-content\/uploads\/2011\/04\/Gabeira43Programa09Eleicoes2010GovernadorcmCaetanoVeloso_thumb.png?fit=779%2C472&ssl=1&resize=350%2C200","width":350,"height":200},"classes":[]}],"jetpack_sharing_enabled":true,"_links":{"self":[{"href":"https:\/\/estrategica.com.co\/blog\/wp-json\/wp\/v2\/posts\/29105","targetHints":{"allow":["GET"]}}],"collection":[{"href":"https:\/\/estrategica.com.co\/blog\/wp-json\/wp\/v2\/posts"}],"about":[{"href":"https:\/\/estrategica.com.co\/blog\/wp-json\/wp\/v2\/types\/post"}],"author":[{"embeddable":true,"href":"https:\/\/estrategica.com.co\/blog\/wp-json\/wp\/v2\/users\/5"}],"replies":[{"embeddable":true,"href":"https:\/\/estrategica.com.co\/blog\/wp-json\/wp\/v2\/comments?post=29105"}],"version-history":[{"count":4,"href":"https:\/\/estrategica.com.co\/blog\/wp-json\/wp\/v2\/posts\/29105\/revisions"}],"predecessor-version":[{"id":44051,"href":"https:\/\/estrategica.com.co\/blog\/wp-json\/wp\/v2\/posts\/29105\/revisions\/44051"}],"wp:featuredmedia":[{"embeddable":true,"href":"https:\/\/estrategica.com.co\/blog\/wp-json\/wp\/v2\/media\/29106"}],"wp:attachment":[{"href":"https:\/\/estrategica.com.co\/blog\/wp-json\/wp\/v2\/media?parent=29105"}],"wp:term":[{"taxonomy":"category","embeddable":true,"href":"https:\/\/estrategica.com.co\/blog\/wp-json\/wp\/v2\/categories?post=29105"},{"taxonomy":"post_tag","embeddable":true,"href":"https:\/\/estrategica.com.co\/blog\/wp-json\/wp\/v2\/tags?post=29105"}],"curies":[{"name":"wp","href":"https:\/\/api.w.org\/{rel}","templated":true}]}}