{"id":29120,"date":"2011-12-20T18:06:46","date_gmt":"2011-12-20T23:06:46","guid":{"rendered":"http:\/\/estrategica.com.co\/blog\/?p=29120"},"modified":"2015-03-20T11:31:57","modified_gmt":"2015-03-20T16:31:57","slug":"programaeleitoralderemprego278","status":"publish","type":"post","link":"https:\/\/estrategica.com.co\/blog\/programaeleitoralderemprego278\/","title":{"rendered":"Empleo &#8211; Roseana"},"content":{"rendered":"<p> <script type='text\/javascript' src='https:\/\/estrategica.com.co\/blog\/wp-content\/plugins\/hana-flv-player\/flowplayer3\/example\/flowplayer-3.2.6.min.js'><\/script>\n<div >\n<div id='hana_flv_flow3_1' style='display:block;width:550px;height:413px;background-color:#555555;color:#ffffff;padding:0' title=\"*Video:empleo - roseana\"><\/div>\n<\/div>\n\n<script  type='text\/javascript'>\nif (typeof g_hanaFlash !== 'undefined' && !g_hanaFlash){\n    jQuery('#hana_flv_flow3_1').css( 'padding', '5px' );\n\tjQuery('#hana_flv_flow3_1').html(\"<span class='inactive_message' style='display:block'>Sorry, your browser does not support Flash Video Player<\/span> *Video:empleo - roseana\");\n}else{\t\t\t\n\t\tflowplayer('hana_flv_flow3_1', { src: 'https:\/\/estrategica.com.co\/blog\/wp-content\/plugins\/hana-flv-player\/flowplayer3\/flowplayer-3.2.7.swf', wmode: 'transparent' }, { \n\n\t\t\tcanvas: { backgroundColor: '#000000', backgroundGradient: 'none',},\n    \t\tclip:  { \n    \t\t\turl: '\/blog\/wp-content\/uploads\/2009\/01\/20110228\/ProgramaEleitoraldeREmprego278.flv',\n        \t\tscaling: 'fit', autoPlay: false, autoBuffering: true \n\n\t        }\n\n\t\t});\n}\n<\/script><br \/>\n<\/br><\/p>\n<p>[icon color=\u00bbAccent-Color\u00bb size=\u00bbregular\u00bb image=\u00bbsteadysets-icon-chat\u00bb] <strong>Contexto<\/strong><\/br><\/br><\/p>\n<p style=\"text-align: justify;\">\nSpot de la campa\u00f1a de Roseana Sarney Murad a la Gobernaci\u00f3n de Mara\u00f1\u00f3n durante la contienda electoral de 2010, a nombre del Movimiento Democr\u00e1tico Brasilero. La comunicaci\u00f3n estuvo marcada por el esfuerzo de rentabilizar los logros al frente de la gobernaci\u00f3n y tratar de desactivas la guerra sucia de varios de sus adversarios contra ella. Roseana venci\u00f3 al final con m\u00e1s de 51% de los votos y estuvo apoyada por el Presidente Lula y el Partido de los Trabajadores.<\/p><\/p>\n","protected":false},"excerpt":{"rendered":"<p>*Video: empleo &#8211; roseana [icon color=\u00bbAccent-Color\u00bb size=\u00bbregular\u00bb image=\u00bbsteadysets-icon-chat\u00bb] Contexto Spot de la campa\u00f1a de Roseana Sarney Murad a la Gobernaci\u00f3n de Mara\u00f1\u00f3n durante la contienda electoral de 2010, a nombre del Movimiento Democr\u00e1tico Brasilero. La comunicaci\u00f3n estuvo marcada por el esfuerzo de rentabilizar los logros al frente de la gobernaci\u00f3n y tratar de desactivas la [&hellip;]<\/p>\n","protected":false},"author":5,"featured_media":29121,"comment_status":"open","ping_status":"open","sticky":false,"template":"","format":"standard","meta":{"_et_pb_use_builder":"","_et_pb_old_content":"","_et_gb_content_width":"","advanced_seo_description":"","jetpack_seo_html_title":"","jetpack_seo_noindex":false,"footnotes":""},"categories":[687,263,60,59,34,10,11,3],"tags":[684,918,927],"class_list":["post-29120","post","type-post","status-publish","format-standard","has-post-thumbnail","hentry","category-687","category-ano","category-brazil","category-campana-uninominal","category-electoral","category-geo","category-temas","category-video","tag-elecciones-2010","tag-movimiento-democratico-brasileiro","tag-roseana-sarney"],"jetpack_featured_media_url":"https:\/\/i0.wp.com\/estrategica.com.co\/blog\/wp-content\/uploads\/2011\/05\/ProgramaEleitoraldeREmprego278_thumb.png?fit=712%2C474&ssl=1","jetpack_shortlink":"https:\/\/wp.me\/p4wgsh-7zG","jetpack-related-posts":[{"id":29194,"url":"https:\/\/estrategica.com.co\/blog\/programaeleitorialderoseana0309\/","url_meta":{"origin":29120,"position":0},"title":"Franja Electoral &#8211; Roseana","author":"Juliana","date":"mayo 11, 2011","format":false,"excerpt":"[hana-flv-player video=\"\/blog\/wp-content\/uploads\/2009\/01\/20110228\/ProgramaeleitorialdeRoseana0309.flv\" description= \"Franja Electoral - Roseana\" clickurl=\"\" clicktarget=\"\" player=\"4\" autoplay=\"false\" loop=\"false\" autorewind=\"false\" splashimage=\"\" skin=\"\" \/] [icon color=\"Accent-Color\" size=\"regular\" image=\"steadysets-icon-chat\"] Contexto Spot de la campa\u00f1a de Roseana Sarney Murad a la Gobernaci\u00f3n de Mara\u00f1\u00f3n durante la contienda electoral de 2010, a nombre del Movimiento Democr\u00e1tico Brasilero. La comunicaci\u00f3n estuvo marcada\u2026","rel":"","context":"En \u00ab2010\u00bb","block_context":{"text":"2010","link":"https:\/\/estrategica.com.co\/blog\/category\/ano\/2010\/"},"img":{"alt_text":"","src":"https:\/\/i0.wp.com\/estrategica.com.co\/blog\/wp-content\/uploads\/2011\/05\/ProgramaeleitorialdeRoseana0309_thumb.png?fit=579%2C443&ssl=1&resize=350%2C200","width":350,"height":200},"classes":[]},{"id":29178,"url":"https:\/\/estrategica.com.co\/blog\/programaeleitoralderoseanatemaagricultura\/","url_meta":{"origin":29120,"position":1},"title":"Franja Electoral &#8211; Roseana","author":"Juliana","date":"mayo 11, 2011","format":false,"excerpt":"[hana-flv-player video=\"\/blog\/wp-content\/uploads\/2009\/01\/20110228\/ProgramaeleitoraldeRoseanatemaagricultura.flv\" width=\"550\" height=\"\" description= \"Franja Electoral - Roseana\" clickurl=\"\" clicktarget=\"\" player=\"4\" autoplay=\"false\" loop=\"false\" autorewind=\"false\" splashimage=\"\" skin=\"\" \/] [icon color=\"Accent-Color\" size=\"regular\" image=\"steadysets-icon-chat\"] Contexto Spot de la campa\u00f1a de Roseana Sarney Murad a la Gobernaci\u00f3n de Mara\u00f1\u00f3n durante la contienda electoral de 2010, a nombre del Movimiento Democr\u00e1tico Brasilero. La comunicaci\u00f3n\u2026","rel":"","context":"En \u00ab2010\u00bb","block_context":{"text":"2010","link":"https:\/\/estrategica.com.co\/blog\/category\/ano\/2010\/"},"img":{"alt_text":"","src":"https:\/\/i0.wp.com\/estrategica.com.co\/blog\/wp-content\/uploads\/2011\/05\/ProgramaeleitoraldeRoseanatemaagricultura_thumb.png?fit=575%2C515&ssl=1&resize=350%2C200","width":350,"height":200},"classes":[]},{"id":29130,"url":"https:\/\/estrategica.com.co\/blog\/programaeleitoralderoseana01-09\/","url_meta":{"origin":29120,"position":2},"title":"Franja Electoral &#8211; Roseana","author":"Juliana","date":"mayo 11, 2011","format":false,"excerpt":"[hana-flv-player video=\"\/blog\/wp-content\/uploads\/2009\/01\/20110228\/ProgramaeleitoraldeRoseana01.09.flv\" width=\"550\" height=\"\" description= \"Franja Electoral - Roseana\" clickurl=\"\" clicktarget=\"\" player=\"4\" autoplay=\"false\" loop=\"false\" autorewind=\"false\" splashimage=\"\" skin=\"\" \/] [icon color=\"Accent-Color\" size=\"regular\" image=\"steadysets-icon-chat\"] Contexto Spot de la campa\u00f1a de Roseana Sarney Murad a la Gobernaci\u00f3n de Mara\u00f1\u00f3n durante la contienda electoral de 2010, a nombre del Movimiento Democr\u00e1tico Brasilero. La comunicaci\u00f3n\u2026","rel":"","context":"En \u00ab2010\u00bb","block_context":{"text":"2010","link":"https:\/\/estrategica.com.co\/blog\/category\/ano\/2010\/"},"img":{"alt_text":"","src":"https:\/\/i0.wp.com\/estrategica.com.co\/blog\/wp-content\/uploads\/2011\/05\/ProgramaeleitoraldeRoseana01.09_thumb.png?fit=604%2C447&ssl=1&resize=350%2C200","width":350,"height":200},"classes":[]},{"id":29133,"url":"https:\/\/estrategica.com.co\/blog\/programaeleitoralderoseana0609\/","url_meta":{"origin":29120,"position":3},"title":"Franja Electoral &#8211; Roseana","author":"Juliana","date":"mayo 11, 2011","format":false,"excerpt":"two_thirds] [hana-flv-player video=\"\/blog\/wp-content\/uploads\/2009\/01\/20110228\/ProgramaEleitoraldeRoseana0609.flv\" width=\"550\" height=\"\" description= \"Franja Electoral - Roseana\" clickurl=\"\" clicktarget=\"\" player=\"4\" autoplay=\"false\" loop=\"false\" autorewind=\"false\" splashimage=\"\" skin=\"\" \/] [icon color=\"Accent-Color\" size=\"regular\" image=\"steadysets-icon-chat\"] Contexto Spot de la campa\u00f1a de Roseana Sarney Murad a la Gobernaci\u00f3n de Mara\u00f1\u00f3n durante la contienda electoral de 2010, a nombre del Movimiento Democr\u00e1tico Brasilero. La\u2026","rel":"","context":"En \u00ab2010\u00bb","block_context":{"text":"2010","link":"https:\/\/estrategica.com.co\/blog\/category\/ano\/2010\/"},"img":{"alt_text":"","src":"https:\/\/i0.wp.com\/estrategica.com.co\/blog\/wp-content\/uploads\/2011\/05\/ProgramaEleitoraldeRoseana0609_thumb.png?fit=554%2C442&ssl=1&resize=350%2C200","width":350,"height":200},"classes":[]},{"id":29139,"url":"https:\/\/estrategica.com.co\/blog\/programaeleitoralderoseana08-09\/","url_meta":{"origin":29120,"position":4},"title":"Franja Electoral &#8211; Roseana","author":"Juliana","date":"mayo 17, 2011","format":false,"excerpt":"[hana-flv-player video=\"\/blog\/wp-content\/uploads\/2009\/01\/20110228\/ProgramaEleitoraldeRoseana08.09.flv\" width=\"550\" height\"\" description= \"Franja Electoral - Roseana\" clickurl=\"\" clicktarget=\"\" player=\"4\" autoplay=\"false\" loop=\"false\" autorewind=\"false\" splashimage=\"\" skin=\"\" \/] [icon color=\"Accent-Color\" size=\"regular\" image=\"steadysets-icon-chat\"] Contexto Spot de la campa\u00f1a de Roseana Sarney Murad a la Gobernaci\u00f3n de Mara\u00f1\u00f3n durante la contienda electoral de 2010, a nombre del Movimiento Democr\u00e1tico Brasilero. La comunicaci\u00f3n\u2026","rel":"","context":"En \u00ab2010\u00bb","block_context":{"text":"2010","link":"https:\/\/estrategica.com.co\/blog\/category\/ano\/2010\/"},"img":{"alt_text":"","src":"https:\/\/i0.wp.com\/estrategica.com.co\/blog\/wp-content\/uploads\/2011\/05\/ProgramaEleitoraldeRoseana08.09_thumb.png?fit=716%2C475&ssl=1&resize=350%2C200","width":350,"height":200},"classes":[]},{"id":29142,"url":"https:\/\/estrategica.com.co\/blog\/programaeleitoralderoseana1009\/","url_meta":{"origin":29120,"position":5},"title":"Franja Electoral &#8211; Roseana","author":"Juliana","date":"mayo 17, 2011","format":false,"excerpt":"[hana-flv-player video=\"\/blog\/wp-content\/uploads\/2009\/01\/20110228\/ProgramaEleitoraldeRoseana1009.flv\" width=\"550\" height\"\" description= \"Franja Electoral - Roseana\" clickurl=\"\" clicktarget=\"\" player=\"4\" autoplay=\"false\" loop=\"false\" autorewind=\"false\" splashimage=\"\" skin=\"\" \/] [icon color=\"Accent-Color\" size=\"regular\" image=\"steadysets-icon-chat\"] Contexto Spot de la campa\u00f1a de Roseana Sarney Murad a la Gobernaci\u00f3n de Mara\u00f1\u00f3n durante la contienda electoral de 2010, a nombre del Movimiento Democr\u00e1tico Brasilero. La comunicaci\u00f3n\u2026","rel":"","context":"En \u00ab2010\u00bb","block_context":{"text":"2010","link":"https:\/\/estrategica.com.co\/blog\/category\/ano\/2010\/"},"img":{"alt_text":"","src":"https:\/\/i0.wp.com\/estrategica.com.co\/blog\/wp-content\/uploads\/2011\/05\/ProgramaEleitoraldeRoseana1009_thumb.png?fit=882%2C528&ssl=1&resize=350%2C200","width":350,"height":200},"classes":[]}],"jetpack_sharing_enabled":true,"_links":{"self":[{"href":"https:\/\/estrategica.com.co\/blog\/wp-json\/wp\/v2\/posts\/29120","targetHints":{"allow":["GET"]}}],"collection":[{"href":"https:\/\/estrategica.com.co\/blog\/wp-json\/wp\/v2\/posts"}],"about":[{"href":"https:\/\/estrategica.com.co\/blog\/wp-json\/wp\/v2\/types\/post"}],"author":[{"embeddable":true,"href":"https:\/\/estrategica.com.co\/blog\/wp-json\/wp\/v2\/users\/5"}],"replies":[{"embeddable":true,"href":"https:\/\/estrategica.com.co\/blog\/wp-json\/wp\/v2\/comments?post=29120"}],"version-history":[{"count":6,"href":"https:\/\/estrategica.com.co\/blog\/wp-json\/wp\/v2\/posts\/29120\/revisions"}],"predecessor-version":[{"id":49069,"href":"https:\/\/estrategica.com.co\/blog\/wp-json\/wp\/v2\/posts\/29120\/revisions\/49069"}],"wp:featuredmedia":[{"embeddable":true,"href":"https:\/\/estrategica.com.co\/blog\/wp-json\/wp\/v2\/media\/29121"}],"wp:attachment":[{"href":"https:\/\/estrategica.com.co\/blog\/wp-json\/wp\/v2\/media?parent=29120"}],"wp:term":[{"taxonomy":"category","embeddable":true,"href":"https:\/\/estrategica.com.co\/blog\/wp-json\/wp\/v2\/categories?post=29120"},{"taxonomy":"post_tag","embeddable":true,"href":"https:\/\/estrategica.com.co\/blog\/wp-json\/wp\/v2\/tags?post=29120"}],"curies":[{"name":"wp","href":"https:\/\/api.w.org\/{rel}","templated":true}]}}