{"id":2975,"date":"2009-01-30T12:44:46","date_gmt":"2009-01-30T12:44:46","guid":{"rendered":"http:\/\/estrategica.com.co\/blog\/?p=2975"},"modified":"2011-04-21T17:44:11","modified_gmt":"2011-04-21T22:44:11","slug":"un-voto-claro-por-una-francia-mas-justa","status":"publish","type":"post","link":"https:\/\/estrategica.com.co\/blog\/un-voto-claro-por-una-francia-mas-justa\/","title":{"rendered":"Un voto Claro por una Francia m\u00e1s Justa"},"content":{"rendered":"<p><img loading=\"lazy\" decoding=\"async\" data-attachment-id=\"2974\" data-permalink=\"https:\/\/estrategica.com.co\/blog\/un-voto-claro-por-una-francia-mas-justa\/affichejospin1995\/\" data-orig-file=\"https:\/\/i0.wp.com\/estrategica.com.co\/blog\/wp-content\/uploads\/2009\/01\/affichejospin1995.jpg?fit=310%2C400&amp;ssl=1\" data-orig-size=\"310,400\" data-comments-opened=\"1\" data-image-meta=\"{&quot;aperture&quot;:&quot;0&quot;,&quot;credit&quot;:&quot;&quot;,&quot;camera&quot;:&quot;&quot;,&quot;caption&quot;:&quot;&quot;,&quot;created_timestamp&quot;:&quot;0&quot;,&quot;copyright&quot;:&quot;&quot;,&quot;focal_length&quot;:&quot;0&quot;,&quot;iso&quot;:&quot;0&quot;,&quot;shutter_speed&quot;:&quot;0&quot;,&quot;title&quot;:&quot;&quot;}\" data-image-title=\"affichejospin1995\" data-image-description=\"\" data-image-caption=\"\" data-medium-file=\"https:\/\/i0.wp.com\/estrategica.com.co\/blog\/wp-content\/uploads\/2009\/01\/affichejospin1995.jpg?fit=232%2C300&amp;ssl=1\" data-large-file=\"https:\/\/i0.wp.com\/estrategica.com.co\/blog\/wp-content\/uploads\/2009\/01\/affichejospin1995.jpg?fit=310%2C400&amp;ssl=1\" class=\"alignnone size-full wp-image-2974\" title=\"affichejospin1995\" src=\"https:\/\/i0.wp.com\/estrategica.com.co\/blog\/wp-content\/uploads\/2009\/01\/affichejospin1995.jpg?resize=310%2C400\" alt=\"affichejospin1995\" width=\"310\" height=\"400\" srcset=\"https:\/\/i0.wp.com\/estrategica.com.co\/blog\/wp-content\/uploads\/2009\/01\/affichejospin1995.jpg?w=310&amp;ssl=1 310w, https:\/\/i0.wp.com\/estrategica.com.co\/blog\/wp-content\/uploads\/2009\/01\/affichejospin1995.jpg?resize=232%2C300&amp;ssl=1 232w\" sizes=\"(max-width: 310px) 100vw, 310px\" data-recalc-dims=\"1\" \/><\/p>\n<p class=\"MsoNormal\" style=\"margin: 0cm 0cm 0pt; text-align: justify;\"><span style=\"font-size: small;\"><span style=\"font-family: Times New Roman;\"><span style=\"mso-ansi-language: ES-CO;\" lang=\"ES-CO\"><\/p>\n<p class=\"MsoNormal\" style=\"margin: 0cm 0cm 0pt; text-align: justify;\">Afiche de campa\u00f1a de Lionel Jospin durante la campa\u00f1a presidencial de 1995. El partido socialista venia de una gran derrota en las elecciones legislativas de 1993, lo cual hizo que el partido asumiera el desaf\u00edo de 1995 sin mucho \u00edmpetu y esperanza. Mitterand, el presidente en ejercicio, no aspir\u00f3 a un tercer mandato y su gobierno se encontraba desgastado ante la opini\u00f3n p\u00fablica. Jacques Delors decidi\u00f3 no presentarse como candidato y le abri\u00f3 el paso a una nueva generaci\u00f3n socialista: Jack Lang, Pierre Joxe, Laurent Fabius, S\u00e9gol\u00e8ne Royal, Lionel Jospin y Robert Badinter. Al final fue elegido el ex ministro de educaci\u00f3n Lionel Jospin quien se propuso con su campa\u00f1a restaurar la credibilidad y reputaci\u00f3n moral del socialismo. El slogan \u201cUn voto Claro por una Francia m\u00e1s Justa\u201d. Contra todo pron\u00f3stico Jospin gan\u00f3 la primera vuelta electoral y perdi\u00f3, por muy pocos votos, la presidencia de Francia en la segunda vuelta electoral. A pesar de la derrota, su alta votaci\u00f3n fue vista como un renacimiento del Partido Socialista como una fuerza pol\u00edtica con vocaci\u00f3n de poder. Este es un ejemplo de una campa\u00f1a electoral que si se hubiera abordado con esp\u00edritu de triunfo hubiera podido tener un resultado diferente. El afiche, visualmente, es poco impactante con una foto y un slogan que no trasmiten ni energ\u00eda ni esp\u00edritu combativo.<\/p>\n<p class=\"MsoNormal\" style=\"margin: 0cm 0cm 0pt; text-align: justify;\">\u00a0<\/p>\n<p><\/span><\/span><\/span><\/p>\n","protected":false},"excerpt":{"rendered":"<p>Afiche de campa\u00f1a de Lionel Jospin durante la campa\u00f1a presidencial de 1995. El partido socialista venia de una gran derrota en las elecciones legislativas de 1993, lo cual hizo que el partido asumiera el desaf\u00edo de 1995 sin mucho \u00edmpetu y esperanza. Mitterand, el presidente en ejercicio, no aspir\u00f3 a un tercer mandato y su [&hellip;]<\/p>\n","protected":false},"author":4,"featured_media":2974,"comment_status":"open","ping_status":"open","sticky":false,"template":"","format":"standard","meta":{"_et_pb_use_builder":"","_et_pb_old_content":"","_et_gb_content_width":"","advanced_seo_description":"","jetpack_seo_html_title":"","jetpack_seo_noindex":false,"footnotes":""},"categories":[417,5,263,57,46,50,10,11],"tags":[204,203,65],"class_list":["post-2975","post","type-post","status-publish","format-standard","has-post-thumbnail","hentry","category-417","category-afiches","category-ano","category-campana-presidencial","category-fotograficos","category-francia","category-geo","category-temas","tag-elecciones-1995","tag-lionel-jospin","tag-partido-socialista-frances"],"jetpack_featured_media_url":"https:\/\/i0.wp.com\/estrategica.com.co\/blog\/wp-content\/uploads\/2009\/01\/affichejospin1995.jpg?fit=310%2C400&ssl=1","jetpack_shortlink":"https:\/\/wp.me\/p4wgsh-LZ","jetpack-related-posts":[{"id":2979,"url":"https:\/\/estrategica.com.co\/blog\/con-lionel-jospin-un-voto-claro\/","url_meta":{"origin":2975,"position":0},"title":"Con Lionel Jospin, Un voto Claro","author":"estrategica.com","date":"enero 30, 2009","format":false,"excerpt":"Afiche de campa\u00f1a de Lionel Jospin durante la campa\u00f1a presidencial de 1995. El partido socialista venia de una gran derrota en las elecciones legislativas de 1993, lo cual hizo que el partido asumiera el desaf\u00edo de 1995 sin mucho \u00edmpetu y esperanza. Mitterand, el presidente en ejercicio, no aspir\u00f3 a\u2026","rel":"","context":"En \u00ab1995\u00bb","block_context":{"text":"1995","link":"https:\/\/estrategica.com.co\/blog\/category\/ano\/1995\/"},"img":{"alt_text":"","src":"https:\/\/i0.wp.com\/estrategica.com.co\/blog\/wp-content\/uploads\/2009\/01\/jospin.jpg?fit=341%2C457&ssl=1&resize=350%2C200","width":350,"height":200},"classes":[]},{"id":2970,"url":"https:\/\/estrategica.com.co\/blog\/presidir-de-otra-forma-una-francia-mas-justa\/","url_meta":{"origin":2975,"position":1},"title":"Presidir de Otra Forma &#8211; Una Francia m\u00e1s Justa","author":"estrategica.com","date":"enero 30, 2009","format":false,"excerpt":"Durante la campa\u00f1a electoral de 2002 lo electores no tuvieron claridad entre lo que representaba Chirac y lo que encarnaba Jospin. El candidato socialista nunca pudo trasmitir el fervor de un mensaje y quedo atrapado en esa imagen de aburrido y poco carism\u00e1tico que encontraban los franceses en \u00e9l. No\u2026","rel":"","context":"En \u00ab2002\u00bb","block_context":{"text":"2002","link":"https:\/\/estrategica.com.co\/blog\/category\/ano\/2002\/"},"img":{"alt_text":"","src":"https:\/\/i0.wp.com\/estrategica.com.co\/blog\/wp-content\/uploads\/2009\/01\/m-lionel_jospin_mai2002.jpg?fit=300%2C397&ssl=1&resize=350%2C200","width":350,"height":200},"classes":[]},{"id":2965,"url":"https:\/\/estrategica.com.co\/blog\/presidir-de-otra-forma\/","url_meta":{"origin":2975,"position":2},"title":"Presidir de Otra Forma","author":"estrategica.com","date":"enero 30, 2009","format":false,"excerpt":"Durante la campa\u00f1a electoral de 2002 lo electores no tuvieron claridad entre lo que representaba Chirac y lo que encarnaba Jospin. El candidato socialista nunca pudo trasmitir el fervor de un mensaje y quedo atrapado en esa imagen de aburrido y poco carism\u00e1tico que encontraban los franceses en \u00e9l. No\u2026","rel":"","context":"En \u00ab2002\u00bb","block_context":{"text":"2002","link":"https:\/\/estrategica.com.co\/blog\/category\/ano\/2002\/"},"img":{"alt_text":"","src":"https:\/\/i0.wp.com\/estrategica.com.co\/blog\/wp-content\/uploads\/2009\/01\/affichejospin2002.jpg?fit=534%2C400&ssl=1&resize=350%2C200","width":350,"height":200},"classes":[]},{"id":4345,"url":"https:\/\/estrategica.com.co\/blog\/francia-para-todos\/","url_meta":{"origin":2975,"position":3},"title":"FRANCIA PARA TODOS","author":"estrategica.com","date":"febrero 25, 2009","format":false,"excerpt":"Afiche de Campa\u00f1a de Jacques Chirac durante la contienda electoral de 1995. El mandato de Mitterand culminaba, luego de 14 a\u00f1os, y en el panorama pol\u00edtico aparec\u00edan nueve nombres que aspiraban a sucederlo. Los que lideraban las encuestas eran el socialista Lionel Jospin, el Conservador Jacques Chirac, el disidente conservador\u2026","rel":"","context":"En \u00abAFICHES\u00bb","block_context":{"text":"AFICHES","link":"https:\/\/estrategica.com.co\/blog\/category\/afiches\/"},"img":{"alt_text":"","src":"https:\/\/i0.wp.com\/estrategica.com.co\/blog\/wp-content\/uploads\/2009\/02\/affichechirac1995.jpg?fit=327%2C400&ssl=1&resize=350%2C200","width":350,"height":200},"classes":[]},{"id":3349,"url":"https:\/\/estrategica.com.co\/blog\/francia-en-grande-francia-juntos\/","url_meta":{"origin":2975,"position":4},"title":"Francia en grande Francia juntos","author":"estrategica.com","date":"febrero 4, 2009","format":false,"excerpt":"Afiche de campa\u00f1a de Jacques Chirac para las elecciones de 2002, en la primera vuelta electoral. El gobierno se encuentra desprestigiado, las acusaciones contra el Presidente por corrupci\u00f3n cuando se desempe\u00f1\u00f3 como alcalde de Paris le han hecho da\u00f1o y debilitan sus posibilidades de reelecci\u00f3n. La estrategia de campa\u00f1a giro,\u2026","rel":"","context":"En \u00abAFICHES\u00bb","block_context":{"text":"AFICHES","link":"https:\/\/estrategica.com.co\/blog\/category\/afiches\/"},"img":{"alt_text":"","src":"https:\/\/i0.wp.com\/estrategica.com.co\/blog\/wp-content\/uploads\/2009\/02\/affichechirac2002.jpg?fit=533%2C400&ssl=1&resize=350%2C200","width":350,"height":200},"classes":[]},{"id":3352,"url":"https:\/\/estrategica.com.co\/blog\/francia-del-respeto-con-jacques-chirac\/","url_meta":{"origin":2975,"position":5},"title":"Francia del respeto con Jacques Chirac","author":"estrategica.com","date":"febrero 4, 2009","format":false,"excerpt":"Afiche de campa\u00f1a de Jacques Chirac para las elecciones de 2002, en la primera vuelta electoral. El gobierno se encuentra desprestigiado, las acusaciones contra el Presidente por corrupci\u00f3n cuando se desempe\u00f1\u00f3 como alcalde de Paris le han hecho da\u00f1o y debilitan sus posibilidades de reelecci\u00f3n. La estrategia de campa\u00f1a giro,\u2026","rel":"","context":"En \u00abAFICHES\u00bb","block_context":{"text":"AFICHES","link":"https:\/\/estrategica.com.co\/blog\/category\/afiches\/"},"img":{"alt_text":"","src":"https:\/\/i0.wp.com\/estrategica.com.co\/blog\/wp-content\/uploads\/2009\/02\/affichechirac200202emetour.jpg?fit=591%2C400&ssl=1&resize=350%2C200","width":350,"height":200},"classes":[]}],"jetpack_sharing_enabled":true,"_links":{"self":[{"href":"https:\/\/estrategica.com.co\/blog\/wp-json\/wp\/v2\/posts\/2975","targetHints":{"allow":["GET"]}}],"collection":[{"href":"https:\/\/estrategica.com.co\/blog\/wp-json\/wp\/v2\/posts"}],"about":[{"href":"https:\/\/estrategica.com.co\/blog\/wp-json\/wp\/v2\/types\/post"}],"author":[{"embeddable":true,"href":"https:\/\/estrategica.com.co\/blog\/wp-json\/wp\/v2\/users\/4"}],"replies":[{"embeddable":true,"href":"https:\/\/estrategica.com.co\/blog\/wp-json\/wp\/v2\/comments?post=2975"}],"version-history":[{"count":3,"href":"https:\/\/estrategica.com.co\/blog\/wp-json\/wp\/v2\/posts\/2975\/revisions"}],"predecessor-version":[{"id":26951,"href":"https:\/\/estrategica.com.co\/blog\/wp-json\/wp\/v2\/posts\/2975\/revisions\/26951"}],"wp:featuredmedia":[{"embeddable":true,"href":"https:\/\/estrategica.com.co\/blog\/wp-json\/wp\/v2\/media\/2974"}],"wp:attachment":[{"href":"https:\/\/estrategica.com.co\/blog\/wp-json\/wp\/v2\/media?parent=2975"}],"wp:term":[{"taxonomy":"category","embeddable":true,"href":"https:\/\/estrategica.com.co\/blog\/wp-json\/wp\/v2\/categories?post=2975"},{"taxonomy":"post_tag","embeddable":true,"href":"https:\/\/estrategica.com.co\/blog\/wp-json\/wp\/v2\/tags?post=2975"}],"curies":[{"name":"wp","href":"https:\/\/api.w.org\/{rel}","templated":true}]}}