{"id":29758,"date":"2011-12-20T13:40:47","date_gmt":"2011-12-20T18:40:47","guid":{"rendered":"http:\/\/estrategica.com.co\/blog\/?p=29758"},"modified":"2015-03-20T12:07:06","modified_gmt":"2015-03-20T17:07:06","slug":"iberevamosaumentararendadasfamiliasem15_0","status":"publish","type":"post","link":"https:\/\/estrategica.com.co\/blog\/iberevamosaumentararendadasfamiliasem15_0\/","title":{"rendered":"Protecci\u00f3n a la Familia &#8211; Ibere"},"content":{"rendered":"<p> <script type='text\/javascript' src='https:\/\/estrategica.com.co\/blog\/wp-content\/plugins\/hana-flv-player\/flowplayer3\/example\/flowplayer-3.2.6.min.js'><\/script>\n<div >\n<div id='hana_flv_flow3_1' style='display:block;width:550px;height:413px;background-color:#555555;color:#ffffff;padding:0' title=\"*Video:protecci\u00f3n a la familia - ibere\"><\/div>\n<\/div>\n\n<script  type='text\/javascript'>\nif (typeof g_hanaFlash !== 'undefined' && !g_hanaFlash){\n    jQuery('#hana_flv_flow3_1').css( 'padding', '5px' );\n\tjQuery('#hana_flv_flow3_1').html(\"<span class='inactive_message' style='display:block'>Sorry, your browser does not support Flash Video Player<\/span> *Video:protecci\u00f3n a la familia - ibere\");\n}else{\t\t\t\n\t\tflowplayer('hana_flv_flow3_1', { src: 'https:\/\/estrategica.com.co\/blog\/wp-content\/plugins\/hana-flv-player\/flowplayer3\/flowplayer-3.2.7.swf', wmode: 'transparent' }, { \n\n\t\t\tcanvas: { backgroundColor: '#000000', backgroundGradient: 'none',},\n    \t\tclip:  { \n    \t\t\turl: '\/blog\/wp-content\/uploads\/2009\/01\/20110228\/IbereVamosaumentararendadasfamiliasem15_0.flv',\n        \t\tscaling: 'fit', autoPlay: false, autoBuffering: true \n\n\t        }\n\n\t\t});\n}\n<\/script><br \/>\n<\/br><\/p>\n<p>[icon color=\u00bbAccent-Color\u00bb size=\u00bbregular\u00bb image=\u00bbsteadysets-icon-chat\u00bb] <strong>Contexto<\/strong><\/br><\/br><\/p>\n<p style=\"text-align: justify;\">\nVideo de la campa\u00f1a de Iber\u00ea Ferreira a la Gobernaci\u00f3n de R\u00edo Grande del Norte, durante la contienda electoral de 2010, a nombre del Partido Socialista Brasilero. Ibere enfrentaba a Rosalba Ciarlini quien fue elegida con el 52,46% contra el 36,24% de Ibere. La estrategia de Ibere fue la de pegar su comunicaci\u00f3n a la imagen de Lula y Dilma, Rosalba, en cambio, se mostr\u00f3 m\u00e1s aut\u00f3noma y trato de fundamentar su aspiraci\u00f3n en propuestas concretas.<\/p><\/p>\n","protected":false},"excerpt":{"rendered":"<p>*Video: protecci\u00f3n a la familia &#8211; ibere [icon color=\u00bbAccent-Color\u00bb size=\u00bbregular\u00bb image=\u00bbsteadysets-icon-chat\u00bb] Contexto Video de la campa\u00f1a de Iber\u00ea Ferreira a la Gobernaci\u00f3n de R\u00edo Grande del Norte, durante la contienda electoral de 2010, a nombre del Partido Socialista Brasilero. Ibere enfrentaba a Rosalba Ciarlini quien fue elegida con el 52,46% contra el 36,24% de Ibere. [&hellip;]<\/p>\n","protected":false},"author":5,"featured_media":30639,"comment_status":"open","ping_status":"open","sticky":false,"template":"","format":"standard","meta":{"_et_pb_use_builder":"","_et_pb_old_content":"","_et_gb_content_width":"","advanced_seo_description":"","jetpack_seo_html_title":"","jetpack_seo_noindex":false,"footnotes":""},"categories":[687,263,60,59,34,10,11,3],"tags":[684,943,698],"class_list":["post-29758","post","type-post","status-publish","format-standard","has-post-thumbnail","hentry","category-687","category-ano","category-brazil","category-campana-uninominal","category-electoral","category-geo","category-temas","category-video","tag-elecciones-2010","tag-ibere-ferreira","tag-partido-socialista-brasileno"],"jetpack_featured_media_url":"https:\/\/i0.wp.com\/estrategica.com.co\/blog\/wp-content\/uploads\/2011\/05\/ProgramaIbere402708Noitenovo_thumb.png?fit=637%2C413&ssl=1","jetpack_shortlink":"https:\/\/wp.me\/p4wgsh-7JY","jetpack-related-posts":[{"id":30400,"url":"https:\/\/estrategica.com.co\/blog\/iberevamosaumentararendadasfamiliasem15\/","url_meta":{"origin":29758,"position":0},"title":"Protecci\u00f3n a las Familias &#8211; Ibere","author":"Juliana","date":"diciembre 3, 2011","format":false,"excerpt":"[hana-flv-player video=\"\/blog\/wp-content\/uploads\/2009\/01\/20110228\/IbereVamosaumentararendadasfamiliasem15.flv\" width=\"550\" height\"\" description= \"Protecci\u00f3n a las Familias - Ibere\" clickurl=\"\" clicktarget=\"\" player=\"4\" autoplay=\"false\" loop=\"false\" autorewind=\"false\" splashimage=\"\" skin=\"\" \/] [icon color=\"Accent-Color\" size=\"regular\" image=\"steadysets-icon-chat\"] Contexto Video de la campa\u00f1a de Iber\u00ea Ferreira a la Gobernaci\u00f3n de R\u00edo Grande del Norte, durante la contienda electoral de 2010, a nombre del Partido\u2026","rel":"","context":"En \u00ab2010\u00bb","block_context":{"text":"2010","link":"https:\/\/estrategica.com.co\/blog\/category\/ano\/2010\/"},"img":{"alt_text":"","src":"https:\/\/i0.wp.com\/estrategica.com.co\/blog\/wp-content\/uploads\/2011\/05\/ProgramaIbere400309Noite-_thumb.png?fit=754%2C512&ssl=1&resize=350%2C200","width":350,"height":200},"classes":[]},{"id":29733,"url":"https:\/\/estrategica.com.co\/blog\/ibereampliaraprogramabolsafamilianorn\/","url_meta":{"origin":29758,"position":1},"title":"Programa Bolsa Familia &#8211; Ibere","author":"Juliana","date":"diciembre 20, 2011","format":false,"excerpt":"[hana-flv-player video=\"\/blog\/wp-content\/uploads\/2009\/01\/20110228\/IbereampliaraprogramaBolsaFamilianoRN.flv\" width=\"550\" height=\"\" description=\"Programa Bolsa Familia - Ibere\" clickurl=\"\" clicktarget=\"\" player=\"4\" autoplay=\"false\" loop=\"false\" autorewind=\"false\" splashimage=\"\" skin=\"\" \/] [icon color=\"Accent-Color\" size=\"regular\" image=\"steadysets-icon-chat\"] Contexto Video de la campa\u00f1a de Iber\u00ea Ferreira a la Gobernaci\u00f3n de R\u00edo Grande del Norte, durante la contienda electoral de 2010, a nombre del Partido Socialista Brasilero.\u2026","rel":"","context":"En \u00ab2010\u00bb","block_context":{"text":"2010","link":"https:\/\/estrategica.com.co\/blog\/category\/ano\/2010\/"},"img":{"alt_text":"","src":"https:\/\/i0.wp.com\/estrategica.com.co\/blog\/wp-content\/uploads\/2011\/05\/IbereampliaraprogramaBolsaFamilianoRN_thumb.png?fit=885%2C507&ssl=1&resize=350%2C200","width":350,"height":200},"classes":[]},{"id":30425,"url":"https:\/\/estrategica.com.co\/blog\/insercaoyquotfarradaspassagensaereaspensenissoquot\/","url_meta":{"origin":29758,"position":2},"title":"Pasajes para la Familia &#8211; Ibere","author":"Juliana","date":"diciembre 3, 2011","format":false,"excerpt":"[hana-flv-player video=\"\/blog\/wp-content\/uploads\/2009\/01\/20110228\/InsercaoyquotFarradaspassagensaereasPensenissoquot.flv\" width=\"550\" height=\"\" description=\"Pasajes para la Familia - Ibere\" clickurl=\"\" clicktarget=\"\" player=\"4\" autoplay=\"false\" loop=\"false\" autorewind=\"true\" splashimage=\"\" skin=\"\" \/] [icon color=\"Accent-Color\" size=\"regular\" image=\"steadysets-icon-chat\"] Contexto Video de la campa\u00f1a de Iber\u00ea Ferreira a la Gobernaci\u00f3n de R\u00edo Grande del Norte, durante la contienda electoral de 2010, a nombre del Partido Socialista\u2026","rel":"","context":"En \u00ab2010\u00bb","block_context":{"text":"2010","link":"https:\/\/estrategica.com.co\/blog\/category\/ano\/2010\/"},"img":{"alt_text":"","src":"https:\/\/i0.wp.com\/estrategica.com.co\/blog\/wp-content\/uploads\/2011\/05\/InsercaoyquotFarradaspassagensaereasPensenissoquot_thumb.png?fit=704%2C515&ssl=1&resize=350%2C200","width":350,"height":200},"classes":[]},{"id":30569,"url":"https:\/\/estrategica.com.co\/blog\/programadetvibere402709noite\/","url_meta":{"origin":29758,"position":3},"title":"Franja Electoral &#8211; Ibere","author":"Juliana","date":"noviembre 30, 2011","format":false,"excerpt":"[hana-flv-player video=\"\/blog\/wp-content\/uploads\/2009\/01\/20110228\/ProgramadeTVIbere402709Noite.flv\" height\"\" description= \"Franja Electoral - Ibere\" clickurl=\"\" clicktarget=\"\" player=\"4\" autoplay=\"false\" loop=\"false\" autorewind=\"false\" splashimage=\"\" skin=\"\" \/] [icon color=\"Accent-Color\" size=\"regular\" image=\"steadysets-icon-chat\"] Contexto Video de la campa\u00f1a de Iber\u00ea Ferreira a la Gobernaci\u00f3n de R\u00edo Grande del Norte, durante la contienda electoral de 2010, a nombre del Partido Socialista Brasilero. Ibere\u2026","rel":"","context":"En \u00ab2010\u00bb","block_context":{"text":"2010","link":"https:\/\/estrategica.com.co\/blog\/category\/ano\/2010\/"},"img":{"alt_text":"","src":"https:\/\/i0.wp.com\/estrategica.com.co\/blog\/wp-content\/uploads\/2011\/05\/ProgramadeTVIbere402709Noite_thumb.png?fit=868%2C497&ssl=1&resize=350%2C200","width":350,"height":200},"classes":[]},{"id":30521,"url":"https:\/\/estrategica.com.co\/blog\/programadetvibere400609tarde\/","url_meta":{"origin":29758,"position":4},"title":"Franja Electoral &#8211; Ibere","author":"Juliana","date":"mayo 24, 2011","format":false,"excerpt":"[hana-flv-player video=\"\/blog\/wp-content\/uploads\/2009\/01\/20110228\/ProgramadeTVIbere400609Tarde\/flv\" width=\"550\" height\"\" description= \"Franja Electoral - Ibere\" clickurl=\"\" clicktarget=\"\" player=\"4\" autoplay=\"false\" loop=\"false\" autorewind=\"false\" splashimage=\"\" skin=\"\" \/] [icon color=\"Accent-Color\" size=\"regular\" image=\"steadysets-icon-chat\"] Contexto Video de la campa\u00f1a de Iber\u00ea Ferreira a la Gobernaci\u00f3n de R\u00edo Grande del Norte, durante la contienda electoral de 2010, a nombre del Partido Socialista Brasilero.\u2026","rel":"","context":"En \u00ab2010\u00bb","block_context":{"text":"2010","link":"https:\/\/estrategica.com.co\/blog\/category\/ano\/2010\/"},"img":{"alt_text":"","src":"https:\/\/i0.wp.com\/estrategica.com.co\/blog\/wp-content\/uploads\/2011\/05\/ProgramaIbere400309Noite-_thumb.png?fit=754%2C512&ssl=1&resize=350%2C200","width":350,"height":200},"classes":[]},{"id":30545,"url":"https:\/\/estrategica.com.co\/blog\/programadetvibere401709\/","url_meta":{"origin":29758,"position":5},"title":"Franja Electoral &#8211; Ibere","author":"Juliana","date":"diciembre 1, 2011","format":false,"excerpt":"[hana-flv-player video=\"\/blog\/wp-content\/uploads\/2009\/01\/20110228\/ProgramadeTVIbere401709.flv\" width=\"550\" height\"\" description= \"Franja Electoral - Ibere\" clickurl=\"\" clicktarget=\"\" player=\"4\" autoplay=\"false\" loop=\"false\" autorewind=\"false\" splashimage=\"\" skin=\"\" \/] [icon color=\"Accent-Color\" size=\"regular\" image=\"steadysets-icon-chat\"] Contexto Video de la campa\u00f1a de Iber\u00ea Ferreira a la Gobernaci\u00f3n de R\u00edo Grande del Norte, durante la contienda electoral de 2010, a nombre del Partido Socialista Brasilero.\u2026","rel":"","context":"En \u00ab2010\u00bb","block_context":{"text":"2010","link":"https:\/\/estrategica.com.co\/blog\/category\/ano\/2010\/"},"img":{"alt_text":"","src":"https:\/\/i0.wp.com\/estrategica.com.co\/blog\/wp-content\/uploads\/2011\/05\/ProgramaIbere402508Noite_thumb.png?fit=846%2C501&ssl=1&resize=350%2C200","width":350,"height":200},"classes":[]}],"jetpack_sharing_enabled":true,"_links":{"self":[{"href":"https:\/\/estrategica.com.co\/blog\/wp-json\/wp\/v2\/posts\/29758","targetHints":{"allow":["GET"]}}],"collection":[{"href":"https:\/\/estrategica.com.co\/blog\/wp-json\/wp\/v2\/posts"}],"about":[{"href":"https:\/\/estrategica.com.co\/blog\/wp-json\/wp\/v2\/types\/post"}],"author":[{"embeddable":true,"href":"https:\/\/estrategica.com.co\/blog\/wp-json\/wp\/v2\/users\/5"}],"replies":[{"embeddable":true,"href":"https:\/\/estrategica.com.co\/blog\/wp-json\/wp\/v2\/comments?post=29758"}],"version-history":[{"count":7,"href":"https:\/\/estrategica.com.co\/blog\/wp-json\/wp\/v2\/posts\/29758\/revisions"}],"predecessor-version":[{"id":49103,"href":"https:\/\/estrategica.com.co\/blog\/wp-json\/wp\/v2\/posts\/29758\/revisions\/49103"}],"wp:featuredmedia":[{"embeddable":true,"href":"https:\/\/estrategica.com.co\/blog\/wp-json\/wp\/v2\/media\/30639"}],"wp:attachment":[{"href":"https:\/\/estrategica.com.co\/blog\/wp-json\/wp\/v2\/media?parent=29758"}],"wp:term":[{"taxonomy":"category","embeddable":true,"href":"https:\/\/estrategica.com.co\/blog\/wp-json\/wp\/v2\/categories?post=29758"},{"taxonomy":"post_tag","embeddable":true,"href":"https:\/\/estrategica.com.co\/blog\/wp-json\/wp\/v2\/tags?post=29758"}],"curies":[{"name":"wp","href":"https:\/\/api.w.org\/{rel}","templated":true}]}}