{"id":2982,"date":"2009-01-30T15:15:27","date_gmt":"2009-01-30T15:15:27","guid":{"rendered":"http:\/\/estrategica.com.co\/blog\/?p=2982"},"modified":"2009-01-30T15:35:52","modified_gmt":"2009-01-30T15:35:52","slug":"llamazares-mas-izquierda","status":"publish","type":"post","link":"https:\/\/estrategica.com.co\/blog\/llamazares-mas-izquierda\/","title":{"rendered":"LLAMAZARES M\u00c1S IZQUIERDA"},"content":{"rendered":"<p><img loading=\"lazy\" decoding=\"async\" data-attachment-id=\"2981\" data-permalink=\"https:\/\/estrategica.com.co\/blog\/llamazares-mas-izquierda\/iu\/\" data-orig-file=\"https:\/\/i0.wp.com\/estrategica.com.co\/blog\/wp-content\/uploads\/2009\/01\/iu.jpg?fit=458%2C326&amp;ssl=1\" data-orig-size=\"458,326\" data-comments-opened=\"1\" data-image-meta=\"{&quot;aperture&quot;:&quot;0&quot;,&quot;credit&quot;:&quot;&quot;,&quot;camera&quot;:&quot;&quot;,&quot;caption&quot;:&quot;&quot;,&quot;created_timestamp&quot;:&quot;0&quot;,&quot;copyright&quot;:&quot;&quot;,&quot;focal_length&quot;:&quot;0&quot;,&quot;iso&quot;:&quot;0&quot;,&quot;shutter_speed&quot;:&quot;0&quot;,&quot;title&quot;:&quot;&quot;}\" data-image-title=\"iu\" data-image-description=\"\" data-image-caption=\"\" data-medium-file=\"https:\/\/i0.wp.com\/estrategica.com.co\/blog\/wp-content\/uploads\/2009\/01\/iu.jpg?fit=300%2C213&amp;ssl=1\" data-large-file=\"https:\/\/i0.wp.com\/estrategica.com.co\/blog\/wp-content\/uploads\/2009\/01\/iu.jpg?fit=458%2C326&amp;ssl=1\" class=\"alignnone size-full wp-image-2981\" title=\"iu\" src=\"https:\/\/i0.wp.com\/estrategica.com.co\/blog\/wp-content\/uploads\/2009\/01\/iu.jpg?resize=458%2C326\" alt=\"iu\" width=\"458\" height=\"326\" srcset=\"https:\/\/i0.wp.com\/estrategica.com.co\/blog\/wp-content\/uploads\/2009\/01\/iu.jpg?w=458&amp;ssl=1 458w, https:\/\/i0.wp.com\/estrategica.com.co\/blog\/wp-content\/uploads\/2009\/01\/iu.jpg?resize=300%2C213&amp;ssl=1 300w\" sizes=\"(max-width: 458px) 100vw, 458px\" data-recalc-dims=\"1\" \/><\/p>\n<p style=\"text-align: justify;\">Campa\u00f1a de Izquierda Unida para las elecciones generales de 2008. El afiche muestra, en primer plano, la imagen de Gaspar Llamazares, l\u00edder y candidato de Izquierda Unida. La acci\u00f3n gira en torno a profundizar el discurso de izquierda Espa\u00f1ol con el fin de diferenciarse del discurso del PSOE. El slogan \u201cLLAMAZARES M\u00c1S IZQUIERDA\u201d apela a una forma elemental de comunicaci\u00f3n la cual consiste en tomar las dos ultimas letras del nombre o el apellido del candidato para jugar conceptualmente con \u00e9l. As\u00ed\u00a0 \u201cLlamazarES m\u00e1s izquierda\u201d o \u201cLlamazarES izquierda \u00fatil\u201d\u00a0 se encuadran en ese estilo. La imagen del afiche es llamativa, la foto es agradable, la actitud es apropiada y el s\u00edmbolo \u201c+\u201d hubiera podido ser un buen instrumento para convertirlo en un emblema de comunicaci\u00f3n contundente. La estrategia general la explic\u00f3 el mismo Llamazares: \u201cNo queremos disputar el centro, eso se lo dejamos al PSOE y al PP. Queremos movilizar al electorado de izquierda, especialmente a aquellos insatisfechos porque el gobierno socialista no ha cumplido sus compromisos\u201d.<\/p>\n<p style=\"text-align: justify;\">\n<p style=\"text-align: justify;\">\n","protected":false},"excerpt":{"rendered":"<p>Campa\u00f1a de Izquierda Unida para las elecciones generales de 2008. El afiche muestra, en primer plano, la imagen de Gaspar Llamazares, l\u00edder y candidato de Izquierda Unida. La acci\u00f3n gira en torno a profundizar el discurso de izquierda Espa\u00f1ol con el fin de diferenciarse del discurso del PSOE. El slogan \u201cLLAMAZARES M\u00c1S IZQUIERDA\u201d apela a [&hellip;]<\/p>\n","protected":false},"author":4,"featured_media":2981,"comment_status":"open","ping_status":"open","sticky":false,"template":"","format":"standard","meta":{"_et_pb_use_builder":"","_et_pb_old_content":"","_et_gb_content_width":"","advanced_seo_description":"","jetpack_seo_html_title":"","jetpack_seo_noindex":false,"footnotes":""},"categories":[5,57,23,46,10,11],"tags":[93,202,193],"class_list":["post-2982","post","type-post","status-publish","format-standard","has-post-thumbnail","hentry","category-afiches","category-campana-presidencial","category-espana","category-fotograficos","category-geo","category-temas","tag-elecciones-2008","tag-gaspar-llamazares","tag-izquierda-unida"],"jetpack_featured_media_url":"https:\/\/i0.wp.com\/estrategica.com.co\/blog\/wp-content\/uploads\/2009\/01\/iu.jpg?fit=458%2C326&ssl=1","jetpack_shortlink":"https:\/\/wp.me\/p4wgsh-M6","jetpack-related-posts":[{"id":7384,"url":"https:\/\/estrategica.com.co\/blog\/gaspi-la-burbuja-inmobiliaria-gaspar-llamazares\/","url_meta":{"origin":2982,"position":0},"title":"GASPI &#8211; La Burbuja Inmobiliaria &#8211; Gaspar Llamazares","author":"Juliana","date":"marzo 21, 2009","format":false,"excerpt":"[hana-flv-player video=\"\/blog\/wp-content\/uploads\/2009\/01\/videos_varios_f\/GASPI_CAPITULO_1_BURBUJA_INMOBILIARIA.flv\" width=\"550\" height=\"\" description=\"GASPI - La Burbuja Inmobiliaria - Gaspar Llamazares\" clickurl=\"\" clicktarget=\"\" player=\"4\" autoplay=\"false\" loop=\"false\" autorewind=\"true\" splashimage=\"\" skin=\"\" \/] [icon color=\"Accent-Color\" size=\"regular\" image=\"steadysets-icon-chat\"] Contexto Video de Izquierda Unida durante las elecciones de 2008 a la Presidencia de Espa\u00f1a. La pieza hace parte de una serie denominada \u201cLas Cosas\u2026","rel":"","context":"En \u00abCampa\u00f1a Presidencial\u00bb","block_context":{"text":"Campa\u00f1a Presidencial","link":"https:\/\/estrategica.com.co\/blog\/category\/temas\/campana-presidencial\/"},"img":{"alt_text":"","src":"https:\/\/i0.wp.com\/estrategica.com.co\/blog\/wp-content\/uploads\/2009\/03\/gaspi_capitulo_1_burbuja_inmobiliaria_thumb.png?fit=330%2C218&ssl=1&resize=350%2C200","width":350,"height":200},"classes":[]},{"id":7388,"url":"https:\/\/estrategica.com.co\/blog\/gaspi-tiburon-gaspar-llamazares\/","url_meta":{"origin":2982,"position":1},"title":"GASPI &#8211; Tibur\u00f3n &#8211; Gaspar Llamazares","author":"Juliana","date":"marzo 21, 2009","format":false,"excerpt":"[hana-flv-player video=\"\/blog\/wp-content\/uploads\/2009\/01\/videos_varios_f\/GASPI_CAPITULO_2_TIBURON.flv\" width=\"550\" height=\"\" description=\"GASPI - Tibur\u00f3n - Gaspar Llamazares\" clickurl=\"\" clicktarget=\"\" player=\"4\" autoplay=\"false\" loop=\"false\" autorewind=\"true\" splashimage=\"\" skin=\"\" \/] [icon color=\"Accent-Color\" size=\"regular\" image=\"steadysets-icon-chat\"] Contexto Video de Izquierda Unida durante las elecciones de 2008 a la Presidencia de Espa\u00f1a. La pieza hace parte de una serie denominada \u201cLas Cosas que Importan\u201d\u2026","rel":"","context":"En \u00abCampa\u00f1a Presidencial\u00bb","block_context":{"text":"Campa\u00f1a Presidencial","link":"https:\/\/estrategica.com.co\/blog\/category\/temas\/campana-presidencial\/"},"img":{"alt_text":"","src":"https:\/\/i0.wp.com\/estrategica.com.co\/blog\/wp-content\/uploads\/2009\/03\/gaspi_capitulo_2_tiburon_thumb.png?fit=330%2C219&ssl=1&resize=350%2C200","width":350,"height":200},"classes":[]},{"id":7392,"url":"https:\/\/estrategica.com.co\/blog\/gaspi-zombis-gaspar-llamazares\/","url_meta":{"origin":2982,"position":2},"title":"GASPI &#8211; Zombis &#8211; Gaspar Llamazares","author":"Juliana","date":"marzo 21, 2009","format":false,"excerpt":"[hana-flv-player video=\"\/blog\/wp-content\/uploads\/2009\/01\/videos_varios_f\/GASPI_CAPITULO_3_ZOMBIS.flv\" width=\"550\" height=\"\" description=\"GASPI - Zombis - Gaspar Llamazares\" clickurl=\"\" clicktarget=\"\" player=\"4\" autoplay=\"false\" loop=\"false\" autorewind=\"true\" splashimage=\"\" skin=\"\" \/] [icon color=\"Accent-Color\" size=\"regular\" image=\"steadysets-icon-chat\"] Contexto Video de Izquierda Unida durante las elecciones de 2008 a la Presidencia de Espa\u00f1a. La pieza hace parte de una serie denominada \u201cLas Cosas que Importan\u201d\u2026","rel":"","context":"En \u00abCampa\u00f1a Presidencial\u00bb","block_context":{"text":"Campa\u00f1a Presidencial","link":"https:\/\/estrategica.com.co\/blog\/category\/temas\/campana-presidencial\/"},"img":{"alt_text":"","src":"https:\/\/i0.wp.com\/estrategica.com.co\/blog\/wp-content\/uploads\/2009\/03\/gaspi_capitulo_3_zombis_thumb.png?fit=313%2C208&ssl=1&resize=350%2C200","width":350,"height":200},"classes":[]},{"id":7400,"url":"https:\/\/estrategica.com.co\/blog\/gaspi-asalto-al-debate-gaspar-llamazares\/","url_meta":{"origin":2982,"position":3},"title":"GASPI &#8211; Asalto al Debate &#8211; Gaspar Llamazares","author":"Juliana","date":"marzo 21, 2009","format":false,"excerpt":"[hana-flv-player video=\"\/blog\/wp-content\/uploads\/2009\/01\/videos_varios_f\/GASPI_CAPITULO_5_ASALTO_AL_DEBATE.flv\" width=\"550\" height=\"\" description=\"GASPI - Asalto al Debate - Gaspar Llamazares\" clickurl=\"\" clicktarget=\"\" player=\"4\" autoplay=\"false\" loop=\"false\" autorewind=\"true\" splashimage=\"\" skin=\"\" \/] [icon color=\"Accent-Color\" size=\"regular\" image=\"steadysets-icon-chat\"] Contexto Video de Izquierda Unida durante las elecciones de 2008 a la Presidencia de Espa\u00f1a. La pieza hace parte de una serie denominada \u201cLas Cosas\u2026","rel":"","context":"En \u00abCampa\u00f1a Presidencial\u00bb","block_context":{"text":"Campa\u00f1a Presidencial","link":"https:\/\/estrategica.com.co\/blog\/category\/temas\/campana-presidencial\/"},"img":{"alt_text":"","src":"https:\/\/i0.wp.com\/estrategica.com.co\/blog\/wp-content\/uploads\/2009\/03\/gaspi_capitulo_5_asalto_al_debate_thumb.png?fit=352%2C237&ssl=1&resize=350%2C200","width":350,"height":200},"classes":[]},{"id":7403,"url":"https:\/\/estrategica.com.co\/blog\/gaspi-monstruo-nuclear-gaspar-llamazares\/","url_meta":{"origin":2982,"position":4},"title":"GASPI &#8211; Monstruo Nuclear &#8211; Gaspar Llamazares","author":"Juliana","date":"marzo 21, 2009","format":false,"excerpt":"[hana-flv-player video=\"\/blog\/wp-content\/uploads\/2009\/01\/videos_varios_f\/GASPI_CAPITULO_6_MONSTRUO_NUCLEAR.flv\" width=\"550\" height=\"\" description=\"GASPI - Monstruo Nuclear - Gaspar Llamazares\" clickurl=\"\" clicktarget=\"\" player=\"4\" autoplay=\"false\" loop=\"false\" autorewind=\"true\" splashimage=\"\" skin=\"\" \/] [icon color=\"Accent-Color\" size=\"regular\" image=\"steadysets-icon-chat\"] Contexto Video de Izquierda Unida durante las elecciones de 2008 a la Presidencia de Espa\u00f1a. La pieza hace parte de una serie denominada \u201cLas Cosas que\u2026","rel":"","context":"En \u00abCampa\u00f1a Presidencial\u00bb","block_context":{"text":"Campa\u00f1a Presidencial","link":"https:\/\/estrategica.com.co\/blog\/category\/temas\/campana-presidencial\/"},"img":{"alt_text":"","src":"https:\/\/i0.wp.com\/estrategica.com.co\/blog\/wp-content\/uploads\/2009\/03\/gaspi_capitulo_6_monstruo_nuclear_thumb.png?fit=348%2C232&ssl=1&resize=350%2C200","width":350,"height":200},"classes":[]},{"id":7396,"url":"https:\/\/estrategica.com.co\/blog\/gaspi-la-letra-con-sangre-entra-gaspar-llamazares\/","url_meta":{"origin":2982,"position":5},"title":"GASPI &#8211; La letra con sangre entra &#8211; Gaspar Llamazares","author":"Juliana","date":"marzo 21, 2009","format":false,"excerpt":"[hana-flv-player video=\"\/blog\/wp-content\/uploads\/2009\/01\/videos_varios_f\/GASPI_CAPITULO_4_LA_LETRA_CON_SANGRE_ENTRA.flv\" width=\"550\" height=\"\" description=\"GASPI - La letra con sangre entra - Gaspar Llamazares\" clickurl=\"\" clicktarget=\"\" player=\"4\" autoplay=\"false\" loop=\"false\" autorewind=\"true\" splashimage=\"\" skin=\"\" \/] [icon color=\"Accent-Color\" size=\"regular\" image=\"steadysets-icon-chat\"] Contexto Video de Izquierda Unida durante las elecciones de 2008 a la Presidencia de Espa\u00f1a. La pieza hace parte de una serie denominada\u2026","rel":"","context":"En \u00abCampa\u00f1a Presidencial\u00bb","block_context":{"text":"Campa\u00f1a Presidencial","link":"https:\/\/estrategica.com.co\/blog\/category\/temas\/campana-presidencial\/"},"img":{"alt_text":"","src":"https:\/\/i0.wp.com\/estrategica.com.co\/blog\/wp-content\/uploads\/2009\/03\/gaspi_capitulo_4_la_letra_con_sangre_entra_thumb.png?fit=334%2C224&ssl=1&resize=350%2C200","width":350,"height":200},"classes":[]}],"jetpack_sharing_enabled":true,"_links":{"self":[{"href":"https:\/\/estrategica.com.co\/blog\/wp-json\/wp\/v2\/posts\/2982","targetHints":{"allow":["GET"]}}],"collection":[{"href":"https:\/\/estrategica.com.co\/blog\/wp-json\/wp\/v2\/posts"}],"about":[{"href":"https:\/\/estrategica.com.co\/blog\/wp-json\/wp\/v2\/types\/post"}],"author":[{"embeddable":true,"href":"https:\/\/estrategica.com.co\/blog\/wp-json\/wp\/v2\/users\/4"}],"replies":[{"embeddable":true,"href":"https:\/\/estrategica.com.co\/blog\/wp-json\/wp\/v2\/comments?post=2982"}],"version-history":[{"count":3,"href":"https:\/\/estrategica.com.co\/blog\/wp-json\/wp\/v2\/posts\/2982\/revisions"}],"predecessor-version":[{"id":2993,"href":"https:\/\/estrategica.com.co\/blog\/wp-json\/wp\/v2\/posts\/2982\/revisions\/2993"}],"wp:featuredmedia":[{"embeddable":true,"href":"https:\/\/estrategica.com.co\/blog\/wp-json\/wp\/v2\/media\/2981"}],"wp:attachment":[{"href":"https:\/\/estrategica.com.co\/blog\/wp-json\/wp\/v2\/media?parent=2982"}],"wp:term":[{"taxonomy":"category","embeddable":true,"href":"https:\/\/estrategica.com.co\/blog\/wp-json\/wp\/v2\/categories?post=2982"},{"taxonomy":"post_tag","embeddable":true,"href":"https:\/\/estrategica.com.co\/blog\/wp-json\/wp\/v2\/tags?post=2982"}],"curies":[{"name":"wp","href":"https:\/\/api.w.org\/{rel}","templated":true}]}}