{"id":29922,"date":"2011-12-20T07:16:49","date_gmt":"2011-12-20T12:16:49","guid":{"rendered":"http:\/\/estrategica.com.co\/blog\/?p=29922"},"modified":"2015-03-20T14:10:32","modified_gmt":"2015-03-20T19:10:32","slug":"pliniodopsolnatvprogramadeencerramento","status":"publish","type":"post","link":"https:\/\/estrategica.com.co\/blog\/pliniodopsolnatvprogramadeencerramento\/","title":{"rendered":"Programa Final &#8211; Plinio"},"content":{"rendered":"<p> <script type='text\/javascript' src='https:\/\/estrategica.com.co\/blog\/wp-content\/plugins\/hana-flv-player\/flowplayer3\/example\/flowplayer-3.2.6.min.js'><\/script>\n<div >\n<div id='hana_flv_flow3_1' style='display:block;width:550px;height:413px;background-color:#555555;color:#ffffff;padding:0' title=\"*Video:programa final - plinio\"><\/div>\n<\/div>\n\n<script  type='text\/javascript'>\nif (typeof g_hanaFlash !== 'undefined' && !g_hanaFlash){\n    jQuery('#hana_flv_flow3_1').css( 'padding', '5px' );\n\tjQuery('#hana_flv_flow3_1').html(\"<span class='inactive_message' style='display:block'>Sorry, your browser does not support Flash Video Player<\/span> *Video:programa final - plinio\");\n}else{\t\t\t\n\t\tflowplayer('hana_flv_flow3_1', { src: 'https:\/\/estrategica.com.co\/blog\/wp-content\/plugins\/hana-flv-player\/flowplayer3\/flowplayer-3.2.7.swf', wmode: 'transparent' }, { \n\n\t\t\tcanvas: { backgroundColor: '#000000', backgroundGradient: 'none',},\n    \t\tclip:  { \n    \t\t\turl: '\/blog\/wp-content\/uploads\/2009\/01\/20110228\/PliniodoPSOLnaTVPROGRAMADEENCERRAMENTO.flv',\n        \t\tscaling: 'fit', autoPlay: false, autoBuffering: true \n\n\t        }\n\n\t\t});\n}\n<\/script><br \/>\n<\/br><\/p>\n<p>[icon color=\u00bbAccent-Color\u00bb size=\u00bbregular\u00bb image=\u00bbsteadysets-icon-chat\u00bb] <strong>Contexto<\/strong><\/br><\/br><\/p>\n<p style=\"text-align: juAdd Mediastify;\">\nSpot de la Campa\u00f1a de Pl\u00ednio de Arruda Sampaio a la Presidencia de Brasil a nombre del Partido Socialismo y Libertad, durante la contienda electoral de 2010. Plinio al momento de la elecci\u00f3n tenia m\u00e1s de 79 a\u00f1os con una experiencia p\u00fablica de m\u00e1s de 50 a\u00f1os. Los temas ejes de su campa\u00f1a fueron la reforma agraria, la educaci\u00f3n y la salud p\u00fablica. Al final obtuvo el 4 lugar en la primera vuelta con 886.816 votos que significo el 0,87% de la votaci\u00f3n total. La campa\u00f1a de Plinio no tuvo la capacidad de mostrar una opci\u00f3n de izquierda distinta a la de Dilma y se perdi\u00f3 en un discurso similar al del oficialismo.<\/p><\/p>\n","protected":false},"excerpt":{"rendered":"<p>*Video: programa final &#8211; plinio [icon color=\u00bbAccent-Color\u00bb size=\u00bbregular\u00bb image=\u00bbsteadysets-icon-chat\u00bb] Contexto Spot de la Campa\u00f1a de Pl\u00ednio de Arruda Sampaio a la Presidencia de Brasil a nombre del Partido Socialismo y Libertad, durante la contienda electoral de 2010. Plinio al momento de la elecci\u00f3n tenia m\u00e1s de 79 a\u00f1os con una experiencia p\u00fablica de m\u00e1s de [&hellip;]<\/p>\n","protected":false},"author":5,"featured_media":29923,"comment_status":"open","ping_status":"open","sticky":false,"template":"","format":"standard","meta":{"_et_pb_use_builder":"","_et_pb_old_content":"","_et_gb_content_width":"","advanced_seo_description":"","jetpack_seo_html_title":"","jetpack_seo_noindex":false,"footnotes":""},"categories":[687,263,60,57,34,10,11,3],"tags":[684,955,954],"class_list":["post-29922","post","type-post","status-publish","format-standard","has-post-thumbnail","hentry","category-687","category-ano","category-brazil","category-campana-presidencial","category-electoral","category-geo","category-temas","category-video","tag-elecciones-2010","tag-partido-socialismo-y-libertad","tag-plinio-de-arruda-sampaio"],"jetpack_featured_media_url":"https:\/\/i0.wp.com\/estrategica.com.co\/blog\/wp-content\/uploads\/2011\/05\/PliniodoPSOLnaTVPROGRAMADEENCERRAMENTO_thumb.png?fit=904%2C524&ssl=1","jetpack_shortlink":"https:\/\/wp.me\/p4wgsh-7MC","jetpack-related-posts":[{"id":29275,"url":"https:\/\/estrategica.com.co\/blog\/80anosdeplinioarrudasampaiodopsol\/","url_meta":{"origin":29922,"position":0},"title":"80 A\u00f1os &#8211; Plinio","author":"Juliana","date":"diciembre 20, 2011","format":false,"excerpt":"[hana-flv-player video=\"\/blog\/wp-content\/uploads\/2009\/01\/20110228\/80anosdePlinioArrudaSampaiodoPSOL.flv\" width=\"550\" height=\"\" description=\"80 A\u00f1os - Plinio \" clickurl=\"\" clicktarget=\"\" player=\"4\" autoplay=\"false\" loop=\"false\" autorewind=\"false\" splashimage=\"\" skin=\"\" \/] [icon color=\"Accent-Color\" size=\"regular\" image=\"steadysets-icon-chat\"] Contexto Spot de la Campa\u00f1a de Pl\u00ednio de Arruda Sampaio a la Presidencia de Brasil a nombre del Partido Socialismo y Libertad, durante la contienda electoral de 2010.\u2026","rel":"","context":"En \u00ab2010\u00bb","block_context":{"text":"2010","link":"https:\/\/estrategica.com.co\/blog\/category\/ano\/2010\/"},"img":{"alt_text":"","src":"https:\/\/i0.wp.com\/estrategica.com.co\/blog\/wp-content\/uploads\/2011\/05\/80anosdePlinioArrudaSampaiodoPSOL_thumb.png?fit=677%2C569&ssl=1&resize=350%2C200","width":350,"height":200},"classes":[]},{"id":29898,"url":"https:\/\/estrategica.com.co\/blog\/pliniodopsolnatvdividapublica\/","url_meta":{"origin":29922,"position":1},"title":"Vida P\u00fablica &#8211; Plinio","author":"Juliana","date":"diciembre 20, 2011","format":false,"excerpt":"[hana-flv-player video=\"\/blog\/wp-content\/uploads\/2009\/01\/20110228\/PliniodoPSOLnaTVDIVIDAPUBLICA.flv\" width=\"550\" height=\"\" description=\"Vida P\u00fablica - Plinio\" clickurl=\"\" clicktarget=\"\" player=\"4\" autoplay=\"false\" loop=\"false\" autorewind=\"false\" splashimage=\"\" skin=\"\" \/] [icon color=\"Accent-Color\" size=\"regular\" image=\"steadysets-icon-chat\"] Contexto Spot de la Campa\u00f1a de Pl\u00ednio de Arruda Sampaio a la Presidencia de Brasil a nombre del Partido Socialismo y Libertad, durante la contienda electoral de 2010. Plinio\u2026","rel":"","context":"En \u00ab2010\u00bb","block_context":{"text":"2010","link":"https:\/\/estrategica.com.co\/blog\/category\/ano\/2010\/"},"img":{"alt_text":"","src":"https:\/\/i0.wp.com\/estrategica.com.co\/blog\/wp-content\/uploads\/2011\/05\/PliniodoPSOLnaTVVOTENOSCANDIDATOSDOPSOL_thumb.png?fit=929%2C529&ssl=1&resize=350%2C200","width":350,"height":200},"classes":[]},{"id":29925,"url":"https:\/\/estrategica.com.co\/blog\/pliniodopsolnatvprogramafinanciamentopublico\/","url_meta":{"origin":29922,"position":2},"title":"Financiamiento P\u00fablico &#8211; Plinio","author":"Juliana","date":"diciembre 19, 2011","format":false,"excerpt":"[hana-flv-player video=\"\/blog\/wp-content\/uploads\/2009\/01\/20110228\/PliniodoPSOLnaTVPROGRAMAFINANCIAMENTOPUBLICO.flv\" width=\"550\" height=\"\" description=\"Financiamiento P\u00fablico - Plinio\" clickurl=\"\" clicktarget=\"\" player=\"4\" autoplay=\"false\" loop=\"false\" autorewind=\"false\" splashimage=\"\" skin=\"\" \/] [icon color=\"Accent-Color\" size=\"regular\" image=\"steadysets-icon-chat\"] Contexto Spot de la Campa\u00f1a de Pl\u00ednio de Arruda Sampaio a la Presidencia de Brasil a nombre del Partido Socialismo y Libertad, durante la contienda electoral de 2010. Plinio\u2026","rel":"","context":"En \u00ab2010\u00bb","block_context":{"text":"2010","link":"https:\/\/estrategica.com.co\/blog\/category\/ano\/2010\/"},"img":{"alt_text":"","src":"https:\/\/i0.wp.com\/estrategica.com.co\/blog\/wp-content\/uploads\/2011\/05\/PliniodoPSOLnaTVPROGRAMAFINANCIAMENTOPUBLICO_thumb.png?fit=664%2C526&ssl=1&resize=350%2C200","width":350,"height":200},"classes":[]},{"id":29943,"url":"https:\/\/estrategica.com.co\/blog\/pliniodopsolnatvsaudepublica\/","url_meta":{"origin":29922,"position":3},"title":"Salud P\u00fablica &#8211; Plinio","author":"Juliana","date":"diciembre 19, 2011","format":false,"excerpt":"[hana-flv-player video=\"\/blog\/wp-content\/uploads\/2009\/01\/20110228\/PliniodoPSOLnaTVPROGRAMAREFORMAAGRARIA.flv\" width=\"550\" height=\"\" description=\"Reforma Agraria - Plinio\" clickurl=\"\" clicktarget=\"\" player=\"4\" autoplay=\"false\" loop=\"false\" autorewind=\"false\" splashimage=\"\" skin=\"\" \/] [icon color=\"Accent-Color\" size=\"regular\" image=\"steadysets-icon-chat\"] Contexto Spot de la Campa\u00f1a de Pl\u00ednio de Arruda Sampaio a la Presidencia de Brasil a nombre del Partido Socialismo y Libertad, durante la contienda electoral de 2010. Plinio\u2026","rel":"","context":"En \u00ab2010\u00bb","block_context":{"text":"2010","link":"https:\/\/estrategica.com.co\/blog\/category\/ano\/2010\/"},"img":{"alt_text":"","src":"https:\/\/i0.wp.com\/estrategica.com.co\/blog\/wp-content\/uploads\/2011\/05\/PliniodoPSOLnaTVSAUDEPUBLICA_thumb.png?fit=851%2C539&ssl=1&resize=350%2C200","width":350,"height":200},"classes":[]},{"id":29934,"url":"https:\/\/estrategica.com.co\/blog\/pliniodopsolnatvpsolumpartidonecessarioparaobrasil\/","url_meta":{"origin":29922,"position":4},"title":"Un Partido necesario para Brasil &#8211; Plinio","author":"Juliana","date":"diciembre 19, 2011","format":false,"excerpt":"[hana-flv-player video=\"\/blog\/wp-content\/uploads\/2009\/01\/20110228\/PliniodoPSOLnaTVPROGRAMAREFORMAAGRARIA.flv\" width=\"550\" height=\"\" description=\"Educaci\u00f3n - Jornada de Trabajo - Plinio\" clickurl=\"\" clicktarget=\"\" player=\"4\" autoplay=\"false\" loop=\"false\" autorewind=\"false\" splashimage=\"\" skin=\"\" \/] [icon color=\"Accent-Color\" size=\"regular\" image=\"steadysets-icon-chat\"] Contexto Spot de la Campa\u00f1a de Pl\u00ednio de Arruda Sampaio a la Presidencia de Brasil a nombre del Partido Socialismo y Libertad, durante la contienda electoral\u2026","rel":"","context":"En \u00ab2010\u00bb","block_context":{"text":"2010","link":"https:\/\/estrategica.com.co\/blog\/category\/ano\/2010\/"},"img":{"alt_text":"","src":"https:\/\/i0.wp.com\/estrategica.com.co\/blog\/wp-content\/uploads\/2011\/05\/PliniodoPSOLnaTVPSOLUMPARTIDONECESSARIOPARAOBRASIL_thumb.png?fit=707%2C403&ssl=1&resize=350%2C200","width":350,"height":200},"classes":[]},{"id":29886,"url":"https:\/\/estrategica.com.co\/blog\/pliniodopsolnatv7desetembrogritodeindependencia\/","url_meta":{"origin":29922,"position":5},"title":"Grito de Independencia &#8211; Plinio","author":"Juliana","date":"diciembre 19, 2011","format":false,"excerpt":"[hana-flv-player video=\"\/blog\/wp-content\/uploads\/2009\/01\/20110228\/PliniodoPSOLnaTV7DESETEMBROGRITODEINDEPENDENCIA.flv\" width=\"550\" height=\"\" description=\"Grito de Independencia - Plinio\" clickurl=\"\" clicktarget=\"\" player=\"4\" autoplay=\"false\" loop=\"false\" autorewind=\"false\" splashimage=\"\" skin=\"\" \/] [icon color=\"Accent-Color\" size=\"regular\" image=\"steadysets-icon-chat\"] Contexto Spot de la Campa\u00f1a de Pl\u00ednio de Arruda Sampaio a la Presidencia de Brasil a nombre del Partido Socialismo y Libertad, durante la contienda electoral de 2010.\u2026","rel":"","context":"En \u00ab2010\u00bb","block_context":{"text":"2010","link":"https:\/\/estrategica.com.co\/blog\/category\/ano\/2010\/"},"img":{"alt_text":"","src":"https:\/\/i0.wp.com\/estrategica.com.co\/blog\/wp-content\/uploads\/2011\/05\/PliniodoPSOLnaTVREDUCAODAJORNADADETRABALHO_thumb.png?fit=704%2C395&ssl=1&resize=350%2C200","width":350,"height":200},"classes":[]}],"jetpack_sharing_enabled":true,"_links":{"self":[{"href":"https:\/\/estrategica.com.co\/blog\/wp-json\/wp\/v2\/posts\/29922","targetHints":{"allow":["GET"]}}],"collection":[{"href":"https:\/\/estrategica.com.co\/blog\/wp-json\/wp\/v2\/posts"}],"about":[{"href":"https:\/\/estrategica.com.co\/blog\/wp-json\/wp\/v2\/types\/post"}],"author":[{"embeddable":true,"href":"https:\/\/estrategica.com.co\/blog\/wp-json\/wp\/v2\/users\/5"}],"replies":[{"embeddable":true,"href":"https:\/\/estrategica.com.co\/blog\/wp-json\/wp\/v2\/comments?post=29922"}],"version-history":[{"count":5,"href":"https:\/\/estrategica.com.co\/blog\/wp-json\/wp\/v2\/posts\/29922\/revisions"}],"predecessor-version":[{"id":49144,"href":"https:\/\/estrategica.com.co\/blog\/wp-json\/wp\/v2\/posts\/29922\/revisions\/49144"}],"wp:featuredmedia":[{"embeddable":true,"href":"https:\/\/estrategica.com.co\/blog\/wp-json\/wp\/v2\/media\/29923"}],"wp:attachment":[{"href":"https:\/\/estrategica.com.co\/blog\/wp-json\/wp\/v2\/media?parent=29922"}],"wp:term":[{"taxonomy":"category","embeddable":true,"href":"https:\/\/estrategica.com.co\/blog\/wp-json\/wp\/v2\/categories?post=29922"},{"taxonomy":"post_tag","embeddable":true,"href":"https:\/\/estrategica.com.co\/blog\/wp-json\/wp\/v2\/tags?post=29922"}],"curies":[{"name":"wp","href":"https:\/\/api.w.org\/{rel}","templated":true}]}}