{"id":300,"date":"2009-01-03T19:55:56","date_gmt":"2009-01-03T19:55:56","guid":{"rendered":"http:\/\/estrategica.com.co\/blog\/?p=300"},"modified":"2009-03-27T11:51:53","modified_gmt":"2009-03-27T11:51:53","slug":"francia-de-todas-nuestras-fuerzas-2","status":"publish","type":"post","link":"https:\/\/estrategica.com.co\/blog\/francia-de-todas-nuestras-fuerzas-2\/","title":{"rendered":"FRANCIA DE TODAS NUESTRAS FUERZAS"},"content":{"rendered":"<p><img loading=\"lazy\" decoding=\"async\" data-attachment-id=\"299\" data-permalink=\"https:\/\/estrategica.com.co\/blog\/francia-de-todas-nuestras-fuerzas-2\/bayrou\/\" data-orig-file=\"https:\/\/i0.wp.com\/estrategica.com.co\/blog\/wp-content\/uploads\/2009\/01\/bayrou.jpg?fit=341%2C456&amp;ssl=1\" data-orig-size=\"341,456\" data-comments-opened=\"1\" data-image-meta=\"{&quot;aperture&quot;:&quot;0&quot;,&quot;credit&quot;:&quot;&quot;,&quot;camera&quot;:&quot;&quot;,&quot;caption&quot;:&quot;&quot;,&quot;created_timestamp&quot;:&quot;0&quot;,&quot;copyright&quot;:&quot;&quot;,&quot;focal_length&quot;:&quot;0&quot;,&quot;iso&quot;:&quot;0&quot;,&quot;shutter_speed&quot;:&quot;0&quot;,&quot;title&quot;:&quot;&quot;}\" data-image-title=\"bayrou\" data-image-description=\"\" data-image-caption=\"\" data-medium-file=\"https:\/\/i0.wp.com\/estrategica.com.co\/blog\/wp-content\/uploads\/2009\/01\/bayrou.jpg?fit=224%2C300&amp;ssl=1\" data-large-file=\"https:\/\/i0.wp.com\/estrategica.com.co\/blog\/wp-content\/uploads\/2009\/01\/bayrou.jpg?fit=341%2C456&amp;ssl=1\" class=\"alignnone size-full wp-image-299\" title=\"bayrou\" src=\"https:\/\/i0.wp.com\/estrategica.com.co\/blog\/wp-content\/uploads\/2009\/01\/bayrou.jpg?resize=341%2C456\" alt=\"bayrou\" width=\"341\" height=\"456\" srcset=\"https:\/\/i0.wp.com\/estrategica.com.co\/blog\/wp-content\/uploads\/2009\/01\/bayrou.jpg?w=341&amp;ssl=1 341w, https:\/\/i0.wp.com\/estrategica.com.co\/blog\/wp-content\/uploads\/2009\/01\/bayrou.jpg?resize=224%2C300&amp;ssl=1 224w\" sizes=\"(max-width: 341px) 100vw, 341px\" data-recalc-dims=\"1\" \/><\/p>\n<p style=\"text-align: justify;\">Fran\u00e7ois Bayrou es el candidato de centro en las elecciones de 2007. Por la favorabilidad que lleg\u00f3 a tener ante la opini\u00f3n p\u00fablica se pens\u00f3 que si los franceses ten\u00edan que escoger entre Sarkozy y Bayrou o entre Royal y Bayrou, votar\u00edan, mayoritariamente, al centrista. Su campa\u00f1a estuvo dirigida a criticar duramente el modelo bipartidista franc\u00e9s, derecha-izquierda, que seg\u00fan su opini\u00f3n es el causante de los problemas de Francia. Su mensaje es de uni\u00f3n y al decir que hay que congregarse lo que esta diciendo es que hay que superar la izquierda y la derecha y unirse en el medio, es decir, en el centro que \u00e9l encarna. La campa\u00f1a de polarizo entre izquierda y derecha y en las elecciones del 22 de abril Bayrou qued\u00f3 tercero con un 18.57% de los votos, no pudiendo competir en la segunda vuelta. La suya fue una campa\u00f1a sin fuerza visual y de mensaje. Esta es sin lugar a dudas la pieza mejor lograda de la campa\u00f1a de Bayrou. La actitud y el mensaje tienen coherencia y persuade. \u201cFrancia con todas nuestras fuerzas\u201d es un buen slogan, y ac\u00e1 queda demostrado que con una imagen apropiada cobra fuerza toda la pieza. La campa\u00f1a tuvo muchas piezas para una sola campa\u00f1a, se cuentan 5 afiches, lo cual genera dispersi\u00f3n visual y de mensaje.<\/p>\n","protected":false},"excerpt":{"rendered":"<p>Fran\u00e7ois Bayrou es el candidato de centro en las elecciones de 2007. Por la favorabilidad que lleg\u00f3 a tener ante la opini\u00f3n p\u00fablica se pens\u00f3 que si los franceses ten\u00edan que escoger entre Sarkozy y Bayrou o entre Royal y Bayrou, votar\u00edan, mayoritariamente, al centrista. Su campa\u00f1a estuvo dirigida a criticar duramente el modelo bipartidista [&hellip;]<\/p>\n","protected":false},"author":2,"featured_media":59178,"comment_status":"open","ping_status":"open","sticky":false,"template":"","format":"standard","meta":{"_et_pb_use_builder":"","_et_pb_old_content":"","_et_gb_content_width":"","advanced_seo_description":"","jetpack_seo_html_title":"","jetpack_seo_noindex":false,"footnotes":""},"categories":[269,5,263,57,46,50,10,11],"tags":[52,85,86],"class_list":["post-300","post","type-post","status-publish","format-standard","has-post-thumbnail","hentry","category-269","category-afiches","category-ano","category-campana-presidencial","category-fotograficos","category-francia","category-geo","category-temas","tag-elecciones-2007","tag-francois-bayrou","tag-union-para-la-democracia-francesa"],"jetpack_featured_media_url":"https:\/\/i0.wp.com\/estrategica.com.co\/blog\/wp-content\/uploads\/2009\/01\/FRANCIA-DE-TODAS-NUESTRAS-FUERZAS.jpg?fit=341%2C456&ssl=1","jetpack_shortlink":"https:\/\/wp.me\/p4wgsh-4Q","jetpack-related-posts":[{"id":284,"url":"https:\/\/estrategica.com.co\/blog\/un-presidente-que-nos-congregue\/","url_meta":{"origin":300,"position":0},"title":"UN PRESIDENTE QUE NOS CONGREGUE","author":"camilorojas","date":"enero 3, 2009","format":false,"excerpt":"Fran\u00e7ois Bayrou es el candidato de centro en las elecciones de 2007. Por la favorabilidad que lleg\u00f3 a tener ante la opini\u00f3n p\u00fablica se pens\u00f3 que si los franceses ten\u00edan que escoger entre Sarkozy y Bayrou o entre Royal y Bayrou, votar\u00edan, mayoritariamente, al centrista. Su campa\u00f1a estuvo dirigida a\u2026","rel":"","context":"En \u00ab2007\u00bb","block_context":{"text":"2007","link":"https:\/\/estrategica.com.co\/blog\/category\/ano\/2007\/"},"img":{"alt_text":"","src":"https:\/\/i0.wp.com\/estrategica.com.co\/blog\/wp-content\/uploads\/2009\/01\/UN-PRESIDENTE-QUE-NOS-CONGREGUE2.jpg?fit=448%2C600&ssl=1&resize=350%2C200","width":350,"height":200},"classes":[]},{"id":297,"url":"https:\/\/estrategica.com.co\/blog\/francia-de-todas-nuestras-fuerzas\/","url_meta":{"origin":300,"position":1},"title":"FRANCIA DE TODAS NUESTRAS FUERZAS","author":"camilorojas","date":"enero 3, 2009","format":false,"excerpt":"Fran\u00e7ois Bayrou es el candidato de centro en las elecciones de 2007. Por la favorabilidad que lleg\u00f3 a tener ante la opini\u00f3n p\u00fablica se pens\u00f3 que si los franceses ten\u00edan que escoger entre Sarkozy y Bayrou o entre Royal y Bayrou, votar\u00edan, mayoritariamente, al centrista. Su campa\u00f1a estuvo dirigida a\u2026","rel":"","context":"En \u00ab2007\u00bb","block_context":{"text":"2007","link":"https:\/\/estrategica.com.co\/blog\/category\/ano\/2007\/"},"img":{"alt_text":"","src":"https:\/\/i0.wp.com\/estrategica.com.co\/blog\/wp-content\/uploads\/2009\/01\/FRANCIA-DE-TODAS-NUESTRAS-FUERZAS2.jpg?fit=500%2C417&ssl=1&resize=350%2C200","width":350,"height":200},"classes":[]},{"id":290,"url":"https:\/\/estrategica.com.co\/blog\/queremos-un-presidente-que-nos-respete\/","url_meta":{"origin":300,"position":2},"title":"QUEREMOS UN PRESIDENTE QUE NOS RESPETE","author":"camilorojas","date":"enero 3, 2009","format":false,"excerpt":"Fran\u00e7ois Bayrou es el candidato de centro en las elecciones de 2007. Por la favorabilidad que lleg\u00f3 a tener ante la opini\u00f3n p\u00fablica se pens\u00f3 que si los franceses ten\u00edan que escoger entre Sarkozy y Bayrou o entre Royal y Bayrou, votar\u00edan, mayoritariamente, al centrista. Su campa\u00f1a estuvo dirigida a\u2026","rel":"","context":"En \u00ab2007\u00bb","block_context":{"text":"2007","link":"https:\/\/estrategica.com.co\/blog\/category\/ano\/2007\/"},"img":{"alt_text":"","src":"https:\/\/i0.wp.com\/estrategica.com.co\/blog\/wp-content\/uploads\/2009\/01\/QUEREMOS-UN-PRESIDENTE-QUE-NOS-RESPETE.jpg?fit=437%2C600&ssl=1&resize=350%2C200","width":350,"height":200},"classes":[]},{"id":294,"url":"https:\/\/estrategica.com.co\/blog\/un-presidente-que-nos-congregue-2\/","url_meta":{"origin":300,"position":3},"title":"UN PRESIDENTE QUE NOS CONGREGUE","author":"camilorojas","date":"enero 3, 2009","format":false,"excerpt":"Fran\u00e7ois Bayrou es el candidato de centro en las elecciones de 2007. Por la favorabilidad que lleg\u00f3 a tener ante la opini\u00f3n p\u00fablica se pens\u00f3 que si los franceses ten\u00edan que escoger entre Sarkozy y Bayrou o entre Royal y Bayrou, votar\u00edan, mayoritariamente, al centrista. Su campa\u00f1a estuvo dirigida a\u2026","rel":"","context":"En \u00ab2007\u00bb","block_context":{"text":"2007","link":"https:\/\/estrategica.com.co\/blog\/category\/ano\/2007\/"},"img":{"alt_text":"","src":"https:\/\/i0.wp.com\/estrategica.com.co\/blog\/wp-content\/uploads\/2009\/01\/UN-PRESIDENTE-QUE-NOS-CONGREGUE.jpg?fit=426%2C600&ssl=1&resize=350%2C200","width":350,"height":200},"classes":[]},{"id":3277,"url":"https:\/\/estrategica.com.co\/blog\/rompecabezas-bayrou\/","url_meta":{"origin":300,"position":4},"title":"Rompecabezas Bayrou","author":"estrategica.com","date":"febrero 1, 2009","format":false,"excerpt":"Original instrumento de persuasi\u00f3n de la campa\u00f1a de Francois Bayrou. La pieza es llamativa, produce recordaci\u00f3n y es algo que el elector no bota sino que guarda y utiliza.","rel":"","context":"En \u00abCampa\u00f1a Presidencial\u00bb","block_context":{"text":"Campa\u00f1a Presidencial","link":"https:\/\/estrategica.com.co\/blog\/category\/temas\/campana-presidencial\/"},"img":{"alt_text":"07","src":"https:\/\/i0.wp.com\/estrategica.com.co\/blog\/wp-content\/uploads\/2009\/02\/07.jpg?resize=350%2C200","width":350,"height":200},"classes":[]},{"id":422,"url":"https:\/\/estrategica.com.co\/blog\/a-mayor-trabajo-mayor-remuneracion\/","url_meta":{"origin":300,"position":5},"title":"A mayor trabajo, mayor remuneraci\u00f3n","author":"camilorojas","date":"enero 4, 2009","format":false,"excerpt":"Es el fundador y Presidente de la Coalici\u00f3n de los Contribuyentes Franceses. El prop\u00f3sito de su candidatura era el de \u201cProteger a Francia del colapso financiero, la anarqu\u00eda y la corrupci\u00f3n generalizada, antes de que sea muy tarde\u201d. Renuncia a su aspiraci\u00f3n el 16 de marzo de 2007 por no\u2026","rel":"","context":"En \u00ab2007\u00bb","block_context":{"text":"2007","link":"https:\/\/estrategica.com.co\/blog\/category\/ano\/2007\/"},"img":{"alt_text":"","src":"https:\/\/i0.wp.com\/estrategica.com.co\/blog\/wp-content\/uploads\/2009\/01\/A-mayor-trabajo-mayor-remuneraci\u00f3n.jpg?fit=365%2C481&ssl=1&resize=350%2C200","width":350,"height":200},"classes":[]}],"jetpack_sharing_enabled":true,"_links":{"self":[{"href":"https:\/\/estrategica.com.co\/blog\/wp-json\/wp\/v2\/posts\/300","targetHints":{"allow":["GET"]}}],"collection":[{"href":"https:\/\/estrategica.com.co\/blog\/wp-json\/wp\/v2\/posts"}],"about":[{"href":"https:\/\/estrategica.com.co\/blog\/wp-json\/wp\/v2\/types\/post"}],"author":[{"embeddable":true,"href":"https:\/\/estrategica.com.co\/blog\/wp-json\/wp\/v2\/users\/2"}],"replies":[{"embeddable":true,"href":"https:\/\/estrategica.com.co\/blog\/wp-json\/wp\/v2\/comments?post=300"}],"version-history":[{"count":3,"href":"https:\/\/estrategica.com.co\/blog\/wp-json\/wp\/v2\/posts\/300\/revisions"}],"predecessor-version":[{"id":8507,"href":"https:\/\/estrategica.com.co\/blog\/wp-json\/wp\/v2\/posts\/300\/revisions\/8507"}],"wp:featuredmedia":[{"embeddable":true,"href":"https:\/\/estrategica.com.co\/blog\/wp-json\/wp\/v2\/media\/59178"}],"wp:attachment":[{"href":"https:\/\/estrategica.com.co\/blog\/wp-json\/wp\/v2\/media?parent=300"}],"wp:term":[{"taxonomy":"category","embeddable":true,"href":"https:\/\/estrategica.com.co\/blog\/wp-json\/wp\/v2\/categories?post=300"},{"taxonomy":"post_tag","embeddable":true,"href":"https:\/\/estrategica.com.co\/blog\/wp-json\/wp\/v2\/tags?post=300"}],"curies":[{"name":"wp","href":"https:\/\/api.w.org\/{rel}","templated":true}]}}