{"id":30033,"date":"2011-12-18T09:04:53","date_gmt":"2011-12-18T14:04:53","guid":{"rendered":"http:\/\/estrategica.com.co\/blog\/?p=30033"},"modified":"2015-03-20T14:52:35","modified_gmt":"2015-03-20T19:52:35","slug":"raimundocolomboprogramadodia06092010oportunidadesparaosjovens","status":"publish","type":"post","link":"https:\/\/estrategica.com.co\/blog\/raimundocolomboprogramadodia06092010oportunidadesparaosjovens\/","title":{"rendered":"Oportunidades para los J\u00f3venes &#8211; Colombo"},"content":{"rendered":"<p> <script type='text\/javascript' src='https:\/\/estrategica.com.co\/blog\/wp-content\/plugins\/hana-flv-player\/flowplayer3\/example\/flowplayer-3.2.6.min.js'><\/script>\n<div >\n<div id='hana_flv_flow3_1' style='display:block;width:550px;height:413px;background-color:#555555;color:#ffffff;padding:0' title=\"*Video:oportunidades para los j\u00f3venes - colombo\"><\/div>\n<\/div>\n\n<script  type='text\/javascript'>\nif (typeof g_hanaFlash !== 'undefined' && !g_hanaFlash){\n    jQuery('#hana_flv_flow3_1').css( 'padding', '5px' );\n\tjQuery('#hana_flv_flow3_1').html(\"<span class='inactive_message' style='display:block'>Sorry, your browser does not support Flash Video Player<\/span> *Video:oportunidades para los j\u00f3venes - colombo\");\n}else{\t\t\t\n\t\tflowplayer('hana_flv_flow3_1', { src: 'https:\/\/estrategica.com.co\/blog\/wp-content\/plugins\/hana-flv-player\/flowplayer3\/flowplayer-3.2.7.swf', wmode: 'transparent' }, { \n\n\t\t\tcanvas: { backgroundColor: '#000000', backgroundGradient: 'none',},\n    \t\tclip:  { \n    \t\t\turl: '\/blog\/wp-content\/uploads\/2009\/01\/20110228\/RaimundoColomboProgramadodia06092010OportunidadesparaosJovens.flv',\n        \t\tscaling: 'fit', autoPlay: false, autoBuffering: true \n\n\t        }\n\n\t\t});\n}\n<\/script><br \/>\n<\/br><\/p>\n<p>[icon color=\u00bbAccent-Color\u00bb size=\u00bbregular\u00bb image=\u00bbsteadysets-icon-chat\u00bb] <strong>Contexto<\/strong><\/br><\/br><\/p>\n<p style=\"text-align: juAdd Mediastify;\">\n<p>Spot de la campa\u00f1a de Raimundo Colombo a la Gobernaci\u00f3n de Santa Catarina durante la contienda electoral de 2010, a nombre del Partido Social Democr\u00e1tico. Su principal adversaria fue la prefecta de Florian\u00f3polis Angela Amin y la senadora del PT Ideli Salvatti. Colombo fue elegido en primera vuelta con el 52,72% de los votos.<\/p><\/p>\n","protected":false},"excerpt":{"rendered":"<p>*Video: oportunidades para los j\u00f3venes &#8211; colombo [icon color=\u00bbAccent-Color\u00bb size=\u00bbregular\u00bb image=\u00bbsteadysets-icon-chat\u00bb] Contexto Spot de la campa\u00f1a de Raimundo Colombo a la Gobernaci\u00f3n de Santa Catarina durante la contienda electoral de 2010, a nombre del Partido Social Democr\u00e1tico. Su principal adversaria fue la prefecta de Florian\u00f3polis Angela Amin y la senadora del PT Ideli Salvatti. Colombo [&hellip;]<\/p>\n","protected":false},"author":5,"featured_media":30034,"comment_status":"open","ping_status":"open","sticky":false,"template":"","format":"standard","meta":{"_et_pb_use_builder":"","_et_pb_old_content":"","_et_gb_content_width":"","advanced_seo_description":"","jetpack_seo_html_title":"","jetpack_seo_noindex":false,"footnotes":""},"categories":[687,263,60,59,34,10,11,3],"tags":[684,953,952],"class_list":["post-30033","post","type-post","status-publish","format-standard","has-post-thumbnail","hentry","category-687","category-ano","category-brazil","category-campana-uninominal","category-electoral","category-geo","category-temas","category-video","tag-elecciones-2010","tag-partido-social-democratico","tag-raimundo-colombo"],"jetpack_featured_media_url":"https:\/\/i0.wp.com\/estrategica.com.co\/blog\/wp-content\/uploads\/2011\/05\/RaimundoColomboProgramadodia06092010OportunidadesparaosJovens_thumb.png?fit=814%2C573&ssl=1","jetpack_shortlink":"https:\/\/wp.me\/p4wgsh-7Op","jetpack-related-posts":[{"id":30042,"url":"https:\/\/estrategica.com.co\/blog\/raimundocolomboomaisprefeitodosgovernadores\/","url_meta":{"origin":30033,"position":0},"title":"Franja Electoral &#8211; Colombo","author":"Juliana","date":"diciembre 18, 2011","format":false,"excerpt":"[hana-flv-player video=\"\/blog\/wp-content\/uploads\/2009\/01\/20110228\/RaimundoColomboOmaisprefeitodosgovernadores.flv\" width=\"550\" height\"\" description= \"Franja Electoral - Colombo\" clickurl=\"\" clicktarget=\"\" player=\"4\" autoplay=\"false\" loop=\"false\" autorewind=\"false\" splashimage=\"\" skin=\"\" \/] [icon color=\"Accent-Color\" size=\"regular\" image=\"steadysets-icon-chat\"] Contexto Spot de la campa\u00f1a de Raimundo Colombo a la Gobernaci\u00f3n de Santa Catarina durante la contienda electoral de 2010, a nombre del Partido Social Democr\u00e1tico. Su principal\u2026","rel":"","context":"En \u00ab2010\u00bb","block_context":{"text":"2010","link":"https:\/\/estrategica.com.co\/blog\/category\/ano\/2010\/"},"img":{"alt_text":"","src":"https:\/\/i0.wp.com\/estrategica.com.co\/blog\/wp-content\/uploads\/2011\/05\/RaimundoColomboOmaisprefeitodosgovernadores_thumb.png?fit=838%2C518&ssl=1&resize=350%2C200","width":350,"height":200},"classes":[]},{"id":30039,"url":"https:\/\/estrategica.com.co\/blog\/raimundocolomboogovernadordaproducao\/","url_meta":{"origin":30033,"position":1},"title":"Gobernador de la Producci\u00f3n &#8211; Colombo","author":"Juliana","date":"diciembre 17, 2011","format":false,"excerpt":"[hana-flv-player video=\"\/blog\/wp-content\/uploads\/2009\/01\/20110228\/RaimundoColomboOGovernadordaProducao.flv\" width=\"550\" height\"\" description= \"Gobernador de la Producci\u00f3n - Colombo\" clickurl=\"\" clicktarget=\"\" player=\"4\" autoplay=\"false\" loop=\"false\" autorewind=\"false\" splashimage=\"\" skin=\"\" \/] [icon color=\"Accent-Color\" size=\"regular\" image=\"steadysets-icon-chat\"] Contexto Spot de la campa\u00f1a de Raimundo Colombo a la Gobernaci\u00f3n de Santa Catarina durante la contienda electoral de 2010, a nombre del Partido Social Democr\u00e1tico.\u2026","rel":"","context":"En \u00ab2010\u00bb","block_context":{"text":"2010","link":"https:\/\/estrategica.com.co\/blog\/category\/ano\/2010\/"},"img":{"alt_text":"","src":"https:\/\/i0.wp.com\/estrategica.com.co\/blog\/wp-content\/uploads\/2011\/05\/RaimundoColomboOGovernadordaProducao_thumb.png?fit=578%2C406&ssl=1&resize=350%2C200","width":350,"height":200},"classes":[]},{"id":30045,"url":"https:\/\/estrategica.com.co\/blog\/raimundocolomboomelhorprefeitodesantacatarinacom86deaprovacao\/","url_meta":{"origin":30033,"position":2},"title":"Logros como Prefecto &#8211; Colombo","author":"Juliana","date":"diciembre 17, 2011","format":false,"excerpt":"[hana-flv-player video=\"\/blog\/wp-content\/uploads\/2009\/01\/20110228\/RaimundoColomboOmelhorprefeitodeSantaCatarinacom86deaprovacao.flv\" width=\"550\" height\"\" description= \"Logros como Prefecto - Colombo\" clickurl=\"\" clicktarget=\"\" player=\"4\" autoplay=\"false\" loop=\"false\" autorewind=\"false\" splashimage=\"\" skin=\"\" \/] [icon color=\"Accent-Color\" size=\"regular\" image=\"steadysets-icon-chat\"] Contexto Spot de la campa\u00f1a de Raimundo Colombo a la Gobernaci\u00f3n de Santa Catarina durante la contienda electoral de 2010, a nombre del Partido Social Democr\u00e1tico. Su\u2026","rel":"","context":"En \u00ab2010\u00bb","block_context":{"text":"2010","link":"https:\/\/estrategica.com.co\/blog\/category\/ano\/2010\/"},"img":{"alt_text":"","src":"https:\/\/i0.wp.com\/estrategica.com.co\/blog\/wp-content\/uploads\/2011\/05\/RaimundoColomboOmelhorprefeitodeSantaCatarinacom86deaprovacao_thumb.png?fit=827%2C508&ssl=1&resize=350%2C200","width":350,"height":200},"classes":[]},{"id":30048,"url":"https:\/\/estrategica.com.co\/blog\/raimundocolombopareciaimpossivelmaselefoilaefez\/","url_meta":{"origin":30033,"position":3},"title":"Parecia Imposible &#8211; Colombo","author":"Juliana","date":"diciembre 17, 2011","format":false,"excerpt":"[hana-flv-player video=\"\/blog\/wp-content\/uploads\/2009\/01\/20110228\/RaimundoColomboPareciaimpossivelmaselefoilaefez.flv\" width=\"550\" height\"\" description= \"Parecia Imposible - Colombo\" clickurl=\"\" clicktarget=\"\" player=\"4\" autoplay=\"false\" loop=\"false\" autorewind=\"false\" splashimage=\"\" skin=\"\" \/] [icon color=\"Accent-Color\" size=\"regular\" image=\"steadysets-icon-chat\"] Contexto Spot de la campa\u00f1a de Raimundo Colombo a la Gobernaci\u00f3n de Santa Catarina durante la contienda electoral de 2010, a nombre del Partido Social Democr\u00e1tico. Su principal\u2026","rel":"","context":"En \u00ab2010\u00bb","block_context":{"text":"2010","link":"https:\/\/estrategica.com.co\/blog\/category\/ano\/2010\/"},"img":{"alt_text":"","src":"https:\/\/i0.wp.com\/estrategica.com.co\/blog\/wp-content\/uploads\/2011\/05\/RaimundoColomboPareciaimpossivelmaselefoilaefez_thumb.png?fit=850%2C506&ssl=1&resize=350%2C200","width":350,"height":200},"classes":[]},{"id":30055,"url":"https:\/\/estrategica.com.co\/blog\/raimundocolomboprogramadodia01092010propostasparaasaude\/","url_meta":{"origin":30033,"position":4},"title":"Propuesta de Salud &#8211; Colombo","author":"Juliana","date":"diciembre 17, 2011","format":false,"excerpt":"[hana-flv-player video=\"\/blog\/wp-content\/uploads\/2009\/01\/20110228\/RaimundoColomboProgramadodia01092010PropostasparaaSaude.flv\" width=\"550\" height\"\" description= \"Propuesta de Salud - Colombo\" clickurl=\"\" clicktarget=\"\" player=\"4\" autoplay=\"false\" loop=\"false\" autorewind=\"false\" splashimage=\"\" skin=\"\" \/] [icon color=\"Accent-Color\" size=\"regular\" image=\"steadysets-icon-chat\"] Contexto Spot de la campa\u00f1a de Raimundo Colombo a la Gobernaci\u00f3n de Santa Catarina durante la contienda electoral de 2010, a nombre del Partido Social Democr\u00e1tico. Su\u2026","rel":"","context":"En \u00ab2010\u00bb","block_context":{"text":"2010","link":"https:\/\/estrategica.com.co\/blog\/category\/ano\/2010\/"},"img":{"alt_text":"","src":"https:\/\/i0.wp.com\/estrategica.com.co\/blog\/wp-content\/uploads\/2011\/05\/RaimundoColomboProgramadodia01092010PropostasparaaSaude_thumb.png?fit=858%2C527&ssl=1&resize=350%2C200","width":350,"height":200},"classes":[]},{"id":30058,"url":"https:\/\/estrategica.com.co\/blog\/raimundocolomboprogramadodia13092010acaminhodavitoria\/","url_meta":{"origin":30033,"position":5},"title":"Camino a la Victoria &#8211; Colombo","author":"Juliana","date":"diciembre 17, 2011","format":false,"excerpt":"[hana-flv-player video=\"\/blog\/wp-content\/uploads\/2009\/01\/20110228\/RaimundoColomboProgramadodia13092010ACaminhodaVitoria.flv\" width=\"550\" height\"\" description= \"Camino a la Victoria - Colombo\" clickurl=\"\" clicktarget=\"\" player=\"4\" autoplay=\"false\" loop=\"false\" autorewind=\"false\" splashimage=\"\" skin=\"\" \/] [icon color=\"Accent-Color\" size=\"regular\" image=\"steadysets-icon-chat\"] Contexto Spot de la campa\u00f1a de Raimundo Colombo a la Gobernaci\u00f3n de Santa Catarina durante la contienda electoral de 2010, a nombre del Partido Social Democr\u00e1tico.\u2026","rel":"","context":"En \u00ab2010\u00bb","block_context":{"text":"2010","link":"https:\/\/estrategica.com.co\/blog\/category\/ano\/2010\/"},"img":{"alt_text":"","src":"https:\/\/i0.wp.com\/estrategica.com.co\/blog\/wp-content\/uploads\/2011\/05\/RaimundoColomboProgramadodia13092010ACaminhodaVitoria_thumb.png?fit=854%2C573&ssl=1&resize=350%2C200","width":350,"height":200},"classes":[]}],"jetpack_sharing_enabled":true,"_links":{"self":[{"href":"https:\/\/estrategica.com.co\/blog\/wp-json\/wp\/v2\/posts\/30033","targetHints":{"allow":["GET"]}}],"collection":[{"href":"https:\/\/estrategica.com.co\/blog\/wp-json\/wp\/v2\/posts"}],"about":[{"href":"https:\/\/estrategica.com.co\/blog\/wp-json\/wp\/v2\/types\/post"}],"author":[{"embeddable":true,"href":"https:\/\/estrategica.com.co\/blog\/wp-json\/wp\/v2\/users\/5"}],"replies":[{"embeddable":true,"href":"https:\/\/estrategica.com.co\/blog\/wp-json\/wp\/v2\/comments?post=30033"}],"version-history":[{"count":5,"href":"https:\/\/estrategica.com.co\/blog\/wp-json\/wp\/v2\/posts\/30033\/revisions"}],"predecessor-version":[{"id":49182,"href":"https:\/\/estrategica.com.co\/blog\/wp-json\/wp\/v2\/posts\/30033\/revisions\/49182"}],"wp:featuredmedia":[{"embeddable":true,"href":"https:\/\/estrategica.com.co\/blog\/wp-json\/wp\/v2\/media\/30034"}],"wp:attachment":[{"href":"https:\/\/estrategica.com.co\/blog\/wp-json\/wp\/v2\/media?parent=30033"}],"wp:term":[{"taxonomy":"category","embeddable":true,"href":"https:\/\/estrategica.com.co\/blog\/wp-json\/wp\/v2\/categories?post=30033"},{"taxonomy":"post_tag","embeddable":true,"href":"https:\/\/estrategica.com.co\/blog\/wp-json\/wp\/v2\/tags?post=30033"}],"curies":[{"name":"wp","href":"https:\/\/api.w.org\/{rel}","templated":true}]}}