{"id":3017,"date":"2009-01-30T22:28:52","date_gmt":"2009-01-30T22:28:52","guid":{"rendered":"http:\/\/estrategica.com.co\/blog\/?p=3017"},"modified":"2009-03-19T15:26:54","modified_gmt":"2009-03-19T15:26:54","slug":"por-todo-lo-logrado-motivos-para-creer","status":"publish","type":"post","link":"https:\/\/estrategica.com.co\/blog\/por-todo-lo-logrado-motivos-para-creer\/","title":{"rendered":"Por todo lo logrado. Motivos para creer."},"content":{"rendered":"<p><img loading=\"lazy\" decoding=\"async\" data-attachment-id=\"3016\" data-permalink=\"https:\/\/estrategica.com.co\/blog\/por-todo-lo-logrado-motivos-para-creer\/attachment\/117951\/\" data-orig-file=\"https:\/\/i0.wp.com\/estrategica.com.co\/blog\/wp-content\/uploads\/2009\/01\/117951.jpg?fit=385%2C215&amp;ssl=1\" data-orig-size=\"385,215\" data-comments-opened=\"1\" data-image-meta=\"{&quot;aperture&quot;:&quot;0&quot;,&quot;credit&quot;:&quot;&quot;,&quot;camera&quot;:&quot;&quot;,&quot;caption&quot;:&quot;&quot;,&quot;created_timestamp&quot;:&quot;0&quot;,&quot;copyright&quot;:&quot;&quot;,&quot;focal_length&quot;:&quot;0&quot;,&quot;iso&quot;:&quot;0&quot;,&quot;shutter_speed&quot;:&quot;0&quot;,&quot;title&quot;:&quot;&quot;}\" data-image-title=\"117951\" data-image-description=\"\" data-image-caption=\"\" data-medium-file=\"https:\/\/i0.wp.com\/estrategica.com.co\/blog\/wp-content\/uploads\/2009\/01\/117951.jpg?fit=300%2C167&amp;ssl=1\" data-large-file=\"https:\/\/i0.wp.com\/estrategica.com.co\/blog\/wp-content\/uploads\/2009\/01\/117951.jpg?fit=385%2C215&amp;ssl=1\" class=\"alignnone size-full wp-image-3016\" title=\"117951\" src=\"https:\/\/i0.wp.com\/estrategica.com.co\/blog\/wp-content\/uploads\/2009\/01\/117951.jpg?resize=385%2C215\" alt=\"117951\" width=\"385\" height=\"215\" srcset=\"https:\/\/i0.wp.com\/estrategica.com.co\/blog\/wp-content\/uploads\/2009\/01\/117951.jpg?w=385&amp;ssl=1 385w, https:\/\/i0.wp.com\/estrategica.com.co\/blog\/wp-content\/uploads\/2009\/01\/117951.jpg?resize=300%2C167&amp;ssl=1 300w\" sizes=\"(max-width: 385px) 100vw, 385px\" data-recalc-dims=\"1\" \/><\/p>\n<p style=\"text-align: justify;\">Campa\u00f1a del PSOE para las elecciones de 2008. La estrategia de la campa\u00f1a grafica de afiches gira en torno a trece slogans que, seg\u00fan los estrategas, sintetizan los motivos para reelegir a Rodr\u00edguez Zapatero.\u00a0 Bajo el lema gen\u00e9rico \u201cMotivos para Creer\u201d la campa\u00f1a llama a la movilizaci\u00f3n con los siguientes textos: \u201cPor todo lo que merece la pena\u201d; \u201cComprometidos con la Igualdad\u201d; \u201cVivimos juntos, decidimos juntos\u201d -esta frase fue utilizada por Zapatero cuando se rechaz\u00f3 el Plan Ibarretxe en el Congreso-; \u201cNo es lo mismo\u201d; \u201cPorque lo estamos consiguiendo\u201d; \u201cSomos m\u00e1s\u201d; \u201cSo\u00f1ar con los pies en la tierra\u201d; \u201cPor todo lo logrado\u201d; \u201cPor el pleno empleo\u201d; \u201cPorque no est\u00e1 todo hecho\u201d; \u201cLa octava potencia econ\u00f3mica, la primera en derechos sociales\u201d; \u201cAhora que avanzamos, por qu\u00e9 retroceder\u201d y \u201cPodemos llegar tan lejos como queramos\u201d. Esta es una apuesta osada en la medida en que la comunicaci\u00f3n puede perder contundencia y generar caos visual y conceptual. Con el fin de difundir su campa\u00f1a el PSOE mont\u00f3 3.500 vallas publicitarias, 8.000 carteles para cabinas telef\u00f3nicas y otros 3.000 para marquesinas y medios de transporte.<\/p>\n<p style=\"text-align: justify;\">\u00a0<\/p>\n","protected":false},"excerpt":{"rendered":"<p>Campa\u00f1a del PSOE para las elecciones de 2008. La estrategia de la campa\u00f1a grafica de afiches gira en torno a trece slogans que, seg\u00fan los estrategas, sintetizan los motivos para reelegir a Rodr\u00edguez Zapatero.\u00a0 Bajo el lema gen\u00e9rico \u201cMotivos para Creer\u201d la campa\u00f1a llama a la movilizaci\u00f3n con los siguientes textos: \u201cPor todo lo que [&hellip;]<\/p>\n","protected":false},"author":4,"featured_media":3016,"comment_status":"open","ping_status":"open","sticky":false,"template":"","format":"standard","meta":{"_et_pb_use_builder":"","_et_pb_old_content":"","_et_gb_content_width":"","advanced_seo_description":"","jetpack_seo_html_title":"","jetpack_seo_noindex":false,"footnotes":""},"categories":[5,57,23,46,10,11],"tags":[93,91,95,94,92],"class_list":["post-3017","post","type-post","status-publish","format-standard","has-post-thumbnail","hentry","category-afiches","category-campana-presidencial","category-espana","category-fotograficos","category-geo","category-temas","tag-elecciones-2008","tag-jose-luis-rodriguez-zapatero","tag-partido-socialista-espanol","tag-psoe","tag-zapatero"],"jetpack_featured_media_url":"https:\/\/i0.wp.com\/estrategica.com.co\/blog\/wp-content\/uploads\/2009\/01\/117951.jpg?fit=385%2C215&ssl=1","jetpack_shortlink":"https:\/\/wp.me\/p4wgsh-MF","jetpack-related-posts":[{"id":3001,"url":"https:\/\/estrategica.com.co\/blog\/vivimos-juntos-decidimos-juntos-motivos-para-creer\/","url_meta":{"origin":3017,"position":0},"title":"Vivimos juntos, decidimos juntos. Motivos para creer.","author":"estrategica.com","date":"enero 30, 2009","format":false,"excerpt":"Campa\u00f1a del PSOE para las elecciones de 2008. La estrategia de la campa\u00f1a grafica de afiches gira en torno a trece slogans que, seg\u00fan los estrategas, sintetizan los motivos para reelegir a Rodr\u00edguez Zapatero.\u00a0 Bajo el lema gen\u00e9rico \u201cMotivos para Creer\u201d la campa\u00f1a llama a la movilizaci\u00f3n con los siguientes\u2026","rel":"","context":"En \u00abAFICHES\u00bb","block_context":{"text":"AFICHES","link":"https:\/\/estrategica.com.co\/blog\/category\/afiches\/"},"img":{"alt_text":"","src":"https:\/\/i0.wp.com\/estrategica.com.co\/blog\/wp-content\/uploads\/2009\/01\/4.jpg?fit=1200%2C450&ssl=1&resize=350%2C200","width":350,"height":200},"classes":[]},{"id":2985,"url":"https:\/\/estrategica.com.co\/blog\/por-el-pleno-empleo-motivos-para-creer\/","url_meta":{"origin":3017,"position":1},"title":"Por el pleno empleo. Motivos para Creer.","author":"estrategica.com","date":"enero 30, 2009","format":false,"excerpt":"Campa\u00f1a del PSOE para las elecciones de 2008. La estrategia de la campa\u00f1a grafica de afiches gira en torno a trece slogans que, seg\u00fan los estrategas, sintetizan los motivos para reelegir a Rodr\u00edguez Zapatero.\u00a0 Bajo el lema gen\u00e9rico \u201cMotivos para Creer\u201d la campa\u00f1a llama a la movilizaci\u00f3n con los siguientes\u2026","rel":"","context":"En \u00abAFICHES\u00bb","block_context":{"text":"AFICHES","link":"https:\/\/estrategica.com.co\/blog\/category\/afiches\/"},"img":{"alt_text":"","src":"https:\/\/i0.wp.com\/estrategica.com.co\/blog\/wp-content\/uploads\/2009\/01\/psoe2.jpg?fit=457%2C342&ssl=1&resize=350%2C200","width":350,"height":200},"classes":[]},{"id":2988,"url":"https:\/\/estrategica.com.co\/blog\/motivos-para-creer\/","url_meta":{"origin":3017,"position":2},"title":"Motivos para creer.","author":"estrategica.com","date":"enero 30, 2009","format":false,"excerpt":"Campa\u00f1a del PSOE para las elecciones de 2008. La estrategia de la campa\u00f1a grafica de afiches gira en torno a trece slogans que, seg\u00fan los estrategas, sintetizan los motivos para reelegir a Rodr\u00edguez Zapatero.\u00a0 Bajo el lema gen\u00e9rico \u201cMotivos para Creer\u201d la campa\u00f1a llama a la movilizaci\u00f3n con los siguientes\u2026","rel":"","context":"En \u00abAFICHES\u00bb","block_context":{"text":"AFICHES","link":"https:\/\/estrategica.com.co\/blog\/category\/afiches\/"},"img":{"alt_text":"","src":"https:\/\/i0.wp.com\/estrategica.com.co\/blog\/wp-content\/uploads\/2009\/01\/1202133694088zapatero-detalledn.jpg?fit=642%2C200&ssl=1&resize=350%2C200","width":350,"height":200},"classes":[]},{"id":2998,"url":"https:\/\/estrategica.com.co\/blog\/no-es-lo-mismo-motivos-para-creer\/","url_meta":{"origin":3017,"position":3},"title":"No es lo mismo. Motivos para creer.","author":"estrategica.com","date":"enero 30, 2009","format":false,"excerpt":"Campa\u00f1a del PSOE para las elecciones de 2008. La estrategia de la campa\u00f1a grafica de afiches gira en torno a trece slogans que, seg\u00fan los estrategas, sintetizan los motivos para reelegir a Rodr\u00edguez Zapatero.\u00a0 Bajo el lema gen\u00e9rico \u201cMotivos para Creer\u201d la campa\u00f1a llama a la movilizaci\u00f3n con los siguientes\u2026","rel":"","context":"En \u00abAFICHES\u00bb","block_context":{"text":"AFICHES","link":"https:\/\/estrategica.com.co\/blog\/category\/afiches\/"},"img":{"alt_text":"","src":"https:\/\/i0.wp.com\/estrategica.com.co\/blog\/wp-content\/uploads\/2009\/01\/5.jpg?fit=1200%2C450&ssl=1&resize=350%2C200","width":350,"height":200},"classes":[]},{"id":3007,"url":"https:\/\/estrategica.com.co\/blog\/motivos-para-creer-2\/","url_meta":{"origin":3017,"position":4},"title":"Motivos para creer.","author":"estrategica.com","date":"enero 30, 2009","format":false,"excerpt":"Campa\u00f1a del PSOE para las elecciones de 2008. La estrategia de la campa\u00f1a grafica de afiches gira en torno a trece slogans que, seg\u00fan los estrategas, sintetizan los motivos para reelegir a Rodr\u00edguez Zapatero.\u00a0 Bajo el lema gen\u00e9rico \u201cMotivos para Creer\u201d la campa\u00f1a llama a la movilizaci\u00f3n con los siguientes\u2026","rel":"","context":"En \u00abAFICHES\u00bb","block_context":{"text":"AFICHES","link":"https:\/\/estrategica.com.co\/blog\/category\/afiches\/"},"img":{"alt_text":"","src":"https:\/\/i0.wp.com\/estrategica.com.co\/blog\/wp-content\/uploads\/2009\/01\/6jpg.jpg?fit=359%2C846&ssl=1&resize=350%2C200","width":350,"height":200},"classes":[]},{"id":3010,"url":"https:\/\/estrategica.com.co\/blog\/porque-lo-estamos-consiguiendo-motivos-para-creer\/","url_meta":{"origin":3017,"position":5},"title":"Porque lo estamos consiguiendo. Motivos para creer.","author":"estrategica.com","date":"enero 30, 2009","format":false,"excerpt":"Campa\u00f1a del PSOE para las elecciones de 2008. La estrategia de la campa\u00f1a grafica de afiches gira en torno a trece slogans que, seg\u00fan los estrategas, sintetizan los motivos para reelegir a Rodr\u00edguez Zapatero.\u00a0 Bajo el lema gen\u00e9rico \u201cMotivos para Creer\u201d la campa\u00f1a llama a la movilizaci\u00f3n con los siguientes\u2026","rel":"","context":"En \u00abAFICHES\u00bb","block_context":{"text":"AFICHES","link":"https:\/\/estrategica.com.co\/blog\/category\/afiches\/"},"img":{"alt_text":"","src":"https:\/\/i0.wp.com\/estrategica.com.co\/blog\/wp-content\/uploads\/2009\/01\/7.jpg?fit=402%2C934&ssl=1&resize=350%2C200","width":350,"height":200},"classes":[]}],"jetpack_sharing_enabled":true,"_links":{"self":[{"href":"https:\/\/estrategica.com.co\/blog\/wp-json\/wp\/v2\/posts\/3017","targetHints":{"allow":["GET"]}}],"collection":[{"href":"https:\/\/estrategica.com.co\/blog\/wp-json\/wp\/v2\/posts"}],"about":[{"href":"https:\/\/estrategica.com.co\/blog\/wp-json\/wp\/v2\/types\/post"}],"author":[{"embeddable":true,"href":"https:\/\/estrategica.com.co\/blog\/wp-json\/wp\/v2\/users\/4"}],"replies":[{"embeddable":true,"href":"https:\/\/estrategica.com.co\/blog\/wp-json\/wp\/v2\/comments?post=3017"}],"version-history":[{"count":2,"href":"https:\/\/estrategica.com.co\/blog\/wp-json\/wp\/v2\/posts\/3017\/revisions"}],"predecessor-version":[{"id":7084,"href":"https:\/\/estrategica.com.co\/blog\/wp-json\/wp\/v2\/posts\/3017\/revisions\/7084"}],"wp:featuredmedia":[{"embeddable":true,"href":"https:\/\/estrategica.com.co\/blog\/wp-json\/wp\/v2\/media\/3016"}],"wp:attachment":[{"href":"https:\/\/estrategica.com.co\/blog\/wp-json\/wp\/v2\/media?parent=3017"}],"wp:term":[{"taxonomy":"category","embeddable":true,"href":"https:\/\/estrategica.com.co\/blog\/wp-json\/wp\/v2\/categories?post=3017"},{"taxonomy":"post_tag","embeddable":true,"href":"https:\/\/estrategica.com.co\/blog\/wp-json\/wp\/v2\/tags?post=3017"}],"curies":[{"name":"wp","href":"https:\/\/api.w.org\/{rel}","templated":true}]}}