{"id":3029,"date":"2009-01-31T00:56:46","date_gmt":"2009-01-31T00:56:46","guid":{"rendered":"http:\/\/estrategica.com.co\/blog\/?p=3029"},"modified":"2009-01-31T00:56:46","modified_gmt":"2009-01-31T00:56:46","slug":"iu-decide","status":"publish","type":"post","link":"https:\/\/estrategica.com.co\/blog\/iu-decide\/","title":{"rendered":"IU DECIDE"},"content":{"rendered":"<p><img loading=\"lazy\" decoding=\"async\" data-attachment-id=\"3028\" data-permalink=\"https:\/\/estrategica.com.co\/blog\/iu-decide\/96_iu_decide\/\" data-orig-file=\"https:\/\/i0.wp.com\/estrategica.com.co\/blog\/wp-content\/uploads\/2009\/01\/96_iu_decide.jpg?fit=343%2C437&amp;ssl=1\" data-orig-size=\"343,437\" data-comments-opened=\"1\" data-image-meta=\"{&quot;aperture&quot;:&quot;0&quot;,&quot;credit&quot;:&quot;&quot;,&quot;camera&quot;:&quot;&quot;,&quot;caption&quot;:&quot;&quot;,&quot;created_timestamp&quot;:&quot;0&quot;,&quot;copyright&quot;:&quot;&quot;,&quot;focal_length&quot;:&quot;0&quot;,&quot;iso&quot;:&quot;0&quot;,&quot;shutter_speed&quot;:&quot;0&quot;,&quot;title&quot;:&quot;&quot;}\" data-image-title=\"96_iu_decide\" data-image-description=\"\" data-image-caption=\"\" data-medium-file=\"https:\/\/i0.wp.com\/estrategica.com.co\/blog\/wp-content\/uploads\/2009\/01\/96_iu_decide.jpg?fit=235%2C300&amp;ssl=1\" data-large-file=\"https:\/\/i0.wp.com\/estrategica.com.co\/blog\/wp-content\/uploads\/2009\/01\/96_iu_decide.jpg?fit=343%2C437&amp;ssl=1\" class=\"alignnone size-full wp-image-3028\" title=\"96_iu_decide\" src=\"https:\/\/i0.wp.com\/estrategica.com.co\/blog\/wp-content\/uploads\/2009\/01\/96_iu_decide.jpg?resize=343%2C437\" alt=\"96_iu_decide\" width=\"343\" height=\"437\" srcset=\"https:\/\/i0.wp.com\/estrategica.com.co\/blog\/wp-content\/uploads\/2009\/01\/96_iu_decide.jpg?w=343&amp;ssl=1 343w, https:\/\/i0.wp.com\/estrategica.com.co\/blog\/wp-content\/uploads\/2009\/01\/96_iu_decide.jpg?resize=235%2C300&amp;ssl=1 235w\" sizes=\"(max-width: 343px) 100vw, 343px\" data-recalc-dims=\"1\" \/><\/p>\n<p><span style=\"font-family: Times New Roman;\"><span style=\"mso-ansi-language: ES-CO;\" lang=\"ES-CO\"><span style=\"font-size: small;\"><\/p>\n<p class=\"MsoNormal\" style=\"margin: 0cm 0cm 0pt; text-align: justify;\"><span style=\"mso-ansi-language: ES-CO;\" lang=\"ES-CO\">Campa\u00f1a de Izquierda Unida para las elecciones de 1996. La estrategia de Julio Anguita, candidato del partido, esta dirigida a valorizar a capacidad decisoria del partido para inclinar la balanza hacia el PSOE o el PP. Estas elecciones se convirtieron en el mayor \u00e9xito electoral de la coalici\u00f3n, obtuvo 21 diputados y la tercera votaci\u00f3n. Anguita dirige sus ataques de campa\u00f1a el gobierno socialista facilitando as\u00ed el ascenso del Partido Popular al poder. Desarrolla la teor\u00eda de \u201clas dos orillas\u201d al decir que el PSOE e Izquierda Unida se encuentran en orillas separadas y enfrentadas, pues el primero representa la corrupci\u00f3n y el desgobierno. La estrategia es debilitar al partido socialista para debilitarlo y canalizar hacia sus filas a los socialistas desencantados. La estrategia result\u00f3, el partido obtuvo <\/span><span style=\"font-size: 11.5pt;\">2,639,774 votos y sac\u00f3 del poder al PSOE. El afiche no es muy llamativo. La foto no trasmite una imagen agradable o con un mensaje rentable en comunicaci\u00f3n. El slogan simplemente testimonia una realidad de mec\u00e1nica electoral real pero poco inspirador.<\/span><\/p>\n<p class=\"MsoNormal\" style=\"margin: 0cm 0cm 0pt; text-align: justify;\">\u00a0<\/p>\n<p><\/span><\/span><\/span><\/p>\n<p class=\"MsoNormal\" style=\"margin: 0cm 0cm 0pt; text-align: justify;\"><span style=\"font-family: Times New Roman;\"><\/span><span style=\"mso-ansi-language: ES-CO;\" lang=\"ES-CO\"><\/span><\/p>\n","protected":false},"excerpt":{"rendered":"<p>Campa\u00f1a de Izquierda Unida para las elecciones de 1996. La estrategia de Julio Anguita, candidato del partido, esta dirigida a valorizar a capacidad decisoria del partido para inclinar la balanza hacia el PSOE o el PP. Estas elecciones se convirtieron en el mayor \u00e9xito electoral de la coalici\u00f3n, obtuvo 21 diputados y la tercera votaci\u00f3n. [&hellip;]<\/p>\n","protected":false},"author":4,"featured_media":3028,"comment_status":"open","ping_status":"open","sticky":false,"template":"","format":"standard","meta":{"_et_pb_use_builder":"","_et_pb_old_content":"","_et_gb_content_width":"","advanced_seo_description":"","jetpack_seo_html_title":"","jetpack_seo_noindex":false,"footnotes":""},"categories":[5,57,23,46,10,11],"tags":[206,193,205],"class_list":["post-3029","post","type-post","status-publish","format-standard","has-post-thumbnail","hentry","category-afiches","category-campana-presidencial","category-espana","category-fotograficos","category-geo","category-temas","tag-elecciones-1996","tag-izquierda-unida","tag-julio-anguita"],"jetpack_featured_media_url":"https:\/\/i0.wp.com\/estrategica.com.co\/blog\/wp-content\/uploads\/2009\/01\/96_iu_decide.jpg?fit=343%2C437&ssl=1","jetpack_shortlink":"https:\/\/wp.me\/p4wgsh-MR","jetpack-related-posts":[{"id":3032,"url":"https:\/\/estrategica.com.co\/blog\/iu-si\/","url_meta":{"origin":3029,"position":0},"title":"IU, S\u00cd","author":"estrategica.com","date":"enero 31, 2009","format":false,"excerpt":"Campa\u00f1a de Izquierda Unida para las elecciones de 1993. El candidato a la Presidencia Julio Anguita se presenta a estas elecciones con un gobierno socialista desgastado y un Partido Popular en ascenso. En estos comicios el desgaste del PSOE comenz\u00f3 dando origen a un proceso que culminar\u00eda en 1996 con\u2026","rel":"","context":"En \u00abAFICHES\u00bb","block_context":{"text":"AFICHES","link":"https:\/\/estrategica.com.co\/blog\/category\/afiches\/"},"img":{"alt_text":"","src":"https:\/\/i0.wp.com\/estrategica.com.co\/blog\/wp-content\/uploads\/2009\/01\/93_iu_alternativa_necesaria.jpg?fit=350%2C510&ssl=1&resize=350%2C200","width":350,"height":200},"classes":[]},{"id":3045,"url":"https:\/\/estrategica.com.co\/blog\/iu-si-2\/","url_meta":{"origin":3029,"position":1},"title":"IU, S\u00cd","author":"estrategica.com","date":"enero 31, 2009","format":false,"excerpt":"Campa\u00f1a de Izquierda Unida para las elecciones de 1993. El candidato a la Presidencia Julio Anguita se presenta a estas elecciones con un gobierno socialista desgastado y un Partido Popular en ascenso. En estos comicios el desgaste del PSOE comenz\u00f3 dando origen a un proceso que culminar\u00eda en 1996 con\u2026","rel":"","context":"En \u00abAFICHES\u00bb","block_context":{"text":"AFICHES","link":"https:\/\/estrategica.com.co\/blog\/category\/afiches\/"},"img":{"alt_text":"","src":"https:\/\/i0.wp.com\/estrategica.com.co\/blog\/wp-content\/uploads\/2009\/01\/116879161.jpg?fit=393%2C354&ssl=1&resize=350%2C200","width":350,"height":200},"classes":[]},{"id":3426,"url":"https:\/\/estrategica.com.co\/blog\/%c2%a1palabra\/","url_meta":{"origin":3029,"position":2},"title":"\u00a1Palabra!","author":"estrategica.com","date":"febrero 5, 2009","format":false,"excerpt":"Afiche de campa\u00f1a del Partido Popular para las elecciones de 1989. En la grafica aparece el candidato, Jos\u00e9 Mar\u00eda Aznar, sonriendo en un escenario buc\u00f3lico de cielo azul y prados verdes. El slogan de campa\u00f1a \u201c\u00a1Palabra!\u201d. El PP se estrena como partido en estas elecciones despu\u00e9s de su refundaci\u00f3n ese\u2026","rel":"","context":"En \u00abAFICHES\u00bb","block_context":{"text":"AFICHES","link":"https:\/\/estrategica.com.co\/blog\/category\/afiches\/"},"img":{"alt_text":"","src":"https:\/\/i0.wp.com\/estrategica.com.co\/blog\/wp-content\/uploads\/2009\/02\/pp1989.jpg?fit=300%2C473&ssl=1&resize=350%2C200","width":350,"height":200},"classes":[]},{"id":7018,"url":"https:\/\/estrategica.com.co\/blog\/aznar-en-familia\/","url_meta":{"origin":3029,"position":3},"title":"Aznar en familia","author":"Juliana","date":"marzo 19, 2009","format":false,"excerpt":"[hana-flv-player video=\"\/blog\/wp-content\/uploads\/2009\/01\/videos_varios_f\/Aznar_y_su_familia_en_1989.flv\" width=\"550\" height=\"\" description=\"Aznar en familia\" clickurl=\"\" clicktarget=\"\" player=\"4\" autoplay=\"false\" loop=\"false\" autorewind=\"true\" splashimage=\"\" skin=\"\" \/] [icon color=\"Accent-Color\" size=\"regular\" image=\"steadysets-icon-chat\"] Contexto Video de campa\u00f1a del Partido Popular para las elecciones de 1989. En la grafica aparece el candidato, Jos\u00e9 Mar\u00eda Aznar, en sus rutinas de vida familiar, con su esposa\u2026","rel":"","context":"En \u00abCampa\u00f1a Presidencial\u00bb","block_context":{"text":"Campa\u00f1a Presidencial","link":"https:\/\/estrategica.com.co\/blog\/category\/temas\/campana-presidencial\/"},"img":{"alt_text":"","src":"https:\/\/i0.wp.com\/estrategica.com.co\/blog\/wp-content\/uploads\/2009\/03\/aznar_y_su_familia_en_1989_thumb.png?fit=334%2C254&ssl=1&resize=350%2C200","width":350,"height":200},"classes":[]},{"id":2982,"url":"https:\/\/estrategica.com.co\/blog\/llamazares-mas-izquierda\/","url_meta":{"origin":3029,"position":4},"title":"LLAMAZARES M\u00c1S IZQUIERDA","author":"estrategica.com","date":"enero 30, 2009","format":false,"excerpt":"Campa\u00f1a de Izquierda Unida para las elecciones generales de 2008. El afiche muestra, en primer plano, la imagen de Gaspar Llamazares, l\u00edder y candidato de Izquierda Unida. La acci\u00f3n gira en torno a profundizar el discurso de izquierda Espa\u00f1ol con el fin de diferenciarse del discurso del PSOE. El slogan\u2026","rel":"","context":"En \u00abAFICHES\u00bb","block_context":{"text":"AFICHES","link":"https:\/\/estrategica.com.co\/blog\/category\/afiches\/"},"img":{"alt_text":"","src":"https:\/\/i0.wp.com\/estrategica.com.co\/blog\/wp-content\/uploads\/2009\/01\/iu.jpg?fit=458%2C326&ssl=1&resize=350%2C200","width":350,"height":200},"classes":[]},{"id":3423,"url":"https:\/\/estrategica.com.co\/blog\/con-la-nueva-mayoria\/","url_meta":{"origin":3029,"position":5},"title":"CON LA NUEVA MAYORIA","author":"estrategica.com","date":"febrero 5, 2009","format":false,"excerpt":"Afiche de campa\u00f1a del Partido Popular para las elecciones de 1996. En la grafica aparece el candidato, Jos\u00e9 Mar\u00eda Aznar, en una actitud tranquila, mirando al elector a los ojos. El slogan de campa\u00f1a \u201cCon la Nueva Mayor\u00eda\u201d pretend\u00eda persuadir a los grandes segmentos poblacionales \u00a0que, seg\u00fan las encuestas, estaban\u2026","rel":"","context":"En \u00abAFICHES\u00bb","block_context":{"text":"AFICHES","link":"https:\/\/estrategica.com.co\/blog\/category\/afiches\/"},"img":{"alt_text":"","src":"https:\/\/i0.wp.com\/estrategica.com.co\/blog\/wp-content\/uploads\/2009\/02\/pp1996.jpg?fit=300%2C440&ssl=1&resize=350%2C200","width":350,"height":200},"classes":[]}],"jetpack_sharing_enabled":true,"_links":{"self":[{"href":"https:\/\/estrategica.com.co\/blog\/wp-json\/wp\/v2\/posts\/3029","targetHints":{"allow":["GET"]}}],"collection":[{"href":"https:\/\/estrategica.com.co\/blog\/wp-json\/wp\/v2\/posts"}],"about":[{"href":"https:\/\/estrategica.com.co\/blog\/wp-json\/wp\/v2\/types\/post"}],"author":[{"embeddable":true,"href":"https:\/\/estrategica.com.co\/blog\/wp-json\/wp\/v2\/users\/4"}],"replies":[{"embeddable":true,"href":"https:\/\/estrategica.com.co\/blog\/wp-json\/wp\/v2\/comments?post=3029"}],"version-history":[{"count":1,"href":"https:\/\/estrategica.com.co\/blog\/wp-json\/wp\/v2\/posts\/3029\/revisions"}],"predecessor-version":[{"id":3030,"href":"https:\/\/estrategica.com.co\/blog\/wp-json\/wp\/v2\/posts\/3029\/revisions\/3030"}],"wp:featuredmedia":[{"embeddable":true,"href":"https:\/\/estrategica.com.co\/blog\/wp-json\/wp\/v2\/media\/3028"}],"wp:attachment":[{"href":"https:\/\/estrategica.com.co\/blog\/wp-json\/wp\/v2\/media?parent=3029"}],"wp:term":[{"taxonomy":"category","embeddable":true,"href":"https:\/\/estrategica.com.co\/blog\/wp-json\/wp\/v2\/categories?post=3029"},{"taxonomy":"post_tag","embeddable":true,"href":"https:\/\/estrategica.com.co\/blog\/wp-json\/wp\/v2\/tags?post=3029"}],"curies":[{"name":"wp","href":"https:\/\/api.w.org\/{rel}","templated":true}]}}