{"id":3032,"date":"2009-01-31T01:11:41","date_gmt":"2009-01-31T01:11:41","guid":{"rendered":"http:\/\/estrategica.com.co\/blog\/?p=3032"},"modified":"2009-01-31T01:11:41","modified_gmt":"2009-01-31T01:11:41","slug":"iu-si","status":"publish","type":"post","link":"https:\/\/estrategica.com.co\/blog\/iu-si\/","title":{"rendered":"IU, S\u00cd"},"content":{"rendered":"<p><img loading=\"lazy\" decoding=\"async\" data-attachment-id=\"3031\" data-permalink=\"https:\/\/estrategica.com.co\/blog\/iu-si\/93_iu_alternativa_necesaria\/\" data-orig-file=\"https:\/\/i0.wp.com\/estrategica.com.co\/blog\/wp-content\/uploads\/2009\/01\/93_iu_alternativa_necesaria.jpg?fit=350%2C510&amp;ssl=1\" data-orig-size=\"350,510\" data-comments-opened=\"1\" data-image-meta=\"{&quot;aperture&quot;:&quot;0&quot;,&quot;credit&quot;:&quot;&quot;,&quot;camera&quot;:&quot;&quot;,&quot;caption&quot;:&quot;&quot;,&quot;created_timestamp&quot;:&quot;0&quot;,&quot;copyright&quot;:&quot;&quot;,&quot;focal_length&quot;:&quot;0&quot;,&quot;iso&quot;:&quot;0&quot;,&quot;shutter_speed&quot;:&quot;0&quot;,&quot;title&quot;:&quot;&quot;}\" data-image-title=\"93_iu_alternativa_necesaria\" data-image-description=\"\" data-image-caption=\"\" data-medium-file=\"https:\/\/i0.wp.com\/estrategica.com.co\/blog\/wp-content\/uploads\/2009\/01\/93_iu_alternativa_necesaria.jpg?fit=205%2C300&amp;ssl=1\" data-large-file=\"https:\/\/i0.wp.com\/estrategica.com.co\/blog\/wp-content\/uploads\/2009\/01\/93_iu_alternativa_necesaria.jpg?fit=350%2C510&amp;ssl=1\" class=\"alignnone size-full wp-image-3031\" title=\"93_iu_alternativa_necesaria\" src=\"https:\/\/i0.wp.com\/estrategica.com.co\/blog\/wp-content\/uploads\/2009\/01\/93_iu_alternativa_necesaria.jpg?resize=350%2C510\" alt=\"93_iu_alternativa_necesaria\" width=\"350\" height=\"510\" srcset=\"https:\/\/i0.wp.com\/estrategica.com.co\/blog\/wp-content\/uploads\/2009\/01\/93_iu_alternativa_necesaria.jpg?w=350&amp;ssl=1 350w, https:\/\/i0.wp.com\/estrategica.com.co\/blog\/wp-content\/uploads\/2009\/01\/93_iu_alternativa_necesaria.jpg?resize=205%2C300&amp;ssl=1 205w\" sizes=\"(max-width: 350px) 100vw, 350px\" data-recalc-dims=\"1\" \/><\/p>\n<p class=\"MsoNormal\" style=\"margin: 0cm 0cm 0pt; text-align: justify;\"><span style=\"mso-ansi-language: ES-CO;\" lang=\"ES-CO\"><span style=\"font-size: small;\"><span style=\"font-family: Times New Roman;\">Campa\u00f1a de Izquierda Unida para las elecciones de 1993. El candidato a la Presidencia Julio Anguita se presenta a estas elecciones con un gobierno socialista desgastado y un Partido Popular en ascenso. En estos comicios el desgaste del PSOE comenz\u00f3 dando origen a un proceso que culminar\u00eda en 1996 con el ascenso al poder del PP. La estrategia de Anguila es la de seducir a los izquierdistas que se encuentran desencantados del gobierno socialista pero no votar\u00edan por la derecha. El slogan \u201cIU, S\u00cd\u201d es llamativo y trata de introducir un elemento emocional positivo en un entorno desencantado. La imagen de Anguita no es muy atractiva ni el gesto es acorde al slogan. La mueca de desencanto no trasmite la fuerza del \u201cS\u00cd\u201d que pretenden posicionar. <\/span><\/span><\/span><\/p>\n<p class=\"MsoNormal\" style=\"margin: 0cm 0cm 0pt; text-align: justify;\"><span style=\"mso-ansi-language: ES-CO;\" lang=\"ES-CO\"><span style=\"font-size: small;\"><span style=\"font-family: Times New Roman;\"><\/span><\/span><\/span><\/p>\n","protected":false},"excerpt":{"rendered":"<p>Campa\u00f1a de Izquierda Unida para las elecciones de 1993. El candidato a la Presidencia Julio Anguita se presenta a estas elecciones con un gobierno socialista desgastado y un Partido Popular en ascenso. En estos comicios el desgaste del PSOE comenz\u00f3 dando origen a un proceso que culminar\u00eda en 1996 con el ascenso al poder del [&hellip;]<\/p>\n","protected":false},"author":4,"featured_media":3031,"comment_status":"open","ping_status":"open","sticky":false,"template":"","format":"standard","meta":{"_et_pb_use_builder":"","_et_pb_old_content":"","_et_gb_content_width":"","advanced_seo_description":"","jetpack_seo_html_title":"","jetpack_seo_noindex":false,"footnotes":""},"categories":[5,57,23,46,10,11],"tags":[157,193,205],"class_list":["post-3032","post","type-post","status-publish","format-standard","has-post-thumbnail","hentry","category-afiches","category-campana-presidencial","category-espana","category-fotograficos","category-geo","category-temas","tag-elecciones-1993","tag-izquierda-unida","tag-julio-anguita"],"jetpack_featured_media_url":"https:\/\/i0.wp.com\/estrategica.com.co\/blog\/wp-content\/uploads\/2009\/01\/93_iu_alternativa_necesaria.jpg?fit=350%2C510&ssl=1","jetpack_shortlink":"https:\/\/wp.me\/p4wgsh-MU","jetpack-related-posts":[{"id":3045,"url":"https:\/\/estrategica.com.co\/blog\/iu-si-2\/","url_meta":{"origin":3032,"position":0},"title":"IU, S\u00cd","author":"estrategica.com","date":"enero 31, 2009","format":false,"excerpt":"Campa\u00f1a de Izquierda Unida para las elecciones de 1993. El candidato a la Presidencia Julio Anguita se presenta a estas elecciones con un gobierno socialista desgastado y un Partido Popular en ascenso. En estos comicios el desgaste del PSOE comenz\u00f3 dando origen a un proceso que culminar\u00eda en 1996 con\u2026","rel":"","context":"En \u00abAFICHES\u00bb","block_context":{"text":"AFICHES","link":"https:\/\/estrategica.com.co\/blog\/category\/afiches\/"},"img":{"alt_text":"","src":"https:\/\/i0.wp.com\/estrategica.com.co\/blog\/wp-content\/uploads\/2009\/01\/116879161.jpg?fit=393%2C354&ssl=1&resize=350%2C200","width":350,"height":200},"classes":[]},{"id":3029,"url":"https:\/\/estrategica.com.co\/blog\/iu-decide\/","url_meta":{"origin":3032,"position":1},"title":"IU DECIDE","author":"estrategica.com","date":"enero 31, 2009","format":false,"excerpt":"Campa\u00f1a de Izquierda Unida para las elecciones de 1996. La estrategia de Julio Anguita, candidato del partido, esta dirigida a valorizar a capacidad decisoria del partido para inclinar la balanza hacia el PSOE o el PP. Estas elecciones se convirtieron en el mayor \u00e9xito electoral de la coalici\u00f3n, obtuvo 21\u2026","rel":"","context":"En \u00abAFICHES\u00bb","block_context":{"text":"AFICHES","link":"https:\/\/estrategica.com.co\/blog\/category\/afiches\/"},"img":{"alt_text":"","src":"https:\/\/i0.wp.com\/estrategica.com.co\/blog\/wp-content\/uploads\/2009\/01\/96_iu_decide.jpg?fit=343%2C437&ssl=1&resize=350%2C200","width":350,"height":200},"classes":[]},{"id":3426,"url":"https:\/\/estrategica.com.co\/blog\/%c2%a1palabra\/","url_meta":{"origin":3032,"position":2},"title":"\u00a1Palabra!","author":"estrategica.com","date":"febrero 5, 2009","format":false,"excerpt":"Afiche de campa\u00f1a del Partido Popular para las elecciones de 1989. En la grafica aparece el candidato, Jos\u00e9 Mar\u00eda Aznar, sonriendo en un escenario buc\u00f3lico de cielo azul y prados verdes. El slogan de campa\u00f1a \u201c\u00a1Palabra!\u201d. El PP se estrena como partido en estas elecciones despu\u00e9s de su refundaci\u00f3n ese\u2026","rel":"","context":"En \u00abAFICHES\u00bb","block_context":{"text":"AFICHES","link":"https:\/\/estrategica.com.co\/blog\/category\/afiches\/"},"img":{"alt_text":"","src":"https:\/\/i0.wp.com\/estrategica.com.co\/blog\/wp-content\/uploads\/2009\/02\/pp1989.jpg?fit=300%2C473&ssl=1&resize=350%2C200","width":350,"height":200},"classes":[]},{"id":7018,"url":"https:\/\/estrategica.com.co\/blog\/aznar-en-familia\/","url_meta":{"origin":3032,"position":3},"title":"Aznar en familia","author":"Juliana","date":"marzo 19, 2009","format":false,"excerpt":"[hana-flv-player video=\"\/blog\/wp-content\/uploads\/2009\/01\/videos_varios_f\/Aznar_y_su_familia_en_1989.flv\" width=\"550\" height=\"\" description=\"Aznar en familia\" clickurl=\"\" clicktarget=\"\" player=\"4\" autoplay=\"false\" loop=\"false\" autorewind=\"true\" splashimage=\"\" skin=\"\" \/] [icon color=\"Accent-Color\" size=\"regular\" image=\"steadysets-icon-chat\"] Contexto Video de campa\u00f1a del Partido Popular para las elecciones de 1989. En la grafica aparece el candidato, Jos\u00e9 Mar\u00eda Aznar, en sus rutinas de vida familiar, con su esposa\u2026","rel":"","context":"En \u00abCampa\u00f1a Presidencial\u00bb","block_context":{"text":"Campa\u00f1a Presidencial","link":"https:\/\/estrategica.com.co\/blog\/category\/temas\/campana-presidencial\/"},"img":{"alt_text":"","src":"https:\/\/i0.wp.com\/estrategica.com.co\/blog\/wp-content\/uploads\/2009\/03\/aznar_y_su_familia_en_1989_thumb.png?fit=334%2C254&ssl=1&resize=350%2C200","width":350,"height":200},"classes":[]},{"id":11713,"url":"https:\/\/estrategica.com.co\/blog\/hombre-en-el-bano-iu\/","url_meta":{"origin":3032,"position":4},"title":"Hombre en el Ba\u00f1o &#8211; IU","author":"Juliana","date":"abril 25, 2009","format":false,"excerpt":"[hana-flv-player video=\"\/blog\/wp-content\/uploads\/2009\/01\/carpeta_muchos_varios\/EspanaIzquierdaUnida.flv\" width=\"550\" height=\"\" description=\"Hombre en el Ba\u00f1o - IU\" clickurl=\"\" clicktarget=\"\" player=\"4\" autoplay=\"false\" loop=\"false\" autorewind=\"true\" splashimage=\"\" skin=\"\" \/] [icon color=\"Accent-Color\" size=\"regular\" image=\"steadysets-icon-chat\"] Contexto Campa\u00f1a de Izquierda Unida para las elecciones generales de 2008. La pieza trata de evidenciar como el discurso de Izquierda Unida es atractivo para el ciudadano\u2026","rel":"","context":"En \u00abCampa\u00f1a Presidencial\u00bb","block_context":{"text":"Campa\u00f1a Presidencial","link":"https:\/\/estrategica.com.co\/blog\/category\/temas\/campana-presidencial\/"},"img":{"alt_text":"","src":"https:\/\/i0.wp.com\/estrategica.com.co\/blog\/wp-content\/uploads\/2009\/04\/espanaizquierdaunida_thumb.png?fit=346%2C219&ssl=1&resize=350%2C200","width":350,"height":200},"classes":[]},{"id":11670,"url":"https:\/\/estrategica.com.co\/blog\/honestidad-total-iu\/","url_meta":{"origin":3032,"position":5},"title":"Honestidad Total &#8211; IU","author":"Juliana","date":"abril 25, 2009","format":false,"excerpt":"[hana-flv-player video=\"\/blog\/wp-content\/uploads\/2009\/01\/carpeta_muchos_varios\/EspanaAndaluciaIzquierdaUnida2007.flv\" width=\"550\" height=\"\" description=\"Honestidad Total - IU\" clickurl=\"\" clicktarget=\"\" player=\"4\" autoplay=\"false\" loop=\"false\" autorewind=\"true\" splashimage=\"\" skin=\"\" \/] [icon color=\"Accent-Color\" size=\"regular\" image=\"steadysets-icon-chat\"] Contexto Campa\u00f1a de Izquierda Unida para las elecciones municipales de Albolote en el a\u00f1o 2007. La pieza muestra a un candidato joven y a una asesora que le dice\u2026","rel":"","context":"En \u00abCampa\u00f1a Uninominal\u00bb","block_context":{"text":"Campa\u00f1a Uninominal","link":"https:\/\/estrategica.com.co\/blog\/category\/temas\/campana-uninominal\/"},"img":{"alt_text":"","src":"https:\/\/i0.wp.com\/estrategica.com.co\/blog\/wp-content\/uploads\/2009\/04\/espanaandaluciaizquierdaunida2007_thumb.png?fit=323%2C243&ssl=1&resize=350%2C200","width":350,"height":200},"classes":[]}],"jetpack_sharing_enabled":true,"_links":{"self":[{"href":"https:\/\/estrategica.com.co\/blog\/wp-json\/wp\/v2\/posts\/3032","targetHints":{"allow":["GET"]}}],"collection":[{"href":"https:\/\/estrategica.com.co\/blog\/wp-json\/wp\/v2\/posts"}],"about":[{"href":"https:\/\/estrategica.com.co\/blog\/wp-json\/wp\/v2\/types\/post"}],"author":[{"embeddable":true,"href":"https:\/\/estrategica.com.co\/blog\/wp-json\/wp\/v2\/users\/4"}],"replies":[{"embeddable":true,"href":"https:\/\/estrategica.com.co\/blog\/wp-json\/wp\/v2\/comments?post=3032"}],"version-history":[{"count":1,"href":"https:\/\/estrategica.com.co\/blog\/wp-json\/wp\/v2\/posts\/3032\/revisions"}],"predecessor-version":[{"id":3033,"href":"https:\/\/estrategica.com.co\/blog\/wp-json\/wp\/v2\/posts\/3032\/revisions\/3033"}],"wp:featuredmedia":[{"embeddable":true,"href":"https:\/\/estrategica.com.co\/blog\/wp-json\/wp\/v2\/media\/3031"}],"wp:attachment":[{"href":"https:\/\/estrategica.com.co\/blog\/wp-json\/wp\/v2\/media?parent=3032"}],"wp:term":[{"taxonomy":"category","embeddable":true,"href":"https:\/\/estrategica.com.co\/blog\/wp-json\/wp\/v2\/categories?post=3032"},{"taxonomy":"post_tag","embeddable":true,"href":"https:\/\/estrategica.com.co\/blog\/wp-json\/wp\/v2\/tags?post=3032"}],"curies":[{"name":"wp","href":"https:\/\/api.w.org\/{rel}","templated":true}]}}