{"id":3051,"date":"2009-01-31T03:24:53","date_gmt":"2009-01-31T03:24:53","guid":{"rendered":"http:\/\/estrategica.com.co\/blog\/?p=3051"},"modified":"2009-01-31T03:24:53","modified_gmt":"2009-01-31T03:24:53","slug":"es-hora-de-soluciones","status":"publish","type":"post","link":"https:\/\/estrategica.com.co\/blog\/es-hora-de-soluciones\/","title":{"rendered":"ES HORA DE SOLUCIONES"},"content":{"rendered":"<p><img loading=\"lazy\" decoding=\"async\" data-attachment-id=\"3050\" data-permalink=\"https:\/\/estrategica.com.co\/blog\/es-hora-de-soluciones\/alianza-popular-1982\/\" data-orig-file=\"https:\/\/i0.wp.com\/estrategica.com.co\/blog\/wp-content\/uploads\/2009\/01\/alianza-popular-1982.jpg?fit=300%2C425&amp;ssl=1\" data-orig-size=\"300,425\" data-comments-opened=\"1\" data-image-meta=\"{&quot;aperture&quot;:&quot;0&quot;,&quot;credit&quot;:&quot;&quot;,&quot;camera&quot;:&quot;&quot;,&quot;caption&quot;:&quot;&quot;,&quot;created_timestamp&quot;:&quot;0&quot;,&quot;copyright&quot;:&quot;&quot;,&quot;focal_length&quot;:&quot;0&quot;,&quot;iso&quot;:&quot;0&quot;,&quot;shutter_speed&quot;:&quot;0&quot;,&quot;title&quot;:&quot;&quot;}\" data-image-title=\"alianza-popular-1982\" data-image-description=\"\" data-image-caption=\"\" data-medium-file=\"https:\/\/i0.wp.com\/estrategica.com.co\/blog\/wp-content\/uploads\/2009\/01\/alianza-popular-1982.jpg?fit=211%2C300&amp;ssl=1\" data-large-file=\"https:\/\/i0.wp.com\/estrategica.com.co\/blog\/wp-content\/uploads\/2009\/01\/alianza-popular-1982.jpg?fit=300%2C425&amp;ssl=1\" class=\"alignnone size-full wp-image-3050\" title=\"alianza-popular-1982\" src=\"https:\/\/i0.wp.com\/estrategica.com.co\/blog\/wp-content\/uploads\/2009\/01\/alianza-popular-1982.jpg?resize=300%2C425\" alt=\"alianza-popular-1982\" width=\"300\" height=\"425\" srcset=\"https:\/\/i0.wp.com\/estrategica.com.co\/blog\/wp-content\/uploads\/2009\/01\/alianza-popular-1982.jpg?w=300&amp;ssl=1 300w, https:\/\/i0.wp.com\/estrategica.com.co\/blog\/wp-content\/uploads\/2009\/01\/alianza-popular-1982.jpg?resize=211%2C300&amp;ssl=1 211w\" sizes=\"(max-width: 300px) 100vw, 300px\" data-recalc-dims=\"1\" \/><\/p>\n<p class=\"MsoNormal\" style=\"margin: 0cm 0cm 0pt; text-align: justify;\"><span style=\"font-size: small;\"><span style=\"font-family: Times New Roman;\">Campa\u00f1a de la Alianza Popular para las elecciones generales de 1982. Los estrategas de campa\u00f1a decidieron centrar s mensaje en torno al tiempo: \u00abEs la hora de Fraga\u00bb. \u00abEs hora de soluciones\u00bb. \u00abNo es hora de dividirse\u00bb y \u00abHay horas en las que nadie debe quedarse en casa\u00bb aunque tambi\u00e9n hubo el \u00abTodos ganaremos con Fraga\u00bb. La coalici\u00f3n obtuvo el 26% de la votaci\u00f3n obteniendo 107 diputados lo cual fue todo un triunfo pues ten\u00eda 9, es decir, gano 98 esca\u00f1os. La imagen muestra a Manuel Fraga sin mirar al espectador y con una mueca que no es ni sonrisa ni gesto de preocupaci\u00f3n.\u00a0<span style=\"mso-spacerun: yes;\">\u00a0<\/span><\/span><\/span><\/p>\n<p class=\"MsoNormal\" style=\"margin: 0cm 0cm 0pt; text-align: justify;\"><span style=\"font-size: small;\"><span style=\"font-family: Times New Roman;\"><\/span><\/span><\/p>\n","protected":false},"excerpt":{"rendered":"<p>Campa\u00f1a de la Alianza Popular para las elecciones generales de 1982. Los estrategas de campa\u00f1a decidieron centrar s mensaje en torno al tiempo: \u00abEs la hora de Fraga\u00bb. \u00abEs hora de soluciones\u00bb. \u00abNo es hora de dividirse\u00bb y \u00abHay horas en las que nadie debe quedarse en casa\u00bb aunque tambi\u00e9n hubo el \u00abTodos ganaremos con [&hellip;]<\/p>\n","protected":false},"author":4,"featured_media":3050,"comment_status":"open","ping_status":"open","sticky":false,"template":"","format":"standard","meta":{"_et_pb_use_builder":"","_et_pb_old_content":"","_et_gb_content_width":"","advanced_seo_description":"","jetpack_seo_html_title":"","jetpack_seo_noindex":false,"footnotes":""},"categories":[5,57,23,46,10,11],"tags":[210,155,209],"class_list":["post-3051","post","type-post","status-publish","format-standard","has-post-thumbnail","hentry","category-afiches","category-campana-presidencial","category-espana","category-fotograficos","category-geo","category-temas","tag-alianza-popular","tag-elecciones-1982","tag-manuel-fraga"],"jetpack_featured_media_url":"https:\/\/i0.wp.com\/estrategica.com.co\/blog\/wp-content\/uploads\/2009\/01\/alianza-popular-1982.jpg?fit=300%2C425&ssl=1","jetpack_shortlink":"https:\/\/wp.me\/p4wgsh-Nd","jetpack-related-posts":[{"id":41113,"url":"https:\/\/estrategica.com.co\/blog\/ricardoalfonsinayuda\/","url_meta":{"origin":3051,"position":0},"title":"Ayuda &#8211; Alfons\u00edn","author":"Juliana","date":"marzo 31, 2014","format":false,"excerpt":"[hana-flv-player video=\"\/blog\/wp-content\/uploads\/2009\/01\/20121129\/RicardoAlfonsinAyuda.flv\" width=\"550\" height=\"\" description=\"Ayuda - Alfons\u00edn\" clickurl=\"\" clicktarget=\"\" player=\"4\" autoplay=\"false\" loop=\"false\" autorewind=\"false\" splashimage=\"\" skin=\"\" \/] [icon color=\"Accent-Color\" size=\"regular\" image=\"steadysets-icon-chat\"] Contexto Spot de la Campa\u00f1a de Ricardo Alfons\u00edn a la Presidencia de Argentina durante la contienda electoral de 2011, a nombre de la Uni\u00f3n para el Desarrollo Social. Ricardo, hijo\u2026","rel":"","context":"En \u00ab2011\u00bb","block_context":{"text":"2011","link":"https:\/\/estrategica.com.co\/blog\/category\/ano\/2011\/"},"img":{"alt_text":"","src":"https:\/\/i0.wp.com\/estrategica.com.co\/blog\/wp-content\/uploads\/2014\/03\/RicardoAlfonsinAyuda_thumb.png?fit=1035%2C548&ssl=1&resize=350%2C200","width":350,"height":200},"classes":[]},{"id":41271,"url":"https:\/\/estrategica.com.co\/blog\/spot\/","url_meta":{"origin":3051,"position":1},"title":"Le habl\u00f3 a Cristina &#8211; Alfons\u00edn","author":"Juliana","date":"marzo 31, 2014","format":false,"excerpt":"[hana-flv-player video=\"\/blog\/wp-content\/uploads\/2009\/01\/20121129\/Spot.flv\" width=\"550\" height=\"\" description=\"Le habl\u00f3 a Cristina - Alfons\u00edn \" clickurl=\"\" clicktarget=\"\" player=\"4\" autoplay=\"false\" loop=\"false\" autorewind=\"false\" splashimage=\"\" skin=\"\" \/] [icon color=\"Accent-Color\" size=\"regular\" image=\"steadysets-icon-chat\"] Contexto Spot de la Campa\u00f1a de Ricardo Alfons\u00edn a la Presidencia de Argentina durante la contienda electoral de 2011, a nombre de la Uni\u00f3n para el\u2026","rel":"","context":"En \u00ab2011\u00bb","block_context":{"text":"2011","link":"https:\/\/estrategica.com.co\/blog\/category\/ano\/2011\/"},"img":{"alt_text":"","src":"https:\/\/i0.wp.com\/estrategica.com.co\/blog\/wp-content\/uploads\/2014\/03\/Spot_thumb.png?fit=912%2C624&ssl=1&resize=350%2C200","width":350,"height":200},"classes":[]},{"id":918,"url":"https:\/\/estrategica.com.co\/blog\/por-el-cambio\/","url_meta":{"origin":3051,"position":2},"title":"Por el cambio","author":"estrategica.com","date":"enero 12, 2009","format":false,"excerpt":"Afiche de campa\u00f1a para las elecciones de 1982. Como consecuencia del Golpe de Estado de 1981, la crisis econ\u00f3mica, el desempleo y la divisi\u00f3n del partido mayoritario, la Uni\u00f3n de Centro Democr\u00e1tico, se gener\u00f3 un entorno propicio al mensaje de cambio que encarnaba en PSOE. Solo estrategas de la campa\u00f1a\u2026","rel":"","context":"En \u00abAFICHES\u00bb","block_context":{"text":"AFICHES","link":"https:\/\/estrategica.com.co\/blog\/category\/afiches\/"},"img":{"alt_text":"","src":"https:\/\/i0.wp.com\/estrategica.com.co\/blog\/wp-content\/uploads\/2009\/01\/psoe82.jpg?fit=300%2C430&ssl=1&resize=350%2C200","width":350,"height":200},"classes":[]},{"id":41105,"url":"https:\/\/estrategica.com.co\/blog\/ricardoalfonsin2011ricardoalfonsinsaludoanonuevo2011\/","url_meta":{"origin":3051,"position":3},"title":"A\u00f1o Nuevo &#8211; Alfons\u00edn","author":"Juliana","date":"marzo 31, 2014","format":false,"excerpt":"[hana-flv-player video=\"\/blog\/wp-content\/uploads\/2009\/01\/20121129\/RICARDOALFONSiN2011RicardoAlfonsinSaludoanonuevo2011.flv\" width=\"550\" height=\"\" description=\"A\u00f1o Nuevo - Alfons\u00edn\" clickurl=\"\" clicktarget=\"\" player=\"4\" autoplay=\"false\" loop=\"false\" autorewind=\"false\" splashimage=\"\" skin=\"\" \/] [icon color=\"Accent-Color\" size=\"regular\" image=\"steadysets-icon-chat\"] Contexto Spot de la Campa\u00f1a de Ricardo Alfons\u00edn a la Presidencia de Argentina durante la contienda electoral de 2011, a nombre de la Uni\u00f3n para el Desarrollo Social. Ricardo,\u2026","rel":"","context":"En \u00ab2011\u00bb","block_context":{"text":"2011","link":"https:\/\/estrategica.com.co\/blog\/category\/ano\/2011\/"},"img":{"alt_text":"","src":"https:\/\/i0.wp.com\/estrategica.com.co\/blog\/wp-content\/uploads\/2014\/03\/RICARDOALFONSiN2011RicardoAlfonsinSaludoanonuevo2011_thumb.png?fit=812%2C576&ssl=1&resize=350%2C200","width":350,"height":200},"classes":[]},{"id":7859,"url":"https:\/\/estrategica.com.co\/blog\/por-el-cambio-felipe-gonzalez\/","url_meta":{"origin":3051,"position":4},"title":"Por el Cambio &#8211; Felipe Gonzalez","author":"Juliana","date":"marzo 22, 2009","format":false,"excerpt":"[hana-flv-player video=\"\/blog\/wp-content\/uploads\/2009\/01\/videos_varios_f\/Por_el_cambio.flv\" width=\"550\" height=\"\" description=\"Por el Cambio - Felipe Gonzalez\" clickurl=\"\" clicktarget=\"\" player=\"4\" autoplay=\"false\" loop=\"false\" autorewind=\"true\" splashimage=\"\" skin=\"\" \/] [icon color=\"Accent-Color\" size=\"regular\" image=\"steadysets-icon-chat\"] Contexto Spot de campa\u00f1a para las elecciones de 1982. Como consecuencia del Golpe de Estado de 1981, la crisis econ\u00f3mica, el desempleo y la divisi\u00f3n del partido\u2026","rel":"","context":"En \u00abCampa\u00f1a Presidencial\u00bb","block_context":{"text":"Campa\u00f1a Presidencial","link":"https:\/\/estrategica.com.co\/blog\/category\/temas\/campana-presidencial\/"},"img":{"alt_text":"","src":"https:\/\/i0.wp.com\/estrategica.com.co\/blog\/wp-content\/uploads\/2009\/03\/por_el_cambio_thumb.png?fit=216%2C229&ssl=1&resize=350%2C200","width":350,"height":200},"classes":[]},{"id":14941,"url":"https:\/\/estrategica.com.co\/blog\/llego-la-hora-del-cambio-lugo\/","url_meta":{"origin":3051,"position":5},"title":"Llego la Hora del Cambio &#8211; Lugo","author":"Juliana","date":"mayo 23, 2009","format":false,"excerpt":"[hana-flv-player video=\"\/blog\/wp-content\/uploads\/2009\/01\/videos_ultimos\/av183.flv\" width=\"550\" height=\"\" description=\"Llego la Hora del Cambio - Lugo\" clickurl=\"\" clicktarget=\"\" player=\"4\" autoplay=\"false\" loop=\"false\" autorewind=\"true\" splashimage=\"\" skin=\"\" \/] [icon color=\"Accent-Color\" size=\"regular\" image=\"steadysets-icon-chat\"] Contexto Spot de la campa\u00f1a de Fernando Lugo a la Presidencia de paraguay, durante la contienda electoral de 2008. Lugo era Monse\u00f1or y se posiciono como\u2026","rel":"","context":"En \u00abCampa\u00f1a Presidencial\u00bb","block_context":{"text":"Campa\u00f1a Presidencial","link":"https:\/\/estrategica.com.co\/blog\/category\/temas\/campana-presidencial\/"},"img":{"alt_text":"","src":"https:\/\/i0.wp.com\/estrategica.com.co\/blog\/wp-content\/uploads\/2009\/05\/av183_thumb.png?fit=415%2C307&ssl=1&resize=350%2C200","width":350,"height":200},"classes":[]}],"jetpack_sharing_enabled":true,"_links":{"self":[{"href":"https:\/\/estrategica.com.co\/blog\/wp-json\/wp\/v2\/posts\/3051","targetHints":{"allow":["GET"]}}],"collection":[{"href":"https:\/\/estrategica.com.co\/blog\/wp-json\/wp\/v2\/posts"}],"about":[{"href":"https:\/\/estrategica.com.co\/blog\/wp-json\/wp\/v2\/types\/post"}],"author":[{"embeddable":true,"href":"https:\/\/estrategica.com.co\/blog\/wp-json\/wp\/v2\/users\/4"}],"replies":[{"embeddable":true,"href":"https:\/\/estrategica.com.co\/blog\/wp-json\/wp\/v2\/comments?post=3051"}],"version-history":[{"count":2,"href":"https:\/\/estrategica.com.co\/blog\/wp-json\/wp\/v2\/posts\/3051\/revisions"}],"predecessor-version":[{"id":3053,"href":"https:\/\/estrategica.com.co\/blog\/wp-json\/wp\/v2\/posts\/3051\/revisions\/3053"}],"wp:featuredmedia":[{"embeddable":true,"href":"https:\/\/estrategica.com.co\/blog\/wp-json\/wp\/v2\/media\/3050"}],"wp:attachment":[{"href":"https:\/\/estrategica.com.co\/blog\/wp-json\/wp\/v2\/media?parent=3051"}],"wp:term":[{"taxonomy":"category","embeddable":true,"href":"https:\/\/estrategica.com.co\/blog\/wp-json\/wp\/v2\/categories?post=3051"},{"taxonomy":"post_tag","embeddable":true,"href":"https:\/\/estrategica.com.co\/blog\/wp-json\/wp\/v2\/tags?post=3051"}],"curies":[{"name":"wp","href":"https:\/\/api.w.org\/{rel}","templated":true}]}}