{"id":31087,"date":"2011-12-09T20:39:01","date_gmt":"2011-12-10T01:39:01","guid":{"rendered":"http:\/\/estrategica.com.co\/blog\/?p=31087"},"modified":"2015-03-20T16:15:52","modified_gmt":"2015-03-20T21:15:52","slug":"gprogramazemaranhao","status":"publish","type":"post","link":"https:\/\/estrategica.com.co\/blog\/gprogramazemaranhao\/","title":{"rendered":"Franja Electoral &#8211; Maranhao"},"content":{"rendered":"<p> <script type='text\/javascript' src='https:\/\/estrategica.com.co\/blog\/wp-content\/plugins\/hana-flv-player\/flowplayer3\/example\/flowplayer-3.2.6.min.js'><\/script>\n<div >\n<div id='hana_flv_flow3_1' style='display:block;width:550px;height:413px;background-color:#555555;color:#ffffff;padding:0' title=\"*Video:franja electoral - maranhao\"><\/div>\n<\/div>\n\n<script  type='text\/javascript'>\nif (typeof g_hanaFlash !== 'undefined' && !g_hanaFlash){\n    jQuery('#hana_flv_flow3_1').css( 'padding', '5px' );\n\tjQuery('#hana_flv_flow3_1').html(\"<span class='inactive_message' style='display:block'>Sorry, your browser does not support Flash Video Player<\/span> *Video:franja electoral - maranhao\");\n}else{\t\t\t\n\t\tflowplayer('hana_flv_flow3_1', { src: 'https:\/\/estrategica.com.co\/blog\/wp-content\/plugins\/hana-flv-player\/flowplayer3\/flowplayer-3.2.7.swf', wmode: 'transparent' }, { \n\n\t\t\tcanvas: { backgroundColor: '#000000', backgroundGradient: 'none',},\n    \t\tclip:  { \n    \t\t\turl: '\/blog\/wp-content\/uploads\/2009\/01\/20110228\/Guia0053102010.flv',\n        \t\tscaling: 'fit', autoPlay: false, autoBuffering: true \n\n\t        }\n\n\t\t});\n}\n<\/script><br \/>\n<\/br><\/p>\n<p>[icon color=\u00bbAccent-Color\u00bb size=\u00bbregular\u00bb image=\u00bbsteadysets-icon-chat\u00bb] <strong>Contexto<\/strong><\/br><\/br><\/p>\n<p style=\"text-align: juAdd Mediastify;\">Video de la campa\u00f1a de Jos\u00e9 Maranh\u00e3o para la gobernaci\u00f3n del Estado de \u00a0Para\u00edba a nombre del \u00a0Partido de Movimiento Democr\u00e1tico Brasile\u00f1o\u00a0(PMDB) durante la contienda electoral de 2010. Maranh\u00e3o ya hab\u00eda sido en dos oportunidades gobernador y busc\u00f3 una tercera haci\u00e9ndose reelegir en el cargo, pero termina siendo derrotado en la segunda vuelta electoral por Ricardo Vieira Coutinho, el exalcalde de Jo\u00e3o Pessoa, quien obtuvo el 53,70% de los votos, contra el 46,30% de Jos\u00e9 Maranh\u00e3o.<\/p><\/p>\n","protected":false},"excerpt":{"rendered":"<p>*Video: franja electoral &#8211; maranhao [icon color=\u00bbAccent-Color\u00bb size=\u00bbregular\u00bb image=\u00bbsteadysets-icon-chat\u00bb] Contexto Video de la campa\u00f1a de Jos\u00e9 Maranh\u00e3o para la gobernaci\u00f3n del Estado de \u00a0Para\u00edba a nombre del \u00a0Partido de Movimiento Democr\u00e1tico Brasile\u00f1o\u00a0(PMDB) durante la contienda electoral de 2010. Maranh\u00e3o ya hab\u00eda sido en dos oportunidades gobernador y busc\u00f3 una tercera haci\u00e9ndose reelegir en el cargo, [&hellip;]<\/p>\n","protected":false},"author":5,"featured_media":30429,"comment_status":"open","ping_status":"open","sticky":false,"template":"","format":"standard","meta":{"_et_pb_use_builder":"","_et_pb_old_content":"","_et_gb_content_width":"","advanced_seo_description":"","jetpack_seo_html_title":"","jetpack_seo_noindex":false,"footnotes":""},"categories":[687,263,60,59,34,10,11,3],"tags":[684,942,918,950],"class_list":["post-31087","post","type-post","status-publish","format-standard","has-post-thumbnail","hentry","category-687","category-ano","category-brazil","category-campana-uninominal","category-electoral","category-geo","category-temas","category-video","tag-elecciones-2010","tag-jose-maranhao","tag-movimiento-democratico-brasileiro","tag-pmdb"],"jetpack_featured_media_url":"https:\/\/i0.wp.com\/estrategica.com.co\/blog\/wp-content\/uploads\/2011\/05\/iProgramaZeMaranhao_thumb.png?fit=875%2C494&ssl=1","jetpack_shortlink":"https:\/\/wp.me\/p4wgsh-85p","jetpack-related-posts":[{"id":30449,"url":"https:\/\/estrategica.com.co\/blog\/nprogramaze-maranhao\/","url_meta":{"origin":31087,"position":0},"title":"Franja Electoral &#8211; Maranhao","author":"Juliana","date":"diciembre 1, 2011","format":false,"excerpt":"[hana-flv-player video=\"\/blog\/wp-content\/uploads\/2009\/01\/20110228\/nProgramaZe Maranhao.flv\" width=\"550\" height\"\" description= \"Franja Electoral - Maranhao\" clickurl=\"\" clicktarget=\"\" player=\"4\" autoplay=\"false\" loop=\"false\" autorewind=\"false\" splashimage=\"\" skin=\"\" \/] [icon color=\"Accent-Color\" size=\"regular\" image=\"steadysets-icon-chat\"] Contexto Video de la campa\u00f1a de Jos\u00e9 Maranh\u00e3o para la gobernaci\u00f3n del Estado de \u00a0Para\u00edba a nombre del \u00a0Partido de Movimiento Democr\u00e1tico Brasile\u00f1o\u00a0(PMDB) durante la contienda electoral\u2026","rel":"","context":"En \u00ab2010\u00bb","block_context":{"text":"2010","link":"https:\/\/estrategica.com.co\/blog\/category\/ano\/2010\/"},"img":{"alt_text":"","src":"https:\/\/i0.wp.com\/estrategica.com.co\/blog\/wp-content\/uploads\/2011\/06\/ProgramaZeMaranhao_thumb.png?fit=839%2C450&ssl=1&resize=350%2C200","width":350,"height":200},"classes":[]},{"id":30307,"url":"https:\/\/estrategica.com.co\/blog\/guia00210102010\/","url_meta":{"origin":31087,"position":1},"title":"Franja Electoral &#8211; Maranhao","author":"Juliana","date":"diciembre 9, 2011","format":false,"excerpt":"[hana-flv-player video=\"\/blog\/wp-content\/uploads\/2009\/01\/20110228\/GUIA00210102010.flv\" width=\"550\" height\"\" description= \"Franja Electoral - Maranhao\" clickurl=\"\" clicktarget=\"\" player=\"4\" autoplay=\"false\" loop=\"false\" autorewind=\"false\" splashimage=\"\" skin=\"\" \/] [icon color=\"Accent-Color\" size=\"regular\" image=\"steadysets-icon-chat\"] Contexto Video de la campa\u00f1a de Jos\u00e9 Maranh\u00e3o para la gobernaci\u00f3n del Estado de \u00a0Para\u00edba a nombre del \u00a0Partido de Movimiento Democr\u00e1tico Brasile\u00f1o\u00a0(PMDB) durante la contienda electoral de\u2026","rel":"","context":"En \u00ab2010\u00bb","block_context":{"text":"2010","link":"https:\/\/estrategica.com.co\/blog\/category\/ano\/2010\/"},"img":{"alt_text":"","src":"https:\/\/i0.wp.com\/estrategica.com.co\/blog\/wp-content\/uploads\/2011\/05\/GUIA00210102010_thumb.png?fit=887%2C673&ssl=1&resize=350%2C200","width":350,"height":200},"classes":[]},{"id":30310,"url":"https:\/\/estrategica.com.co\/blog\/guia00109102010\/","url_meta":{"origin":31087,"position":2},"title":"Franja Electoral &#8211; Maranhao","author":"Juliana","date":"diciembre 9, 2011","format":false,"excerpt":"[hana-flv-player video=\"\/blog\/wp-content\/uploads\/2009\/01\/20110228\/GUIA00109102010.flv\" width=\"550\" height\"\" description= \"Franja Electoral - Maranhao\" clickurl=\"\" clicktarget=\"\" player=\"4\" autoplay=\"false\" loop=\"false\" autorewind=\"false\" splashimage=\"\" skin=\"\" \/] [icon color=\"Accent-Color\" size=\"regular\" image=\"steadysets-icon-chat\"] Contexto Video de la campa\u00f1a de Jos\u00e9 Maranh\u00e3o para la gobernaci\u00f3n del Estado de \u00a0Para\u00edba a nombre del \u00a0Partido de Movimiento Democr\u00e1tico Brasile\u00f1o\u00a0(PMDB) durante la contienda electoral de\u2026","rel":"","context":"En \u00ab2010\u00bb","block_context":{"text":"2010","link":"https:\/\/estrategica.com.co\/blog\/category\/ano\/2010\/"},"img":{"alt_text":"","src":"https:\/\/i0.wp.com\/estrategica.com.co\/blog\/wp-content\/uploads\/2011\/06\/ProgramaZeMaranhao_thumb.png?fit=839%2C450&ssl=1&resize=350%2C200","width":350,"height":200},"classes":[]},{"id":30313,"url":"https:\/\/estrategica.com.co\/blog\/guia00311102010\/","url_meta":{"origin":31087,"position":3},"title":"Franja Electoral &#8211; Maranhao","author":"Juliana","date":"diciembre 9, 2011","format":false,"excerpt":"[hana-flv-player video=\"\/blog\/wp-content\/uploads\/2009\/01\/20110228\/GUIA00311102010.flv\" width=\"550\" height\"\" description= \"Franja Electoral - Maranhao\" clickurl=\"\" clicktarget=\"\" player=\"4\" autoplay=\"false\" loop=\"false\" autorewind=\"false\" splashimage=\"\" skin=\"\" \/] [icon color=\"Accent-Color\" size=\"regular\" image=\"steadysets-icon-chat\"] Contexto Video de la campa\u00f1a de Jos\u00e9 Maranh\u00e3o para la gobernaci\u00f3n del Estado de \u00a0Para\u00edba a nombre del \u00a0Partido de Movimiento Democr\u00e1tico Brasile\u00f1o\u00a0(PMDB) durante la contienda electoral de\u2026","rel":"","context":"En \u00ab2010\u00bb","block_context":{"text":"2010","link":"https:\/\/estrategica.com.co\/blog\/category\/ano\/2010\/"},"img":{"alt_text":"","src":"https:\/\/i0.wp.com\/estrategica.com.co\/blog\/wp-content\/uploads\/2011\/05\/fProgramaZeMaranhao_thumb.png?fit=925%2C476&ssl=1&resize=350%2C200","width":350,"height":200},"classes":[]},{"id":30316,"url":"https:\/\/estrategica.com.co\/blog\/guia00412102010\/","url_meta":{"origin":31087,"position":4},"title":"Franja Electoral &#8211; Maranhao","author":"Juliana","date":"diciembre 9, 2011","format":false,"excerpt":"[hana-flv-player video=\"\/blog\/wp-content\/uploads\/2009\/01\/20110228\/GUIA00412102010.flv\" width=\"550\" height\"\" description= \"Franja Electoral - Maranhao\" clickurl=\"\" clicktarget=\"\" player=\"4\" autoplay=\"false\" loop=\"false\" autorewind=\"false\" splashimage=\"\" skin=\"\" \/] [icon color=\"Accent-Color\" size=\"regular\" image=\"steadysets-icon-chat\"] Contexto Video de la campa\u00f1a de Jos\u00e9 Maranh\u00e3o para la gobernaci\u00f3n del Estado de \u00a0Para\u00edba a nombre del \u00a0Partido de Movimiento Democr\u00e1tico Brasile\u00f1o\u00a0(PMDB) durante la contienda electoral de\u2026","rel":"","context":"En \u00ab2010\u00bb","block_context":{"text":"2010","link":"https:\/\/estrategica.com.co\/blog\/category\/ano\/2010\/"},"img":{"alt_text":"","src":"https:\/\/i0.wp.com\/estrategica.com.co\/blog\/wp-content\/uploads\/2011\/05\/jProgramaZeMaranhao_thumb.png?fit=888%2C476&ssl=1&resize=350%2C200","width":350,"height":200},"classes":[]},{"id":30319,"url":"https:\/\/estrategica.com.co\/blog\/guia0053102010\/","url_meta":{"origin":31087,"position":5},"title":"Franja Electoral &#8211; Maranhao","author":"Juliana","date":"diciembre 9, 2011","format":false,"excerpt":"[hana-flv-player video=\"\/blog\/wp-content\/uploads\/2009\/01\/20110228\/Guia0053102010.flv\" width=\"550\" height\"\" description= \"Franja Electoral - Maranhao\" clickurl=\"\" clicktarget=\"\" player=\"4\" autoplay=\"false\" loop=\"false\" autorewind=\"false\" splashimage=\"\" skin=\"\" \/] [icon color=\"Accent-Color\" size=\"regular\" image=\"steadysets-icon-chat\"] Contexto Video de la campa\u00f1a de Jos\u00e9 Maranh\u00e3o para la gobernaci\u00f3n del Estado de \u00a0Para\u00edba a nombre del \u00a0Partido de Movimiento Democr\u00e1tico Brasile\u00f1o\u00a0(PMDB) durante la contienda electoral de\u2026","rel":"","context":"En \u00ab2010\u00bb","block_context":{"text":"2010","link":"https:\/\/estrategica.com.co\/blog\/category\/ano\/2010\/"},"img":{"alt_text":"","src":"https:\/\/i0.wp.com\/estrategica.com.co\/blog\/wp-content\/uploads\/2011\/05\/Guia0053102010_thumb.png?fit=570%2C532&ssl=1&resize=350%2C200","width":350,"height":200},"classes":[]}],"jetpack_sharing_enabled":true,"_links":{"self":[{"href":"https:\/\/estrategica.com.co\/blog\/wp-json\/wp\/v2\/posts\/31087","targetHints":{"allow":["GET"]}}],"collection":[{"href":"https:\/\/estrategica.com.co\/blog\/wp-json\/wp\/v2\/posts"}],"about":[{"href":"https:\/\/estrategica.com.co\/blog\/wp-json\/wp\/v2\/types\/post"}],"author":[{"embeddable":true,"href":"https:\/\/estrategica.com.co\/blog\/wp-json\/wp\/v2\/users\/5"}],"replies":[{"embeddable":true,"href":"https:\/\/estrategica.com.co\/blog\/wp-json\/wp\/v2\/comments?post=31087"}],"version-history":[{"count":9,"href":"https:\/\/estrategica.com.co\/blog\/wp-json\/wp\/v2\/posts\/31087\/revisions"}],"predecessor-version":[{"id":49299,"href":"https:\/\/estrategica.com.co\/blog\/wp-json\/wp\/v2\/posts\/31087\/revisions\/49299"}],"wp:featuredmedia":[{"embeddable":true,"href":"https:\/\/estrategica.com.co\/blog\/wp-json\/wp\/v2\/media\/30429"}],"wp:attachment":[{"href":"https:\/\/estrategica.com.co\/blog\/wp-json\/wp\/v2\/media?parent=31087"}],"wp:term":[{"taxonomy":"category","embeddable":true,"href":"https:\/\/estrategica.com.co\/blog\/wp-json\/wp\/v2\/categories?post=31087"},{"taxonomy":"post_tag","embeddable":true,"href":"https:\/\/estrategica.com.co\/blog\/wp-json\/wp\/v2\/tags?post=31087"}],"curies":[{"name":"wp","href":"https:\/\/api.w.org\/{rel}","templated":true}]}}