{"id":3152,"date":"2009-01-31T14:38:09","date_gmt":"2009-01-31T14:38:09","guid":{"rendered":"http:\/\/estrategica.com.co\/blog\/?p=3152"},"modified":"2009-01-31T14:39:57","modified_gmt":"2009-01-31T14:39:57","slug":"le-pen-presidente-2","status":"publish","type":"post","link":"https:\/\/estrategica.com.co\/blog\/le-pen-presidente-2\/","title":{"rendered":"LE PEN PRESIDENTE"},"content":{"rendered":"<p><img loading=\"lazy\" decoding=\"async\" data-attachment-id=\"3151\" data-permalink=\"https:\/\/estrategica.com.co\/blog\/le-pen-presidente-2\/31d6_1\/\" data-orig-file=\"https:\/\/i0.wp.com\/estrategica.com.co\/blog\/wp-content\/uploads\/2009\/01\/31d6_1.jpg?fit=288%2C400&amp;ssl=1\" data-orig-size=\"288,400\" data-comments-opened=\"1\" data-image-meta=\"{&quot;aperture&quot;:&quot;0&quot;,&quot;credit&quot;:&quot;&quot;,&quot;camera&quot;:&quot;&quot;,&quot;caption&quot;:&quot;&quot;,&quot;created_timestamp&quot;:&quot;0&quot;,&quot;copyright&quot;:&quot;&quot;,&quot;focal_length&quot;:&quot;0&quot;,&quot;iso&quot;:&quot;0&quot;,&quot;shutter_speed&quot;:&quot;0&quot;,&quot;title&quot;:&quot;&quot;}\" data-image-title=\"31d6_1\" data-image-description=\"\" data-image-caption=\"\" data-medium-file=\"https:\/\/i0.wp.com\/estrategica.com.co\/blog\/wp-content\/uploads\/2009\/01\/31d6_1.jpg?fit=216%2C300&amp;ssl=1\" data-large-file=\"https:\/\/i0.wp.com\/estrategica.com.co\/blog\/wp-content\/uploads\/2009\/01\/31d6_1.jpg?fit=288%2C400&amp;ssl=1\" class=\"alignnone size-full wp-image-3151\" title=\"31d6_1\" src=\"https:\/\/i0.wp.com\/estrategica.com.co\/blog\/wp-content\/uploads\/2009\/01\/31d6_1.jpg?resize=288%2C400\" alt=\"31d6_1\" width=\"288\" height=\"400\" srcset=\"https:\/\/i0.wp.com\/estrategica.com.co\/blog\/wp-content\/uploads\/2009\/01\/31d6_1.jpg?w=288&amp;ssl=1 288w, https:\/\/i0.wp.com\/estrategica.com.co\/blog\/wp-content\/uploads\/2009\/01\/31d6_1.jpg?resize=216%2C300&amp;ssl=1 216w\" sizes=\"(max-width: 288px) 100vw, 288px\" data-recalc-dims=\"1\" \/><\/p>\n<p class=\"MsoNormal\" style=\"margin: 0cm 0cm 0pt; text-align: justify;\"><span style=\"font-family: Arial;\"><span style=\"font-size: small;\">Afiche del Frente Nacional para la campa\u00f1a presidencial de 2002. El certamen estuvo marcado por la apat\u00eda y el desinter\u00e9s. Ninguna de las campa\u00f1as supo persuadir emocionalmente a los electores. Esa situaci\u00f3n se tradujo en abstenci\u00f3n (casi el 28%) y en el hecho de que Por primera vez en la historia de la V Rep\u00fablica, un candidato ultraderechista aspiraba a la presidencia de Francia, ante la mirada de una Europa at\u00f3nita y asustada ante la resurrecci\u00f3n de los viejos fantasmas del fascismo. Le Pen, entretanto, se dedico a repetir los tres fundamentos de su pensamiento: \u00absocialmente de izquierda, pol\u00edticamente a la derecha y nacionalmente de Francia\u00bb. El discurso de Le Pen estuvo marcado por sus cr\u00edticas al tratado de Maastricht y la protecci\u00f3n de los productores y trabajadores franceses. El afiche muestra a un Le Pen risue\u00f1o en una actitud que pretende ablandar, seguramente, la dureza del discurso. Las tonalidades est\u00e1n bien tratadas y el mensaje es el mismo candidato.<\/span><\/span><\/p>\n<p class=\"MsoNormal\" style=\"margin: 0cm 0cm 0pt; text-align: justify;\"><span style=\"font-family: Arial;\"><\/span><\/p>\n","protected":false},"excerpt":{"rendered":"<p>Afiche del Frente Nacional para la campa\u00f1a presidencial de 2002. El certamen estuvo marcado por la apat\u00eda y el desinter\u00e9s. Ninguna de las campa\u00f1as supo persuadir emocionalmente a los electores. Esa situaci\u00f3n se tradujo en abstenci\u00f3n (casi el 28%) y en el hecho de que Por primera vez en la historia de la V Rep\u00fablica, [&hellip;]<\/p>\n","protected":false},"author":4,"featured_media":3151,"comment_status":"open","ping_status":"open","sticky":false,"template":"","format":"standard","meta":{"_et_pb_use_builder":"","_et_pb_old_content":"","_et_gb_content_width":"","advanced_seo_description":"","jetpack_seo_html_title":"","jetpack_seo_noindex":false,"footnotes":""},"categories":[5,57,46,50,10,11],"tags":[104,84,83],"class_list":["post-3152","post","type-post","status-publish","format-standard","has-post-thumbnail","hentry","category-afiches","category-campana-presidencial","category-fotograficos","category-francia","category-geo","category-temas","tag-elecciones-2002","tag-frente-nacional","tag-jean-marie-le-pen"],"jetpack_featured_media_url":"https:\/\/i0.wp.com\/estrategica.com.co\/blog\/wp-content\/uploads\/2009\/01\/31d6_1.jpg?fit=288%2C400&ssl=1","jetpack_shortlink":"https:\/\/wp.me\/p4wgsh-OQ","jetpack-related-posts":[{"id":236,"url":"https:\/\/estrategica.com.co\/blog\/derechaizquierda-lo-han-roto-todo\/","url_meta":{"origin":3152,"position":0},"title":"DERECHA\/IZQUIERDA Lo han roto todo!","author":"camilorojas","date":"enero 3, 2009","format":false,"excerpt":"Jean-Marie Le Pen es el representante de la extrema derecha pol\u00edtica a trav\u00e9s del partido Frente Nacional a nombre del cual ha sido candidato a la presidencia de Francia. En la campa\u00f1a de 2007 Le Pen tiene casi 79 a\u00f1os convirti\u00e9ndose en el aspirante m\u00e1s viejo en la historia de\u2026","rel":"","context":"En \u00ab2007\u00bb","block_context":{"text":"2007","link":"https:\/\/estrategica.com.co\/blog\/category\/ano\/2007\/"},"img":{"alt_text":"","src":"https:\/\/i0.wp.com\/estrategica.com.co\/blog\/wp-content\/uploads\/2009\/01\/DERECHAIZQUIERDA-Lo-han-roto-todo5.jpg?fit=800%2C600&ssl=1&resize=350%2C200","width":350,"height":200},"classes":[]},{"id":233,"url":"https:\/\/estrategica.com.co\/blog\/con-le-pen-todos-juntos-tomaremos-nuestra-francia\/","url_meta":{"origin":3152,"position":1},"title":"CON LE PEN, todos juntos, tomaremos nuestra Francia!","author":"camilorojas","date":"enero 3, 2009","format":false,"excerpt":"Jean-Marie Le Pen es el representante de la extrema derecha pol\u00edtica a trav\u00e9s del partido Frente Nacional a nombre del cual ha sido candidato a la presidencia de Francia. En la campa\u00f1a de 2007 Le Pen tiene casi 79 a\u00f1os convirti\u00e9ndose en el aspirante m\u00e1s viejo en la historia de\u2026","rel":"","context":"En \u00ab2007\u00bb","block_context":{"text":"2007","link":"https:\/\/estrategica.com.co\/blog\/category\/ano\/2007\/"},"img":{"alt_text":"","src":"https:\/\/i0.wp.com\/estrategica.com.co\/blog\/wp-content\/uploads\/2009\/01\/CON-LE-PEN-todos-juntos-tomaremos-nuestra-Francia.jpg?fit=800%2C600&ssl=1&resize=350%2C200","width":350,"height":200},"classes":[]},{"id":270,"url":"https:\/\/estrategica.com.co\/blog\/vote-le-pen\/","url_meta":{"origin":3152,"position":2},"title":"VOTE LE PEN","author":"camilorojas","date":"enero 3, 2009","format":false,"excerpt":"Jean-Marie Le Pen es el representante de la extrema derecha pol\u00edtica a trav\u00e9s del partido Frente Nacional a nombre del cual ha sido candidato a la presidencia de Francia. En la campa\u00f1a de 2007 Le Pen tiene casi 79 convirti\u00e9ndose en el aspirante m\u00e1s viejo en la historia de Francia.\u2026","rel":"","context":"En \u00ab2007\u00bb","block_context":{"text":"2007","link":"https:\/\/estrategica.com.co\/blog\/category\/ano\/2007\/"},"img":{"alt_text":"","src":"https:\/\/i0.wp.com\/estrategica.com.co\/blog\/wp-content\/uploads\/2009\/01\/VOTE-LE-PEN.jpg?fit=324%2C456&ssl=1&resize=350%2C200","width":350,"height":200},"classes":[]},{"id":274,"url":"https:\/\/estrategica.com.co\/blog\/le-pen-presidente\/","url_meta":{"origin":3152,"position":3},"title":"LE PEN PRESIDENTE","author":"camilorojas","date":"enero 3, 2009","format":false,"excerpt":"Un afiche cl\u00e1sico de Le Pen. Su rostro en primer plano, sonriendo. La cercan\u00eda le deja ver los a\u00f1os, lo cual puede ser contraproducente. El nombre del Frente Nacional no aparece. Este afiche rompe la estrategia visual que se hab\u00eda hecho posiblemente por el esfuerza que conlleva posicionar siete afiches.","rel":"","context":"En \u00ab2007\u00bb","block_context":{"text":"2007","link":"https:\/\/estrategica.com.co\/blog\/category\/ano\/2007\/"},"img":{"alt_text":"","src":"https:\/\/i0.wp.com\/estrategica.com.co\/blog\/wp-content\/uploads\/2009\/01\/LE-PEN-PRESIDENTE.jpg?fit=300%2C428&ssl=1&resize=350%2C200","width":350,"height":200},"classes":[]},{"id":3349,"url":"https:\/\/estrategica.com.co\/blog\/francia-en-grande-francia-juntos\/","url_meta":{"origin":3152,"position":4},"title":"Francia en grande Francia juntos","author":"estrategica.com","date":"febrero 4, 2009","format":false,"excerpt":"Afiche de campa\u00f1a de Jacques Chirac para las elecciones de 2002, en la primera vuelta electoral. El gobierno se encuentra desprestigiado, las acusaciones contra el Presidente por corrupci\u00f3n cuando se desempe\u00f1\u00f3 como alcalde de Paris le han hecho da\u00f1o y debilitan sus posibilidades de reelecci\u00f3n. La estrategia de campa\u00f1a giro,\u2026","rel":"","context":"En \u00abAFICHES\u00bb","block_context":{"text":"AFICHES","link":"https:\/\/estrategica.com.co\/blog\/category\/afiches\/"},"img":{"alt_text":"","src":"https:\/\/i0.wp.com\/estrategica.com.co\/blog\/wp-content\/uploads\/2009\/02\/affichechirac2002.jpg?fit=533%2C400&ssl=1&resize=350%2C200","width":350,"height":200},"classes":[]},{"id":2970,"url":"https:\/\/estrategica.com.co\/blog\/presidir-de-otra-forma-una-francia-mas-justa\/","url_meta":{"origin":3152,"position":5},"title":"Presidir de Otra Forma &#8211; Una Francia m\u00e1s Justa","author":"estrategica.com","date":"enero 30, 2009","format":false,"excerpt":"Durante la campa\u00f1a electoral de 2002 lo electores no tuvieron claridad entre lo que representaba Chirac y lo que encarnaba Jospin. El candidato socialista nunca pudo trasmitir el fervor de un mensaje y quedo atrapado en esa imagen de aburrido y poco carism\u00e1tico que encontraban los franceses en \u00e9l. No\u2026","rel":"","context":"En \u00ab2002\u00bb","block_context":{"text":"2002","link":"https:\/\/estrategica.com.co\/blog\/category\/ano\/2002\/"},"img":{"alt_text":"","src":"https:\/\/i0.wp.com\/estrategica.com.co\/blog\/wp-content\/uploads\/2009\/01\/m-lionel_jospin_mai2002.jpg?fit=300%2C397&ssl=1&resize=350%2C200","width":350,"height":200},"classes":[]}],"jetpack_sharing_enabled":true,"_links":{"self":[{"href":"https:\/\/estrategica.com.co\/blog\/wp-json\/wp\/v2\/posts\/3152","targetHints":{"allow":["GET"]}}],"collection":[{"href":"https:\/\/estrategica.com.co\/blog\/wp-json\/wp\/v2\/posts"}],"about":[{"href":"https:\/\/estrategica.com.co\/blog\/wp-json\/wp\/v2\/types\/post"}],"author":[{"embeddable":true,"href":"https:\/\/estrategica.com.co\/blog\/wp-json\/wp\/v2\/users\/4"}],"replies":[{"embeddable":true,"href":"https:\/\/estrategica.com.co\/blog\/wp-json\/wp\/v2\/comments?post=3152"}],"version-history":[{"count":4,"href":"https:\/\/estrategica.com.co\/blog\/wp-json\/wp\/v2\/posts\/3152\/revisions"}],"predecessor-version":[{"id":3156,"href":"https:\/\/estrategica.com.co\/blog\/wp-json\/wp\/v2\/posts\/3152\/revisions\/3156"}],"wp:featuredmedia":[{"embeddable":true,"href":"https:\/\/estrategica.com.co\/blog\/wp-json\/wp\/v2\/media\/3151"}],"wp:attachment":[{"href":"https:\/\/estrategica.com.co\/blog\/wp-json\/wp\/v2\/media?parent=3152"}],"wp:term":[{"taxonomy":"category","embeddable":true,"href":"https:\/\/estrategica.com.co\/blog\/wp-json\/wp\/v2\/categories?post=3152"},{"taxonomy":"post_tag","embeddable":true,"href":"https:\/\/estrategica.com.co\/blog\/wp-json\/wp\/v2\/tags?post=3152"}],"curies":[{"name":"wp","href":"https:\/\/api.w.org\/{rel}","templated":true}]}}