{"id":3175,"date":"2009-01-31T16:11:41","date_gmt":"2009-01-31T16:11:41","guid":{"rendered":"http:\/\/estrategica.com.co\/blog\/?p=3175"},"modified":"2009-01-31T17:09:40","modified_gmt":"2009-01-31T17:09:40","slug":"mas-dinero-para-los-trabajadores-y-pensionados","status":"publish","type":"post","link":"https:\/\/estrategica.com.co\/blog\/mas-dinero-para-los-trabajadores-y-pensionados\/","title":{"rendered":"M\u00e1s dinero para los trabajadores y pensionados"},"content":{"rendered":"<p><img loading=\"lazy\" decoding=\"async\" data-attachment-id=\"3174\" data-permalink=\"https:\/\/estrategica.com.co\/blog\/mas-dinero-para-los-trabajadores-y-pensionados\/100x140piusoldi\/\" data-orig-file=\"https:\/\/i0.wp.com\/estrategica.com.co\/blog\/wp-content\/uploads\/2009\/01\/100x140piusoldi.jpg?fit=350%2C498&amp;ssl=1\" data-orig-size=\"350,498\" data-comments-opened=\"1\" data-image-meta=\"{&quot;aperture&quot;:&quot;0&quot;,&quot;credit&quot;:&quot;&quot;,&quot;camera&quot;:&quot;&quot;,&quot;caption&quot;:&quot;&quot;,&quot;created_timestamp&quot;:&quot;0&quot;,&quot;copyright&quot;:&quot;&quot;,&quot;focal_length&quot;:&quot;0&quot;,&quot;iso&quot;:&quot;0&quot;,&quot;shutter_speed&quot;:&quot;0&quot;,&quot;title&quot;:&quot;&quot;}\" data-image-title=\"100x140piusoldi\" data-image-description=\"\" data-image-caption=\"\" data-medium-file=\"https:\/\/i0.wp.com\/estrategica.com.co\/blog\/wp-content\/uploads\/2009\/01\/100x140piusoldi.jpg?fit=210%2C300&amp;ssl=1\" data-large-file=\"https:\/\/i0.wp.com\/estrategica.com.co\/blog\/wp-content\/uploads\/2009\/01\/100x140piusoldi.jpg?fit=350%2C498&amp;ssl=1\" class=\"alignnone size-full wp-image-3174\" title=\"100x140piusoldi\" src=\"https:\/\/i0.wp.com\/estrategica.com.co\/blog\/wp-content\/uploads\/2009\/01\/100x140piusoldi.jpg?resize=350%2C498\" alt=\"100x140piusoldi\" width=\"350\" height=\"498\" srcset=\"https:\/\/i0.wp.com\/estrategica.com.co\/blog\/wp-content\/uploads\/2009\/01\/100x140piusoldi.jpg?w=350&amp;ssl=1 350w, https:\/\/i0.wp.com\/estrategica.com.co\/blog\/wp-content\/uploads\/2009\/01\/100x140piusoldi.jpg?resize=210%2C300&amp;ssl=1 210w\" sizes=\"(max-width: 350px) 100vw, 350px\" data-recalc-dims=\"1\" \/><\/p>\n<p class=\"MsoNormal\" style=\"margin: 0cm 0cm 0pt; text-align: justify;\"><span style=\"font-size: small; font-family: Times New Roman;\">Campa\u00f1a del Partido Comunista Italiano para las elecciones generales de 2006, las cuales fueron ganadas por la coalici\u00f3n de Centro Izquierda que encabezaba Romano Prodi. En la imagen aparece Oliviero Filiberto l\u00edder del partido. La estrategia giraba a un conjunto de afiches con el mismo formato en donde, de uno a otro, cambiaba la propuesta que se hacia. En un caso vivienda, en otro, pensiones, en otro, salario<span style=\"mso-spacerun: yes;\">\u00a0 <\/span>as\u00ed sucesivamente. Este esquema de campa\u00f1a tiene el problema estrat\u00e9gico de generar dispersi\u00f3n de mensaje y no propiciar recordaci\u00f3n. La imagen de Filibert es agradable y trasmite confianza. Es interesante resaltar el simbolito de la parte superior que dice \u201cNo a la Guerra\u201d, lo curioso es que lo dice en ingles, lo cual llama la atenci\u00f3n al ser el partido comunista italiano quien lo dice.<\/span><\/p>\n<p class=\"MsoNormal\" style=\"margin: 0cm 0cm 0pt; text-align: justify;\">\u00a0<\/p>\n<p class=\"MsoNormal\" style=\"margin: 0cm 0cm 0pt; text-align: justify;\">\u00a0<\/p>\n","protected":false},"excerpt":{"rendered":"<p>Campa\u00f1a del Partido Comunista Italiano para las elecciones generales de 2006, las cuales fueron ganadas por la coalici\u00f3n de Centro Izquierda que encabezaba Romano Prodi. En la imagen aparece Oliviero Filiberto l\u00edder del partido. La estrategia giraba a un conjunto de afiches con el mismo formato en donde, de uno a otro, cambiaba la propuesta [&hellip;]<\/p>\n","protected":false},"author":4,"featured_media":3174,"comment_status":"open","ping_status":"open","sticky":false,"template":"","format":"standard","meta":{"_et_pb_use_builder":"","_et_pb_old_content":"","_et_gb_content_width":"","advanced_seo_description":"","jetpack_seo_html_title":"","jetpack_seo_noindex":false,"footnotes":""},"categories":[5,58,46,10,184,11],"tags":[196,217,215],"class_list":["post-3175","post","type-post","status-publish","format-standard","has-post-thumbnail","hentry","category-afiches","category-campana-colegiada","category-fotograficos","category-geo","category-italia","category-temas","tag-elecciones-2006","tag-oliviero-filiberto","tag-partido-comunista-italiano"],"jetpack_featured_media_url":"https:\/\/i0.wp.com\/estrategica.com.co\/blog\/wp-content\/uploads\/2009\/01\/100x140piusoldi.jpg?fit=350%2C498&ssl=1","jetpack_shortlink":"https:\/\/wp.me\/p4wgsh-Pd","jetpack-related-posts":[{"id":3170,"url":"https:\/\/estrategica.com.co\/blog\/la-casa-es-un-derecho-de-todos\/","url_meta":{"origin":3175,"position":0},"title":"La CASA es un derecho de todos.","author":"estrategica.com","date":"enero 31, 2009","format":false,"excerpt":"Campa\u00f1a del Partido Comunista Italiano para las elecciones generales de 2006, las cuales fueron ganadas por la coalici\u00f3n de Centro Izquierda que encabezaba Romano Prodi. En la imagen aparece Oliviero Filiberto l\u00edder del partido. La estrategia giraba a un conjunto de afiches con el mismo formato en donde, de uno\u2026","rel":"","context":"En \u00abAFICHES\u00bb","block_context":{"text":"AFICHES","link":"https:\/\/estrategica.com.co\/blog\/category\/afiches\/"},"img":{"alt_text":"","src":"https:\/\/i0.wp.com\/estrategica.com.co\/blog\/wp-content\/uploads\/2009\/01\/100x140casa.jpg?fit=350%2C500&ssl=1&resize=350%2C200","width":350,"height":200},"classes":[]},{"id":3178,"url":"https:\/\/estrategica.com.co\/blog\/por-la-guerra-ahora\/","url_meta":{"origin":3175,"position":1},"title":"Por la guerra ahora","author":"estrategica.com","date":"enero 31, 2009","format":false,"excerpt":"Campa\u00f1a del Partido Comunista Italiano para las elecciones generales de 2006, las cuales fueron ganadas por la coalici\u00f3n de Centro Izquierda que encabezaba Romano Prodi. En la imagen aparece Oliviero Filiberto l\u00edder del partido. La estrategia giraba a un conjunto de afiches con el mismo formato en donde, de uno\u2026","rel":"","context":"En \u00abAFICHES\u00bb","block_context":{"text":"AFICHES","link":"https:\/\/estrategica.com.co\/blog\/category\/afiches\/"},"img":{"alt_text":"","src":"https:\/\/i0.wp.com\/estrategica.com.co\/blog\/wp-content\/uploads\/2009\/01\/100x140guerra.jpg?fit=333%2C473&ssl=1&resize=350%2C200","width":350,"height":200},"classes":[]},{"id":3200,"url":"https:\/\/estrategica.com.co\/blog\/antifascista\/","url_meta":{"origin":3175,"position":2},"title":"Antifascista","author":"estrategica.com","date":"enero 31, 2009","format":false,"excerpt":"Campa\u00f1a del Partido Comunista Italiano para las elecciones generales de 2006, las cuales fueron ganadas por la coalici\u00f3n de Centro Izquierda que encabezaba Romano Prodi. En la imagen aparece Oliviero Filiberto l\u00edder del partido. La estrategia giraba a un conjunto de afiches con el mismo formato en donde, de uno\u2026","rel":"","context":"En \u00abAFICHES\u00bb","block_context":{"text":"AFICHES","link":"https:\/\/estrategica.com.co\/blog\/category\/afiches\/"},"img":{"alt_text":"","src":"https:\/\/i0.wp.com\/estrategica.com.co\/blog\/wp-content\/uploads\/2009\/01\/antifascisti.jpg?fit=350%2C497&ssl=1&resize=350%2C200","width":350,"height":200},"classes":[]},{"id":3183,"url":"https:\/\/estrategica.com.co\/blog\/trabajo-estable-y-seguro\/","url_meta":{"origin":3175,"position":3},"title":"TRABAJO estable y seguro","author":"estrategica.com","date":"enero 31, 2009","format":false,"excerpt":"Campa\u00f1a del Partido Comunista Italiano para las elecciones generales de 2006, las cuales fueron ganadas por la coalici\u00f3n de Centro Izquierda que encabezaba Romano Prodi. En la imagen aparece Oliviero Filiberto l\u00edder del partido. La estrategia giraba a un conjunto de afiches con el mismo formato en donde, de uno\u2026","rel":"","context":"En \u00abAFICHES\u00bb","block_context":{"text":"AFICHES","link":"https:\/\/estrategica.com.co\/blog\/category\/afiches\/"},"img":{"alt_text":"","src":"https:\/\/i0.wp.com\/estrategica.com.co\/blog\/wp-content\/uploads\/2009\/01\/100x140legge30.jpg?fit=325%2C454&ssl=1&resize=350%2C200","width":350,"height":200},"classes":[]},{"id":3189,"url":"https:\/\/estrategica.com.co\/blog\/salud-eficiente-y-gratuita\/","url_meta":{"origin":3175,"position":4},"title":"Salud eficiente y gratuita","author":"estrategica.com","date":"enero 31, 2009","format":false,"excerpt":"Campa\u00f1a del Partido Comunista Italiano para las elecciones generales de 2006, las cuales fueron ganadas por la coalici\u00f3n de Centro Izquierda que encabezaba Romano Prodi. En la imagen aparece Oliviero Filiberto l\u00edder del partido. La estrategia giraba a un conjunto de afiches con el mismo formato en donde, de uno\u2026","rel":"","context":"En \u00abAFICHES\u00bb","block_context":{"text":"AFICHES","link":"https:\/\/estrategica.com.co\/blog\/category\/afiches\/"},"img":{"alt_text":"","src":"https:\/\/i0.wp.com\/estrategica.com.co\/blog\/wp-content\/uploads\/2009\/01\/100x140sanita.jpg?fit=333%2C473&ssl=1&resize=350%2C200","width":350,"height":200},"classes":[]},{"id":3186,"url":"https:\/\/estrategica.com.co\/blog\/escuela-universidad-centros-de-investigacion-deroguemos-la-ley-moratti\/","url_meta":{"origin":3175,"position":5},"title":"Escuela, universidad, centros de investigaci\u00f3n. Deroguemos la ley Moratti","author":"estrategica.com","date":"enero 31, 2009","format":false,"excerpt":"Campa\u00f1a del Partido Comunista Italiano para las elecciones generales de 2006, las cuales fueron ganadas por la coalici\u00f3n de Centro Izquierda que encabezaba Romano Prodi. En la imagen aparece Oliviero Filiberto l\u00edder del partido. La estrategia giraba a un conjunto de afiches con el mismo formato en donde, de uno\u2026","rel":"","context":"En \u00abAFICHES\u00bb","block_context":{"text":"AFICHES","link":"https:\/\/estrategica.com.co\/blog\/category\/afiches\/"},"img":{"alt_text":"","src":"https:\/\/i0.wp.com\/estrategica.com.co\/blog\/wp-content\/uploads\/2009\/01\/100x140moratti.jpg?fit=324%2C454&ssl=1&resize=350%2C200","width":350,"height":200},"classes":[]}],"jetpack_sharing_enabled":true,"_links":{"self":[{"href":"https:\/\/estrategica.com.co\/blog\/wp-json\/wp\/v2\/posts\/3175","targetHints":{"allow":["GET"]}}],"collection":[{"href":"https:\/\/estrategica.com.co\/blog\/wp-json\/wp\/v2\/posts"}],"about":[{"href":"https:\/\/estrategica.com.co\/blog\/wp-json\/wp\/v2\/types\/post"}],"author":[{"embeddable":true,"href":"https:\/\/estrategica.com.co\/blog\/wp-json\/wp\/v2\/users\/4"}],"replies":[{"embeddable":true,"href":"https:\/\/estrategica.com.co\/blog\/wp-json\/wp\/v2\/comments?post=3175"}],"version-history":[{"count":4,"href":"https:\/\/estrategica.com.co\/blog\/wp-json\/wp\/v2\/posts\/3175\/revisions"}],"predecessor-version":[{"id":3206,"href":"https:\/\/estrategica.com.co\/blog\/wp-json\/wp\/v2\/posts\/3175\/revisions\/3206"}],"wp:featuredmedia":[{"embeddable":true,"href":"https:\/\/estrategica.com.co\/blog\/wp-json\/wp\/v2\/media\/3174"}],"wp:attachment":[{"href":"https:\/\/estrategica.com.co\/blog\/wp-json\/wp\/v2\/media?parent=3175"}],"wp:term":[{"taxonomy":"category","embeddable":true,"href":"https:\/\/estrategica.com.co\/blog\/wp-json\/wp\/v2\/categories?post=3175"},{"taxonomy":"post_tag","embeddable":true,"href":"https:\/\/estrategica.com.co\/blog\/wp-json\/wp\/v2\/tags?post=3175"}],"curies":[{"name":"wp","href":"https:\/\/api.w.org\/{rel}","templated":true}]}}