{"id":322,"date":"2009-01-03T20:59:26","date_gmt":"2009-01-03T20:59:26","guid":{"rendered":"http:\/\/estrategica.com.co\/blog\/?p=322"},"modified":"2009-04-12T18:15:44","modified_gmt":"2009-04-12T18:15:44","slug":"votaria-por-mi-si-fuera-seropositivo-7","status":"publish","type":"post","link":"https:\/\/estrategica.com.co\/blog\/votaria-por-mi-si-fuera-seropositivo-7\/","title":{"rendered":"VOTARIA POR MI SI FUERA SEROPOSITIVO?"},"content":{"rendered":"<p><img loading=\"lazy\" decoding=\"async\" data-attachment-id=\"321\" data-permalink=\"https:\/\/estrategica.com.co\/blog\/votaria-por-mi-si-fuera-seropositivo-7\/buffet_450\/\" data-orig-file=\"https:\/\/i0.wp.com\/estrategica.com.co\/blog\/wp-content\/uploads\/2009\/01\/buffet_450.jpg?fit=450%2C317&amp;ssl=1\" data-orig-size=\"450,317\" data-comments-opened=\"1\" data-image-meta=\"{&quot;aperture&quot;:&quot;0&quot;,&quot;credit&quot;:&quot;&quot;,&quot;camera&quot;:&quot;&quot;,&quot;caption&quot;:&quot;&quot;,&quot;created_timestamp&quot;:&quot;0&quot;,&quot;copyright&quot;:&quot;&quot;,&quot;focal_length&quot;:&quot;0&quot;,&quot;iso&quot;:&quot;0&quot;,&quot;shutter_speed&quot;:&quot;0&quot;,&quot;title&quot;:&quot;&quot;}\" data-image-title=\"buffet_450\" data-image-description=\"\" data-image-caption=\"\" data-medium-file=\"https:\/\/i0.wp.com\/estrategica.com.co\/blog\/wp-content\/uploads\/2009\/01\/buffet_450.jpg?fit=300%2C211&amp;ssl=1\" data-large-file=\"https:\/\/i0.wp.com\/estrategica.com.co\/blog\/wp-content\/uploads\/2009\/01\/buffet_450.jpg?fit=450%2C317&amp;ssl=1\" class=\"alignnone size-full wp-image-321\" title=\"buffet_450\" src=\"https:\/\/i0.wp.com\/estrategica.com.co\/blog\/wp-content\/uploads\/2009\/01\/buffet_450.jpg?resize=450%2C317\" alt=\"buffet_450\" width=\"450\" height=\"317\" srcset=\"https:\/\/i0.wp.com\/estrategica.com.co\/blog\/wp-content\/uploads\/2009\/01\/buffet_450.jpg?w=450&amp;ssl=1 450w, https:\/\/i0.wp.com\/estrategica.com.co\/blog\/wp-content\/uploads\/2009\/01\/buffet_450.jpg?resize=300%2C211&amp;ssl=1 300w\" sizes=\"(max-width: 450px) 100vw, 450px\" data-recalc-dims=\"1\" \/><\/p>\n<p style=\"text-align: justify;\">Campa\u00f1a realizada por la Fundaci\u00f3n AIDES con el fin de aprovechar la coyuntura electoral para cuestionar la ausencia del tema del debate pol\u00edtico. La campa\u00f1a sali\u00f3 el 12 de marzo de 2007 en el diario gratuito METRO, revelando cada d\u00eda un nuevo candidato. 3000 carteles fueron pegados frente a bares y restaurantes de ciudades con m\u00e1s de 100 mil habitantes. Un \u00e9xito de comunicaci\u00f3n por el sentido de oportunidad, la calidad de la imagen y la contundencia del mensaje.<\/p>\n","protected":false},"excerpt":{"rendered":"<p>Campa\u00f1a realizada por la Fundaci\u00f3n AIDES con el fin de aprovechar la coyuntura electoral para cuestionar la ausencia del tema del debate pol\u00edtico. La campa\u00f1a sali\u00f3 el 12 de marzo de 2007 en el diario gratuito METRO, revelando cada d\u00eda un nuevo candidato. 3000 carteles fueron pegados frente a bares y restaurantes de ciudades con [&hellip;]<\/p>\n","protected":false},"author":2,"featured_media":59171,"comment_status":"open","ping_status":"open","sticky":false,"template":"","format":"standard","meta":{"_et_pb_use_builder":"","_et_pb_old_content":"","_et_gb_content_width":"","advanced_seo_description":"","jetpack_seo_html_title":"","jetpack_seo_noindex":false,"footnotes":""},"categories":[269,5,263,57,27,46,50,10,11],"tags":[52,101],"class_list":["post-322","post","type-post","status-publish","format-standard","has-post-thumbnail","hentry","category-269","category-afiches","category-ano","category-campana-presidencial","category-divulgacion-politica","category-fotograficos","category-francia","category-geo","category-temas","tag-elecciones-2007","tag-marie-george-buffet"],"jetpack_featured_media_url":"https:\/\/i0.wp.com\/estrategica.com.co\/blog\/wp-content\/uploads\/2009\/01\/VOTARIA-POR-MI-SI-FUERA-SEROPOSITIVO2.jpg?fit=450%2C317&ssl=1","jetpack_shortlink":"https:\/\/wp.me\/p4wgsh-5c","jetpack-related-posts":[{"id":303,"url":"https:\/\/estrategica.com.co\/blog\/votaria-por-mi-si-fuera-seropositivo\/","url_meta":{"origin":322,"position":0},"title":"VOTARIA POR MI SI FUERA SEROPOSITIVO?","author":"camilorojas","date":"enero 3, 2009","format":false,"excerpt":"Campa\u00f1a realizada por la Fundaci\u00f3n AIDES con el fin de aprovechar la coyuntura electoral para cuestionar la ausencia del tema del debate pol\u00edtico. La campa\u00f1a sali\u00f3 el 12 de marzo de 2007 en el diario gratuito METRO, revelando cada d\u00eda un nuevo candidato. 3000 carteles fueron pegados frente a bares\u2026","rel":"","context":"En \u00ab2007\u00bb","block_context":{"text":"2007","link":"https:\/\/estrategica.com.co\/blog\/category\/ano\/2007\/"},"img":{"alt_text":"","src":"https:\/\/i0.wp.com\/estrategica.com.co\/blog\/wp-content\/uploads\/2009\/01\/VOTARIA-POR-MI-SI-FUERA-SEROPOSITIVO9.jpg?fit=406%2C304&ssl=1&resize=350%2C200","width":350,"height":200},"classes":[]},{"id":310,"url":"https:\/\/estrategica.com.co\/blog\/votaria-por-mi-si-fuera-seropositivo-3\/","url_meta":{"origin":322,"position":1},"title":"VOTARIA POR MI SI FUERA SEROPOSITIVO?","author":"camilorojas","date":"enero 3, 2009","format":false,"excerpt":"Campa\u00f1a realizada por la Fundaci\u00f3n AIDES con el fin de aprovechar la coyuntura electoral para cuestionar la ausencia del tema del debate pol\u00edtico. La campa\u00f1a sali\u00f3 el 12 de marzo de 2007 en el diario gratuito METRO, revelando cada d\u00eda un nuevo candidato. 3000 carteles fueron pegados frente a bares\u2026","rel":"","context":"En \u00ab2007\u00bb","block_context":{"text":"2007","link":"https:\/\/estrategica.com.co\/blog\/category\/ano\/2007\/"},"img":{"alt_text":"","src":"https:\/\/i0.wp.com\/estrategica.com.co\/blog\/wp-content\/uploads\/2009\/01\/VOTARIA-POR-MI-SI-FUERA-SEROPOSITIVO7.jpg?fit=450%2C301&ssl=1&resize=350%2C200","width":350,"height":200},"classes":[]},{"id":313,"url":"https:\/\/estrategica.com.co\/blog\/votaria-por-mi-si-fuera-seropositivo-4\/","url_meta":{"origin":322,"position":2},"title":"VOTARIA POR MI SI FUERA SEROPOSITIVO?","author":"camilorojas","date":"enero 3, 2009","format":false,"excerpt":"Campa\u00f1a realizada por la Fundaci\u00f3n AIDES con el fin de aprovechar la coyuntura electoral para cuestionar la ausencia del tema del debate pol\u00edtico. La campa\u00f1a sali\u00f3 el 12 de marzo de 2007 en el diario gratuito METRO, revelando cada d\u00eda un nuevo candidato. 3000 carteles fueron pegados frente a bares\u2026","rel":"","context":"En \u00ab2007\u00bb","block_context":{"text":"2007","link":"https:\/\/estrategica.com.co\/blog\/category\/ano\/2007\/"},"img":{"alt_text":"","src":"https:\/\/i0.wp.com\/estrategica.com.co\/blog\/wp-content\/uploads\/2009\/01\/VOTARIA-POR-MI-SI-FUERA-SEROPOSITIVO6.jpg?fit=450%2C292&ssl=1&resize=350%2C200","width":350,"height":200},"classes":[]},{"id":319,"url":"https:\/\/estrategica.com.co\/blog\/votaria-por-mi-si-fuera-seropositivo-6\/","url_meta":{"origin":322,"position":3},"title":"VOTARIA POR MI SI FUERA SEROPOSITIVO?","author":"camilorojas","date":"enero 3, 2009","format":false,"excerpt":"Campa\u00f1a realizada por la Fundaci\u00f3n AIDES con el fin de aprovechar la coyuntura electoral para cuestionar la ausencia del tema del debate pol\u00edtico. La campa\u00f1a sali\u00f3 el 12 de marzo de 2007 en el diario gratuito METRO, revelando cada d\u00eda un nuevo candidato. 3000 carteles fueron pegados frente a bares\u2026","rel":"","context":"En \u00ab2007\u00bb","block_context":{"text":"2007","link":"https:\/\/estrategica.com.co\/blog\/category\/ano\/2007\/"},"img":{"alt_text":"","src":"https:\/\/i0.wp.com\/estrategica.com.co\/blog\/wp-content\/uploads\/2009\/01\/VOTARIA-POR-MI-SI-FUERA-SEROPOSITIVO4.jpg?fit=450%2C299&ssl=1&resize=350%2C200","width":350,"height":200},"classes":[]},{"id":307,"url":"https:\/\/estrategica.com.co\/blog\/votaria-por-mi-si-fuera-seropositivo-2\/","url_meta":{"origin":322,"position":4},"title":"VOTARIA POR MI SI FUERA SEROPOSITIVO?","author":"camilorojas","date":"enero 3, 2009","format":false,"excerpt":"Campa\u00f1a realizada por la Fundaci\u00f3n AIDES con el fin de aprovechar la coyuntura electoral para cuestionar la ausencia del tema del debate pol\u00edtico. La campa\u00f1a sali\u00f3 el 12 de marzo de 2007 en el diario gratuito METRO, revelando cada d\u00eda un nuevo candidato. 3000 carteles fueron pegados frente a bares\u2026","rel":"","context":"En \u00ab2007\u00bb","block_context":{"text":"2007","link":"https:\/\/estrategica.com.co\/blog\/category\/ano\/2007\/"},"img":{"alt_text":"","src":"https:\/\/i0.wp.com\/estrategica.com.co\/blog\/wp-content\/uploads\/2009\/01\/VOTARIA-POR-MI-SI-FUERA-SEROPOSITIVO8.jpg?fit=450%2C292&ssl=1&resize=350%2C200","width":350,"height":200},"classes":[]},{"id":316,"url":"https:\/\/estrategica.com.co\/blog\/votaria-por-mi-si-fuera-seropositivo-5\/","url_meta":{"origin":322,"position":5},"title":"VOTARIA POR MI SI FUERA SEROPOSITIVO?","author":"camilorojas","date":"enero 3, 2009","format":false,"excerpt":"Campa\u00f1a realizada por la Fundaci\u00f3n AIDES con el fin de aprovechar la coyuntura electoral para cuestionar la ausencia del tema del debate pol\u00edtico. La campa\u00f1a sali\u00f3 el 12 de marzo de 2007 en el diario gratuito METRO, revelando cada d\u00eda un nuevo candidato. 3000 carteles fueron pegados frente a bares\u2026","rel":"","context":"En \u00ab2007\u00bb","block_context":{"text":"2007","link":"https:\/\/estrategica.com.co\/blog\/category\/ano\/2007\/"},"img":{"alt_text":"","src":"https:\/\/i0.wp.com\/estrategica.com.co\/blog\/wp-content\/uploads\/2009\/01\/VOTARIA-POR-MI-SI-FUERA-SEROPOSITIVO5.jpg?fit=450%2C291&ssl=1&resize=350%2C200","width":350,"height":200},"classes":[]}],"jetpack_sharing_enabled":true,"_links":{"self":[{"href":"https:\/\/estrategica.com.co\/blog\/wp-json\/wp\/v2\/posts\/322","targetHints":{"allow":["GET"]}}],"collection":[{"href":"https:\/\/estrategica.com.co\/blog\/wp-json\/wp\/v2\/posts"}],"about":[{"href":"https:\/\/estrategica.com.co\/blog\/wp-json\/wp\/v2\/types\/post"}],"author":[{"embeddable":true,"href":"https:\/\/estrategica.com.co\/blog\/wp-json\/wp\/v2\/users\/2"}],"replies":[{"embeddable":true,"href":"https:\/\/estrategica.com.co\/blog\/wp-json\/wp\/v2\/comments?post=322"}],"version-history":[{"count":5,"href":"https:\/\/estrategica.com.co\/blog\/wp-json\/wp\/v2\/posts\/322\/revisions"}],"predecessor-version":[{"id":11449,"href":"https:\/\/estrategica.com.co\/blog\/wp-json\/wp\/v2\/posts\/322\/revisions\/11449"}],"wp:featuredmedia":[{"embeddable":true,"href":"https:\/\/estrategica.com.co\/blog\/wp-json\/wp\/v2\/media\/59171"}],"wp:attachment":[{"href":"https:\/\/estrategica.com.co\/blog\/wp-json\/wp\/v2\/media?parent=322"}],"wp:term":[{"taxonomy":"category","embeddable":true,"href":"https:\/\/estrategica.com.co\/blog\/wp-json\/wp\/v2\/categories?post=322"},{"taxonomy":"post_tag","embeddable":true,"href":"https:\/\/estrategica.com.co\/blog\/wp-json\/wp\/v2\/tags?post=322"}],"curies":[{"name":"wp","href":"https:\/\/api.w.org\/{rel}","templated":true}]}}