{"id":3221,"date":"2009-01-31T19:28:24","date_gmt":"2009-01-31T19:28:24","guid":{"rendered":"http:\/\/estrategica.com.co\/blog\/?p=3221"},"modified":"2009-01-31T19:28:24","modified_gmt":"2009-01-31T19:28:24","slug":"willy-brandt-debe-seguir-siendo-canciller","status":"publish","type":"post","link":"https:\/\/estrategica.com.co\/blog\/willy-brandt-debe-seguir-siendo-canciller\/","title":{"rendered":"Willy Brandt debe seguir siendo Canciller"},"content":{"rendered":"<p><img loading=\"lazy\" decoding=\"async\" data-attachment-id=\"3220\" data-permalink=\"https:\/\/estrategica.com.co\/blog\/willy-brandt-debe-seguir-siendo-canciller\/wahlplakat_willy_brandt-foto-bild-86-12395586\/\" data-orig-file=\"https:\/\/i0.wp.com\/estrategica.com.co\/blog\/wp-content\/uploads\/2009\/01\/wahlplakat_willy_brandt-foto-bild-86-12395586.jpg?fit=320%2C426&amp;ssl=1\" data-orig-size=\"320,426\" data-comments-opened=\"1\" data-image-meta=\"{&quot;aperture&quot;:&quot;0&quot;,&quot;credit&quot;:&quot;&quot;,&quot;camera&quot;:&quot;&quot;,&quot;caption&quot;:&quot;&quot;,&quot;created_timestamp&quot;:&quot;0&quot;,&quot;copyright&quot;:&quot;&quot;,&quot;focal_length&quot;:&quot;0&quot;,&quot;iso&quot;:&quot;0&quot;,&quot;shutter_speed&quot;:&quot;0&quot;,&quot;title&quot;:&quot;&quot;}\" data-image-title=\"wahlplakat_willy_brandt-foto-bild-86-12395586\" data-image-description=\"\" data-image-caption=\"\" data-medium-file=\"https:\/\/i0.wp.com\/estrategica.com.co\/blog\/wp-content\/uploads\/2009\/01\/wahlplakat_willy_brandt-foto-bild-86-12395586.jpg?fit=225%2C300&amp;ssl=1\" data-large-file=\"https:\/\/i0.wp.com\/estrategica.com.co\/blog\/wp-content\/uploads\/2009\/01\/wahlplakat_willy_brandt-foto-bild-86-12395586.jpg?fit=320%2C426&amp;ssl=1\" class=\"alignnone size-full wp-image-3220\" title=\"wahlplakat_willy_brandt-foto-bild-86-12395586\" src=\"https:\/\/i0.wp.com\/estrategica.com.co\/blog\/wp-content\/uploads\/2009\/01\/wahlplakat_willy_brandt-foto-bild-86-12395586.jpg?resize=320%2C426\" alt=\"wahlplakat_willy_brandt-foto-bild-86-12395586\" width=\"320\" height=\"426\" srcset=\"https:\/\/i0.wp.com\/estrategica.com.co\/blog\/wp-content\/uploads\/2009\/01\/wahlplakat_willy_brandt-foto-bild-86-12395586.jpg?w=320&amp;ssl=1 320w, https:\/\/i0.wp.com\/estrategica.com.co\/blog\/wp-content\/uploads\/2009\/01\/wahlplakat_willy_brandt-foto-bild-86-12395586.jpg?resize=225%2C300&amp;ssl=1 225w\" sizes=\"(max-width: 320px) 100vw, 320px\" data-recalc-dims=\"1\" \/><\/p>\n<p class=\"MsoNormal\" style=\"margin: 0cm 0cm 0pt; text-align: justify;\"><span style=\"font-size: small; font-family: Times New Roman;\">Afiche de las elecciones federales de 1972. Las elecciones se convocan para enfrentar la crisis generada ese a\u00f1o, pues la coalici\u00f3n de gobierno perdi\u00f3 sus mayor\u00edas como consecuencia de que algunos parlamentarios del FDP se convirtieron en miembros de la CDU\/CSU con el fin de rechazar la pol\u00edtica de Willy Brandt de reconocer a la Republica Democr\u00e1tica Alemana e iniciar relaciones diplom\u00e1ticas con ella. La oposici\u00f3n trat\u00f3 de gestionar un voto de confianza en el parlamento. El gobierno, ante esto, decidi\u00f3 anticipar elecciones, aprovechando la enorme popularidad de Brandt. El slogan de campa\u00f1a fue: \u201cWilly Brandt debe seguir siendo Canciller\u201d, focalizando toda la estrategia en la persona y la reputaci\u00f3n del canciller. La oposici\u00f3n hizo una campa\u00f1a diciendo que la elecci\u00f3n era entre \u201cLibertad o Socialismo\u201d, tratando de despersonalizar la campa\u00f1a y volverla tem\u00e1tica. Al final Brandt fue reelegido abrumadoramente, logrando el 46% de los esca\u00f1os parlamentarios mientras sus adversarios alcanzaron apenas el 35%.<\/span><\/p>\n<p class=\"MsoNormal\" style=\"margin: 0cm 0cm 0pt; text-align: justify;\">\u00a0<\/p>\n","protected":false},"excerpt":{"rendered":"<p>Afiche de las elecciones federales de 1972. Las elecciones se convocan para enfrentar la crisis generada ese a\u00f1o, pues la coalici\u00f3n de gobierno perdi\u00f3 sus mayor\u00edas como consecuencia de que algunos parlamentarios del FDP se convirtieron en miembros de la CDU\/CSU con el fin de rechazar la pol\u00edtica de Willy Brandt de reconocer a la [&hellip;]<\/p>\n","protected":false},"author":4,"featured_media":3220,"comment_status":"open","ping_status":"open","sticky":false,"template":"","format":"standard","meta":{"_et_pb_use_builder":"","_et_pb_old_content":"","_et_gb_content_width":"","advanced_seo_description":"","jetpack_seo_html_title":"","jetpack_seo_noindex":false,"footnotes":""},"categories":[5,159,57,46,10,11],"tags":[224,223,222,221],"class_list":["post-3221","post","type-post","status-publish","format-standard","has-post-thumbnail","hentry","category-afiches","category-alemania","category-campana-presidencial","category-fotograficos","category-geo","category-temas","tag-elecciones-1972","tag-partido-socialdemocrata-aleman","tag-spd","tag-willy-brandt"],"jetpack_featured_media_url":"https:\/\/i0.wp.com\/estrategica.com.co\/blog\/wp-content\/uploads\/2009\/01\/wahlplakat_willy_brandt-foto-bild-86-12395586.jpg?fit=320%2C426&ssl=1","jetpack_shortlink":"https:\/\/wp.me\/p4wgsh-PX","jetpack-related-posts":[{"id":3224,"url":"https:\/\/estrategica.com.co\/blog\/alemanes-podemos-estar-orgullosos-de-nuestro-pais\/","url_meta":{"origin":3221,"position":0},"title":"Alemanes: podemos estar orgullosos de nuestro pa\u00eds","author":"estrategica.com","date":"enero 31, 2009","format":false,"excerpt":"Afiche de las elecciones federales de 1972. Las elecciones se convocan para enfrentar la crisis generada ese a\u00f1o, pues la coalici\u00f3n de gobierno perdi\u00f3 sus mayor\u00edas como consecuencia de que algunos parlamentarios del FDP se convirtieron en miembros de la CDU\/CSU con el fin de rechazar la pol\u00edtica de Willy\u2026","rel":"","context":"En \u00abAFICHES\u00bb","block_context":{"text":"AFICHES","link":"https:\/\/estrategica.com.co\/blog\/category\/afiches\/"},"img":{"alt_text":"","src":"https:\/\/i0.wp.com\/estrategica.com.co\/blog\/wp-content\/uploads\/2009\/01\/index.jpg?fit=350%2C499&ssl=1&resize=350%2C200","width":350,"height":200},"classes":[]},{"id":3235,"url":"https:\/\/estrategica.com.co\/blog\/lo-que-crece-unido-permanece-unido\/","url_meta":{"origin":3221,"position":1},"title":"Lo que crece unido permanece unido.","author":"estrategica.com","date":"enero 31, 2009","format":false,"excerpt":"Campa\u00f1a de la Socialdemocracia para las elecciones de 1990. El afiche muestra a Willy Brandt, en la puerta de Brandenburgo, ante una multitud. La frase dice: \u201cLo que crece unido permanece unido\u201d. La estrategia electoral es evidenciar el trabajo de los socialdem\u00f3cratas por la reunificaci\u00f3n y como ahora se trata\u2026","rel":"","context":"En \u00abAFICHES\u00bb","block_context":{"text":"AFICHES","link":"https:\/\/estrategica.com.co\/blog\/category\/afiches\/"},"img":{"alt_text":"","src":"https:\/\/i0.wp.com\/estrategica.com.co\/blog\/wp-content\/uploads\/2009\/01\/brandt.jpg?fit=500%2C355&ssl=1&resize=350%2C200","width":350,"height":200},"classes":[]},{"id":3230,"url":"https:\/\/estrategica.com.co\/blog\/para-que-usted-pueda-vivir-en-paz-manana\/","url_meta":{"origin":3221,"position":2},"title":"Para que usted pueda vivir en paz ma\u00f1ana.","author":"estrategica.com","date":"enero 31, 2009","format":false,"excerpt":"Campa\u00f1a de la Socialdemocracia de 1969. El afiche muestra al candidato, Willy Brandt, en actitud explicativa tanto facial como corporal. El texto dice: \u201cPara que usted pueda vivir en paz ma\u00f1ana\u201d. La campa\u00f1a se desarrolla en el contexto de la guerra fr\u00eda, por eso Brandt fundamenta su discurso en \u201cM\u00e1s\u2026","rel":"","context":"En \u00abAFICHES\u00bb","block_context":{"text":"AFICHES","link":"https:\/\/estrategica.com.co\/blog\/category\/afiches\/"},"img":{"alt_text":"","src":"https:\/\/i0.wp.com\/estrategica.com.co\/blog\/wp-content\/uploads\/2009\/01\/wahlplakat_69.jpg?fit=281%2C400&ssl=1&resize=350%2C200","width":350,"height":200},"classes":[]},{"id":3242,"url":"https:\/\/estrategica.com.co\/blog\/el-cancillar-del-medio\/","url_meta":{"origin":3221,"position":3},"title":"El canciller del medio.","author":"estrategica.com","date":"enero 31, 2009","format":false,"excerpt":"Afiche para las elecciones federales de 2002. En la imagen aparece el canciller en ejercicio Gerhard Schr\u00f6der con el se\u00f1o fruncido, en actitud en\u00e9rgica, mirando desafiante al observador. El gobierno encara estas elecciones con tranquilidad y la popularidad derivada de haber rechazado la invasi\u00f3n a Irak por parte del gobierno\u2026","rel":"","context":"En \u00abAFICHES\u00bb","block_context":{"text":"AFICHES","link":"https:\/\/estrategica.com.co\/blog\/category\/afiches\/"},"img":{"alt_text":"","src":"https:\/\/i0.wp.com\/estrategica.com.co\/blog\/wp-content\/uploads\/2009\/01\/alemania.jpg?fit=246%2C342&ssl=1&resize=350%2C200","width":350,"height":200},"classes":[]},{"id":3257,"url":"https:\/\/estrategica.com.co\/blog\/el-que-quiere-la-paz-debe-ser-constante\/","url_meta":{"origin":3221,"position":4},"title":"El que quiere la paz debe ser constante","author":"estrategica.com","date":"febrero 1, 2009","format":false,"excerpt":"Afiche del Partido Socialdem\u00f3crata para las elecciones de 2005. Las elecciones fueron convocadas por el canciller Schr\u00f6der al perder sus mayor\u00edas parlamentarias con lo cual la oposici\u00f3n hubiera podido bloquear la acci\u00f3n del gobierno en el Bundestag. La campa\u00f1a comenz\u00f3 con una desventaja para Schr\u00f6der, seg\u00fan las encuestas, de casi\u2026","rel":"","context":"En \u00abAFICHES\u00bb","block_context":{"text":"AFICHES","link":"https:\/\/estrategica.com.co\/blog\/category\/afiches\/"},"img":{"alt_text":"","src":"https:\/\/i0.wp.com\/estrategica.com.co\/blog\/wp-content\/uploads\/2009\/02\/schroeder100.jpg?fit=422%2C297&ssl=1&resize=350%2C200","width":350,"height":200},"classes":[]},{"id":3245,"url":"https:\/\/estrategica.com.co\/blog\/basta-de-controversias\/","url_meta":{"origin":3221,"position":5},"title":"Basta de Controversias","author":"estrategica.com","date":"enero 31, 2009","format":false,"excerpt":"Afiche para las elecciones austriacas de 2008 por el Partido Socialdem\u00f3crata Austriaco. La imagen es la de Werner Faymann l\u00edder del partido y quien se muestra en actitud amable, sonriendo y con un traje que contrasta con el rojo encendido del fondo. El slogan es contundente: \u201cBasta de Controversias\u201d, la\u2026","rel":"","context":"En \u00abAFICHES\u00bb","block_context":{"text":"AFICHES","link":"https:\/\/estrategica.com.co\/blog\/category\/afiches\/"},"img":{"alt_text":"","src":"https:\/\/i0.wp.com\/estrategica.com.co\/blog\/wp-content\/uploads\/2009\/01\/wahlplakat_176553a.jpg?fit=400%2C287&ssl=1&resize=350%2C200","width":350,"height":200},"classes":[]}],"jetpack_sharing_enabled":true,"_links":{"self":[{"href":"https:\/\/estrategica.com.co\/blog\/wp-json\/wp\/v2\/posts\/3221","targetHints":{"allow":["GET"]}}],"collection":[{"href":"https:\/\/estrategica.com.co\/blog\/wp-json\/wp\/v2\/posts"}],"about":[{"href":"https:\/\/estrategica.com.co\/blog\/wp-json\/wp\/v2\/types\/post"}],"author":[{"embeddable":true,"href":"https:\/\/estrategica.com.co\/blog\/wp-json\/wp\/v2\/users\/4"}],"replies":[{"embeddable":true,"href":"https:\/\/estrategica.com.co\/blog\/wp-json\/wp\/v2\/comments?post=3221"}],"version-history":[{"count":1,"href":"https:\/\/estrategica.com.co\/blog\/wp-json\/wp\/v2\/posts\/3221\/revisions"}],"predecessor-version":[{"id":3222,"href":"https:\/\/estrategica.com.co\/blog\/wp-json\/wp\/v2\/posts\/3221\/revisions\/3222"}],"wp:featuredmedia":[{"embeddable":true,"href":"https:\/\/estrategica.com.co\/blog\/wp-json\/wp\/v2\/media\/3220"}],"wp:attachment":[{"href":"https:\/\/estrategica.com.co\/blog\/wp-json\/wp\/v2\/media?parent=3221"}],"wp:term":[{"taxonomy":"category","embeddable":true,"href":"https:\/\/estrategica.com.co\/blog\/wp-json\/wp\/v2\/categories?post=3221"},{"taxonomy":"post_tag","embeddable":true,"href":"https:\/\/estrategica.com.co\/blog\/wp-json\/wp\/v2\/tags?post=3221"}],"curies":[{"name":"wp","href":"https:\/\/api.w.org\/{rel}","templated":true}]}}