{"id":3230,"date":"2009-01-31T20:21:25","date_gmt":"2009-01-31T20:21:25","guid":{"rendered":"http:\/\/estrategica.com.co\/blog\/?p=3230"},"modified":"2009-01-31T20:43:00","modified_gmt":"2009-01-31T20:43:00","slug":"para-que-usted-pueda-vivir-en-paz-manana","status":"publish","type":"post","link":"https:\/\/estrategica.com.co\/blog\/para-que-usted-pueda-vivir-en-paz-manana\/","title":{"rendered":"Para que usted pueda vivir en paz ma\u00f1ana."},"content":{"rendered":"<p><img loading=\"lazy\" decoding=\"async\" data-attachment-id=\"3229\" data-permalink=\"https:\/\/estrategica.com.co\/blog\/para-que-usted-pueda-vivir-en-paz-manana\/wahlplakat_69\/\" data-orig-file=\"https:\/\/i0.wp.com\/estrategica.com.co\/blog\/wp-content\/uploads\/2009\/01\/wahlplakat_69.jpg?fit=281%2C400&amp;ssl=1\" data-orig-size=\"281,400\" data-comments-opened=\"1\" data-image-meta=\"{&quot;aperture&quot;:&quot;0&quot;,&quot;credit&quot;:&quot;&quot;,&quot;camera&quot;:&quot;&quot;,&quot;caption&quot;:&quot;&quot;,&quot;created_timestamp&quot;:&quot;0&quot;,&quot;copyright&quot;:&quot;&quot;,&quot;focal_length&quot;:&quot;0&quot;,&quot;iso&quot;:&quot;0&quot;,&quot;shutter_speed&quot;:&quot;0&quot;,&quot;title&quot;:&quot;&quot;}\" data-image-title=\"wahlplakat_69\" data-image-description=\"\" data-image-caption=\"\" data-medium-file=\"https:\/\/i0.wp.com\/estrategica.com.co\/blog\/wp-content\/uploads\/2009\/01\/wahlplakat_69.jpg?fit=210%2C300&amp;ssl=1\" data-large-file=\"https:\/\/i0.wp.com\/estrategica.com.co\/blog\/wp-content\/uploads\/2009\/01\/wahlplakat_69.jpg?fit=281%2C400&amp;ssl=1\" class=\"alignnone size-full wp-image-3229\" title=\"wahlplakat_69\" src=\"https:\/\/i0.wp.com\/estrategica.com.co\/blog\/wp-content\/uploads\/2009\/01\/wahlplakat_69.jpg?resize=281%2C400\" alt=\"wahlplakat_69\" width=\"281\" height=\"400\" srcset=\"https:\/\/i0.wp.com\/estrategica.com.co\/blog\/wp-content\/uploads\/2009\/01\/wahlplakat_69.jpg?w=281&amp;ssl=1 281w, https:\/\/i0.wp.com\/estrategica.com.co\/blog\/wp-content\/uploads\/2009\/01\/wahlplakat_69.jpg?resize=210%2C300&amp;ssl=1 210w\" sizes=\"(max-width: 281px) 100vw, 281px\" data-recalc-dims=\"1\" \/><\/p>\n<p class=\"MsoNormal\" style=\"margin: 0cm 0cm 0pt; text-align: justify;\"><span style=\"mso-ansi-language: ES-CO;\" lang=\"ES-CO\"><span style=\"font-size: small;\"><span style=\"font-family: Times New Roman;\">Campa\u00f1a de la Socialdemocracia de 1969. El afiche muestra al candidato, Willy Brandt, en actitud explicativa tanto facial como corporal. El texto dice: \u201cPara que usted pueda vivir en paz ma\u00f1ana\u201d. La campa\u00f1a se desarrolla en el contexto de la guerra fr\u00eda, por eso Brandt fundamenta su discurso en \u201cM\u00e1s Democracia y M\u00e1s Democracias\u201d. Gana las elecciones por un estrecho margen y sube al poder despu\u00e9s de negociar una coalici\u00f3n con una fuerza liberal. Brandt impuls\u00f3 la apertura hacia Alemania Oriental e impulso la Comunidad Econ\u00f3mica Europea.<\/span><\/span><\/span><\/p>\n<p class=\"MsoNormal\" style=\"margin: 0cm 0cm 0pt; text-align: justify;\"><span style=\"mso-ansi-language: ES-CO;\" lang=\"ES-CO\"><span style=\"font-size: small;\"><span style=\"font-family: Times New Roman;\"><\/span><\/span><\/span><\/p>\n","protected":false},"excerpt":{"rendered":"<p>Campa\u00f1a de la Socialdemocracia de 1969. El afiche muestra al candidato, Willy Brandt, en actitud explicativa tanto facial como corporal. El texto dice: \u201cPara que usted pueda vivir en paz ma\u00f1ana\u201d. La campa\u00f1a se desarrolla en el contexto de la guerra fr\u00eda, por eso Brandt fundamenta su discurso en \u201cM\u00e1s Democracia y M\u00e1s Democracias\u201d. Gana [&hellip;]<\/p>\n","protected":false},"author":4,"featured_media":3229,"comment_status":"open","ping_status":"open","sticky":false,"template":"","format":"standard","meta":{"_et_pb_use_builder":"","_et_pb_old_content":"","_et_gb_content_width":"","advanced_seo_description":"","jetpack_seo_html_title":"","jetpack_seo_noindex":false,"footnotes":""},"categories":[5,159,57,46,10,11],"tags":[225,223,222,221],"class_list":["post-3230","post","type-post","status-publish","format-standard","has-post-thumbnail","hentry","category-afiches","category-alemania","category-campana-presidencial","category-fotograficos","category-geo","category-temas","tag-elecciones-1969","tag-partido-socialdemocrata-aleman","tag-spd","tag-willy-brandt"],"jetpack_featured_media_url":"https:\/\/i0.wp.com\/estrategica.com.co\/blog\/wp-content\/uploads\/2009\/01\/wahlplakat_69.jpg?fit=281%2C400&ssl=1","jetpack_shortlink":"https:\/\/wp.me\/p4wgsh-Q6","jetpack-related-posts":[{"id":3221,"url":"https:\/\/estrategica.com.co\/blog\/willy-brandt-debe-seguir-siendo-canciller\/","url_meta":{"origin":3230,"position":0},"title":"Willy Brandt debe seguir siendo Canciller","author":"estrategica.com","date":"enero 31, 2009","format":false,"excerpt":"Afiche de las elecciones federales de 1972. Las elecciones se convocan para enfrentar la crisis generada ese a\u00f1o, pues la coalici\u00f3n de gobierno perdi\u00f3 sus mayor\u00edas como consecuencia de que algunos parlamentarios del FDP se convirtieron en miembros de la CDU\/CSU con el fin de rechazar la pol\u00edtica de Willy\u2026","rel":"","context":"En \u00abAFICHES\u00bb","block_context":{"text":"AFICHES","link":"https:\/\/estrategica.com.co\/blog\/category\/afiches\/"},"img":{"alt_text":"","src":"https:\/\/i0.wp.com\/estrategica.com.co\/blog\/wp-content\/uploads\/2009\/01\/wahlplakat_willy_brandt-foto-bild-86-12395586.jpg?fit=320%2C426&ssl=1&resize=350%2C200","width":350,"height":200},"classes":[]},{"id":3224,"url":"https:\/\/estrategica.com.co\/blog\/alemanes-podemos-estar-orgullosos-de-nuestro-pais\/","url_meta":{"origin":3230,"position":1},"title":"Alemanes: podemos estar orgullosos de nuestro pa\u00eds","author":"estrategica.com","date":"enero 31, 2009","format":false,"excerpt":"Afiche de las elecciones federales de 1972. Las elecciones se convocan para enfrentar la crisis generada ese a\u00f1o, pues la coalici\u00f3n de gobierno perdi\u00f3 sus mayor\u00edas como consecuencia de que algunos parlamentarios del FDP se convirtieron en miembros de la CDU\/CSU con el fin de rechazar la pol\u00edtica de Willy\u2026","rel":"","context":"En \u00abAFICHES\u00bb","block_context":{"text":"AFICHES","link":"https:\/\/estrategica.com.co\/blog\/category\/afiches\/"},"img":{"alt_text":"","src":"https:\/\/i0.wp.com\/estrategica.com.co\/blog\/wp-content\/uploads\/2009\/01\/index.jpg?fit=350%2C499&ssl=1&resize=350%2C200","width":350,"height":200},"classes":[]},{"id":3235,"url":"https:\/\/estrategica.com.co\/blog\/lo-que-crece-unido-permanece-unido\/","url_meta":{"origin":3230,"position":2},"title":"Lo que crece unido permanece unido.","author":"estrategica.com","date":"enero 31, 2009","format":false,"excerpt":"Campa\u00f1a de la Socialdemocracia para las elecciones de 1990. El afiche muestra a Willy Brandt, en la puerta de Brandenburgo, ante una multitud. La frase dice: \u201cLo que crece unido permanece unido\u201d. La estrategia electoral es evidenciar el trabajo de los socialdem\u00f3cratas por la reunificaci\u00f3n y como ahora se trata\u2026","rel":"","context":"En \u00abAFICHES\u00bb","block_context":{"text":"AFICHES","link":"https:\/\/estrategica.com.co\/blog\/category\/afiches\/"},"img":{"alt_text":"","src":"https:\/\/i0.wp.com\/estrategica.com.co\/blog\/wp-content\/uploads\/2009\/01\/brandt.jpg?fit=500%2C355&ssl=1&resize=350%2C200","width":350,"height":200},"classes":[]},{"id":3257,"url":"https:\/\/estrategica.com.co\/blog\/el-que-quiere-la-paz-debe-ser-constante\/","url_meta":{"origin":3230,"position":3},"title":"El que quiere la paz debe ser constante","author":"estrategica.com","date":"febrero 1, 2009","format":false,"excerpt":"Afiche del Partido Socialdem\u00f3crata para las elecciones de 2005. Las elecciones fueron convocadas por el canciller Schr\u00f6der al perder sus mayor\u00edas parlamentarias con lo cual la oposici\u00f3n hubiera podido bloquear la acci\u00f3n del gobierno en el Bundestag. La campa\u00f1a comenz\u00f3 con una desventaja para Schr\u00f6der, seg\u00fan las encuestas, de casi\u2026","rel":"","context":"En \u00abAFICHES\u00bb","block_context":{"text":"AFICHES","link":"https:\/\/estrategica.com.co\/blog\/category\/afiches\/"},"img":{"alt_text":"","src":"https:\/\/i0.wp.com\/estrategica.com.co\/blog\/wp-content\/uploads\/2009\/02\/schroeder100.jpg?fit=422%2C297&ssl=1&resize=350%2C200","width":350,"height":200},"classes":[]},{"id":3239,"url":"https:\/\/estrategica.com.co\/blog\/seguridad-para-alemania\/","url_meta":{"origin":3230,"position":4},"title":"Seguridad para Alemania","author":"estrategica.com","date":"enero 31, 2009","format":false,"excerpt":"Afiche de campa\u00f1a de los socialdem\u00f3cratas para las elecciones de 1976. La imagen muestra a Helmut Schmidt meditando mientras en la parte inferior se lee: \u201cSeguridad para Alemania\u201d. La frase hace alusi\u00f3n a la preocupaci\u00f3n m\u00e1s grande del momento fruto de la guerra fr\u00eda y el terrorismo que asola Europa.\u2026","rel":"","context":"En \u00abAFICHES\u00bb","block_context":{"text":"AFICHES","link":"https:\/\/estrategica.com.co\/blog\/category\/afiches\/"},"img":{"alt_text":"","src":"https:\/\/i0.wp.com\/estrategica.com.co\/blog\/wp-content\/uploads\/2009\/01\/wahlplakat.jpg?fit=378%2C539&ssl=1&resize=350%2C200","width":350,"height":200},"classes":[]},{"id":3215,"url":"https:\/\/estrategica.com.co\/blog\/tenemos-oportunidades\/","url_meta":{"origin":3230,"position":5},"title":"Tenemos Oportunidades &#8211; Merkel","author":"estrategica.com","date":"enero 31, 2009","format":false,"excerpt":"Campa\u00f1a de la Democracia Cristiana para las elecciones alemanas de 2005. La imagen muestra en primer plano el rostro de Angela Merkel, la candidata a la presidencia. El rostro es agradable, genera amistad y transparencia y mira a los ojos del elector construyendo un v\u00ednculo de confianza. La campa\u00f1a de\u2026","rel":"","context":"En \u00abAFICHES\u00bb","block_context":{"text":"AFICHES","link":"https:\/\/estrategica.com.co\/blog\/category\/afiches\/"},"img":{"alt_text":"","src":"https:\/\/i0.wp.com\/estrategica.com.co\/blog\/wp-content\/uploads\/2009\/01\/wahlplakat-merkel.jpg?fit=350%2C442&ssl=1&resize=350%2C200","width":350,"height":200},"classes":[]}],"jetpack_sharing_enabled":true,"_links":{"self":[{"href":"https:\/\/estrategica.com.co\/blog\/wp-json\/wp\/v2\/posts\/3230","targetHints":{"allow":["GET"]}}],"collection":[{"href":"https:\/\/estrategica.com.co\/blog\/wp-json\/wp\/v2\/posts"}],"about":[{"href":"https:\/\/estrategica.com.co\/blog\/wp-json\/wp\/v2\/types\/post"}],"author":[{"embeddable":true,"href":"https:\/\/estrategica.com.co\/blog\/wp-json\/wp\/v2\/users\/4"}],"replies":[{"embeddable":true,"href":"https:\/\/estrategica.com.co\/blog\/wp-json\/wp\/v2\/comments?post=3230"}],"version-history":[{"count":3,"href":"https:\/\/estrategica.com.co\/blog\/wp-json\/wp\/v2\/posts\/3230\/revisions"}],"predecessor-version":[{"id":3232,"href":"https:\/\/estrategica.com.co\/blog\/wp-json\/wp\/v2\/posts\/3230\/revisions\/3232"}],"wp:featuredmedia":[{"embeddable":true,"href":"https:\/\/estrategica.com.co\/blog\/wp-json\/wp\/v2\/media\/3229"}],"wp:attachment":[{"href":"https:\/\/estrategica.com.co\/blog\/wp-json\/wp\/v2\/media?parent=3230"}],"wp:term":[{"taxonomy":"category","embeddable":true,"href":"https:\/\/estrategica.com.co\/blog\/wp-json\/wp\/v2\/categories?post=3230"},{"taxonomy":"post_tag","embeddable":true,"href":"https:\/\/estrategica.com.co\/blog\/wp-json\/wp\/v2\/tags?post=3230"}],"curies":[{"name":"wp","href":"https:\/\/api.w.org\/{rel}","templated":true}]}}