{"id":3235,"date":"2009-01-31T20:53:50","date_gmt":"2009-01-31T20:53:50","guid":{"rendered":"http:\/\/estrategica.com.co\/blog\/?p=3235"},"modified":"2009-01-31T20:54:55","modified_gmt":"2009-01-31T20:54:55","slug":"lo-que-crece-unido-permanece-unido","status":"publish","type":"post","link":"https:\/\/estrategica.com.co\/blog\/lo-que-crece-unido-permanece-unido\/","title":{"rendered":"Lo que crece unido permanece unido."},"content":{"rendered":"<p><img loading=\"lazy\" decoding=\"async\" data-attachment-id=\"3234\" data-permalink=\"https:\/\/estrategica.com.co\/blog\/lo-que-crece-unido-permanece-unido\/brandt\/\" data-orig-file=\"https:\/\/i0.wp.com\/estrategica.com.co\/blog\/wp-content\/uploads\/2009\/01\/brandt.jpg?fit=500%2C355&amp;ssl=1\" data-orig-size=\"500,355\" data-comments-opened=\"1\" data-image-meta=\"{&quot;aperture&quot;:&quot;0&quot;,&quot;credit&quot;:&quot;&quot;,&quot;camera&quot;:&quot;&quot;,&quot;caption&quot;:&quot;&quot;,&quot;created_timestamp&quot;:&quot;0&quot;,&quot;copyright&quot;:&quot;&quot;,&quot;focal_length&quot;:&quot;0&quot;,&quot;iso&quot;:&quot;0&quot;,&quot;shutter_speed&quot;:&quot;0&quot;,&quot;title&quot;:&quot;&quot;}\" data-image-title=\"brandt\" data-image-description=\"\" data-image-caption=\"\" data-medium-file=\"https:\/\/i0.wp.com\/estrategica.com.co\/blog\/wp-content\/uploads\/2009\/01\/brandt.jpg?fit=300%2C213&amp;ssl=1\" data-large-file=\"https:\/\/i0.wp.com\/estrategica.com.co\/blog\/wp-content\/uploads\/2009\/01\/brandt.jpg?fit=500%2C355&amp;ssl=1\" class=\"alignnone size-full wp-image-3234\" title=\"brandt\" src=\"https:\/\/i0.wp.com\/estrategica.com.co\/blog\/wp-content\/uploads\/2009\/01\/brandt.jpg?resize=500%2C355\" alt=\"brandt\" width=\"500\" height=\"355\" srcset=\"https:\/\/i0.wp.com\/estrategica.com.co\/blog\/wp-content\/uploads\/2009\/01\/brandt.jpg?w=500&amp;ssl=1 500w, https:\/\/i0.wp.com\/estrategica.com.co\/blog\/wp-content\/uploads\/2009\/01\/brandt.jpg?resize=300%2C213&amp;ssl=1 300w\" sizes=\"(max-width: 500px) 100vw, 500px\" data-recalc-dims=\"1\" \/><\/p>\n<p class=\"MsoNormal\" style=\"margin: 0cm 0cm 0pt; text-align: justify;\"><span style=\"font-family: Arial;\"><span style=\"font-size: small;\">Campa\u00f1a de la Socialdemocracia para las elecciones de 1990. El afiche muestra a Willy Brandt, en la puerta de Brandenburgo, ante una multitud. La frase dice: \u201cLo que crece unido permanece unido\u201d. La estrategia electoral es evidenciar el trabajo de los socialdem\u00f3cratas por la reunificaci\u00f3n y como ahora se trata de crecer como naci\u00f3n. Se apela a la figura de Brandt por lo que signific\u00f3 en este proceso.<\/span><\/span><\/p>\n<p class=\"MsoNormal\" style=\"margin: 0cm 0cm 0pt; text-align: justify;\"><span style=\"font-family: Arial;\"><span style=\"font-size: small;\"><\/span><\/span><\/p>\n","protected":false},"excerpt":{"rendered":"<p>Campa\u00f1a de la Socialdemocracia para las elecciones de 1990. El afiche muestra a Willy Brandt, en la puerta de Brandenburgo, ante una multitud. La frase dice: \u201cLo que crece unido permanece unido\u201d. La estrategia electoral es evidenciar el trabajo de los socialdem\u00f3cratas por la reunificaci\u00f3n y como ahora se trata de crecer como naci\u00f3n. Se [&hellip;]<\/p>\n","protected":false},"author":4,"featured_media":3234,"comment_status":"open","ping_status":"open","sticky":false,"template":"","format":"standard","meta":{"_et_pb_use_builder":"","_et_pb_old_content":"","_et_gb_content_width":"","advanced_seo_description":"","jetpack_seo_html_title":"","jetpack_seo_noindex":false,"footnotes":""},"categories":[5,159,58,46,10,11],"tags":[226,223,222,221],"class_list":["post-3235","post","type-post","status-publish","format-standard","has-post-thumbnail","hentry","category-afiches","category-alemania","category-campana-colegiada","category-fotograficos","category-geo","category-temas","tag-elecciones-1990","tag-partido-socialdemocrata-aleman","tag-spd","tag-willy-brandt"],"jetpack_featured_media_url":"https:\/\/i0.wp.com\/estrategica.com.co\/blog\/wp-content\/uploads\/2009\/01\/brandt.jpg?fit=500%2C355&ssl=1","jetpack_shortlink":"https:\/\/wp.me\/p4wgsh-Qb","jetpack-related-posts":[{"id":3221,"url":"https:\/\/estrategica.com.co\/blog\/willy-brandt-debe-seguir-siendo-canciller\/","url_meta":{"origin":3235,"position":0},"title":"Willy Brandt debe seguir siendo Canciller","author":"estrategica.com","date":"enero 31, 2009","format":false,"excerpt":"Afiche de las elecciones federales de 1972. Las elecciones se convocan para enfrentar la crisis generada ese a\u00f1o, pues la coalici\u00f3n de gobierno perdi\u00f3 sus mayor\u00edas como consecuencia de que algunos parlamentarios del FDP se convirtieron en miembros de la CDU\/CSU con el fin de rechazar la pol\u00edtica de Willy\u2026","rel":"","context":"En \u00abAFICHES\u00bb","block_context":{"text":"AFICHES","link":"https:\/\/estrategica.com.co\/blog\/category\/afiches\/"},"img":{"alt_text":"","src":"https:\/\/i0.wp.com\/estrategica.com.co\/blog\/wp-content\/uploads\/2009\/01\/wahlplakat_willy_brandt-foto-bild-86-12395586.jpg?fit=320%2C426&ssl=1&resize=350%2C200","width":350,"height":200},"classes":[]},{"id":3224,"url":"https:\/\/estrategica.com.co\/blog\/alemanes-podemos-estar-orgullosos-de-nuestro-pais\/","url_meta":{"origin":3235,"position":1},"title":"Alemanes: podemos estar orgullosos de nuestro pa\u00eds","author":"estrategica.com","date":"enero 31, 2009","format":false,"excerpt":"Afiche de las elecciones federales de 1972. Las elecciones se convocan para enfrentar la crisis generada ese a\u00f1o, pues la coalici\u00f3n de gobierno perdi\u00f3 sus mayor\u00edas como consecuencia de que algunos parlamentarios del FDP se convirtieron en miembros de la CDU\/CSU con el fin de rechazar la pol\u00edtica de Willy\u2026","rel":"","context":"En \u00abAFICHES\u00bb","block_context":{"text":"AFICHES","link":"https:\/\/estrategica.com.co\/blog\/category\/afiches\/"},"img":{"alt_text":"","src":"https:\/\/i0.wp.com\/estrategica.com.co\/blog\/wp-content\/uploads\/2009\/01\/index.jpg?fit=350%2C499&ssl=1&resize=350%2C200","width":350,"height":200},"classes":[]},{"id":3230,"url":"https:\/\/estrategica.com.co\/blog\/para-que-usted-pueda-vivir-en-paz-manana\/","url_meta":{"origin":3235,"position":2},"title":"Para que usted pueda vivir en paz ma\u00f1ana.","author":"estrategica.com","date":"enero 31, 2009","format":false,"excerpt":"Campa\u00f1a de la Socialdemocracia de 1969. El afiche muestra al candidato, Willy Brandt, en actitud explicativa tanto facial como corporal. El texto dice: \u201cPara que usted pueda vivir en paz ma\u00f1ana\u201d. La campa\u00f1a se desarrolla en el contexto de la guerra fr\u00eda, por eso Brandt fundamenta su discurso en \u201cM\u00e1s\u2026","rel":"","context":"En \u00abAFICHES\u00bb","block_context":{"text":"AFICHES","link":"https:\/\/estrategica.com.co\/blog\/category\/afiches\/"},"img":{"alt_text":"","src":"https:\/\/i0.wp.com\/estrategica.com.co\/blog\/wp-content\/uploads\/2009\/01\/wahlplakat_69.jpg?fit=281%2C400&ssl=1&resize=350%2C200","width":350,"height":200},"classes":[]},{"id":3249,"url":"https:\/\/estrategica.com.co\/blog\/estoy-listo\/","url_meta":{"origin":3235,"position":3},"title":"Estoy Listo","author":"estrategica.com","date":"febrero 1, 2009","format":false,"excerpt":"Afiche de campa\u00f1a del Partido Socialdem\u00f3crata Alem\u00e1n para las elecciones de 1998. La imagen presenta al carism\u00e1tico Schr\u00f6der que apel\u00f3 durante la campa\u00f1a al centro y su estrategia no fue la de propugnar el cambio sino en profundizar e las cosas para hacerla mejor. En lugar de presentarse como un\u2026","rel":"","context":"En \u00abAFICHES\u00bb","block_context":{"text":"AFICHES","link":"https:\/\/estrategica.com.co\/blog\/category\/afiches\/"},"img":{"alt_text":"","src":"https:\/\/i0.wp.com\/estrategica.com.co\/blog\/wp-content\/uploads\/2009\/02\/bild71g.jpg?fit=250%2C350&ssl=1&resize=350%2C200","width":350,"height":200},"classes":[]},{"id":3245,"url":"https:\/\/estrategica.com.co\/blog\/basta-de-controversias\/","url_meta":{"origin":3235,"position":4},"title":"Basta de Controversias","author":"estrategica.com","date":"enero 31, 2009","format":false,"excerpt":"Afiche para las elecciones austriacas de 2008 por el Partido Socialdem\u00f3crata Austriaco. La imagen es la de Werner Faymann l\u00edder del partido y quien se muestra en actitud amable, sonriendo y con un traje que contrasta con el rojo encendido del fondo. El slogan es contundente: \u201cBasta de Controversias\u201d, la\u2026","rel":"","context":"En \u00abAFICHES\u00bb","block_context":{"text":"AFICHES","link":"https:\/\/estrategica.com.co\/blog\/category\/afiches\/"},"img":{"alt_text":"","src":"https:\/\/i0.wp.com\/estrategica.com.co\/blog\/wp-content\/uploads\/2009\/01\/wahlplakat_176553a.jpg?fit=400%2C287&ssl=1&resize=350%2C200","width":350,"height":200},"classes":[]},{"id":3252,"url":"https:\/\/estrategica.com.co\/blog\/la-nueva-opcion\/","url_meta":{"origin":3235,"position":5},"title":"La nueva opci\u00f3n","author":"estrategica.com","date":"febrero 1, 2009","format":false,"excerpt":"Afiche para las elecciones austriacas de 2008 por el Partido Socialdem\u00f3crata Austriaco. La imagen es la de Werner Faymann l\u00edder del partido y quien se muestra en actitud amable, sonriendo y con un traje que contrasta con el rojo encendido del fondo. El slogan dice: \u201cLa nueva opci\u00f3n\u201d, apelando al\u2026","rel":"","context":"En \u00abAFICHES\u00bb","block_context":{"text":"AFICHES","link":"https:\/\/estrategica.com.co\/blog\/category\/afiches\/"},"img":{"alt_text":"","src":"https:\/\/i0.wp.com\/estrategica.com.co\/blog\/wp-content\/uploads\/2009\/02\/dz_sp01.jpg?fit=640%2C296&ssl=1&resize=350%2C200","width":350,"height":200},"classes":[]}],"jetpack_sharing_enabled":true,"_links":{"self":[{"href":"https:\/\/estrategica.com.co\/blog\/wp-json\/wp\/v2\/posts\/3235","targetHints":{"allow":["GET"]}}],"collection":[{"href":"https:\/\/estrategica.com.co\/blog\/wp-json\/wp\/v2\/posts"}],"about":[{"href":"https:\/\/estrategica.com.co\/blog\/wp-json\/wp\/v2\/types\/post"}],"author":[{"embeddable":true,"href":"https:\/\/estrategica.com.co\/blog\/wp-json\/wp\/v2\/users\/4"}],"replies":[{"embeddable":true,"href":"https:\/\/estrategica.com.co\/blog\/wp-json\/wp\/v2\/comments?post=3235"}],"version-history":[{"count":2,"href":"https:\/\/estrategica.com.co\/blog\/wp-json\/wp\/v2\/posts\/3235\/revisions"}],"predecessor-version":[{"id":3237,"href":"https:\/\/estrategica.com.co\/blog\/wp-json\/wp\/v2\/posts\/3235\/revisions\/3237"}],"wp:featuredmedia":[{"embeddable":true,"href":"https:\/\/estrategica.com.co\/blog\/wp-json\/wp\/v2\/media\/3234"}],"wp:attachment":[{"href":"https:\/\/estrategica.com.co\/blog\/wp-json\/wp\/v2\/media?parent=3235"}],"wp:term":[{"taxonomy":"category","embeddable":true,"href":"https:\/\/estrategica.com.co\/blog\/wp-json\/wp\/v2\/categories?post=3235"},{"taxonomy":"post_tag","embeddable":true,"href":"https:\/\/estrategica.com.co\/blog\/wp-json\/wp\/v2\/tags?post=3235"}],"curies":[{"name":"wp","href":"https:\/\/api.w.org\/{rel}","templated":true}]}}