{"id":3239,"date":"2009-01-31T21:15:52","date_gmt":"2009-01-31T21:15:52","guid":{"rendered":"http:\/\/estrategica.com.co\/blog\/?p=3239"},"modified":"2009-01-31T21:15:52","modified_gmt":"2009-01-31T21:15:52","slug":"seguridad-para-alemania","status":"publish","type":"post","link":"https:\/\/estrategica.com.co\/blog\/seguridad-para-alemania\/","title":{"rendered":"Seguridad para Alemania"},"content":{"rendered":"<p><img loading=\"lazy\" decoding=\"async\" data-attachment-id=\"3238\" data-permalink=\"https:\/\/estrategica.com.co\/blog\/seguridad-para-alemania\/wahlplakat\/\" data-orig-file=\"https:\/\/i0.wp.com\/estrategica.com.co\/blog\/wp-content\/uploads\/2009\/01\/wahlplakat.jpg?fit=378%2C539&amp;ssl=1\" data-orig-size=\"378,539\" data-comments-opened=\"1\" data-image-meta=\"{&quot;aperture&quot;:&quot;0&quot;,&quot;credit&quot;:&quot;&quot;,&quot;camera&quot;:&quot;&quot;,&quot;caption&quot;:&quot;&quot;,&quot;created_timestamp&quot;:&quot;0&quot;,&quot;copyright&quot;:&quot;&quot;,&quot;focal_length&quot;:&quot;0&quot;,&quot;iso&quot;:&quot;0&quot;,&quot;shutter_speed&quot;:&quot;0&quot;,&quot;title&quot;:&quot;&quot;}\" data-image-title=\"wahlplakat\" data-image-description=\"\" data-image-caption=\"\" data-medium-file=\"https:\/\/i0.wp.com\/estrategica.com.co\/blog\/wp-content\/uploads\/2009\/01\/wahlplakat.jpg?fit=210%2C300&amp;ssl=1\" data-large-file=\"https:\/\/i0.wp.com\/estrategica.com.co\/blog\/wp-content\/uploads\/2009\/01\/wahlplakat.jpg?fit=378%2C539&amp;ssl=1\" class=\"alignnone size-full wp-image-3238\" title=\"wahlplakat\" src=\"https:\/\/i0.wp.com\/estrategica.com.co\/blog\/wp-content\/uploads\/2009\/01\/wahlplakat.jpg?resize=378%2C539\" alt=\"wahlplakat\" width=\"378\" height=\"539\" srcset=\"https:\/\/i0.wp.com\/estrategica.com.co\/blog\/wp-content\/uploads\/2009\/01\/wahlplakat.jpg?w=378&amp;ssl=1 378w, https:\/\/i0.wp.com\/estrategica.com.co\/blog\/wp-content\/uploads\/2009\/01\/wahlplakat.jpg?resize=210%2C300&amp;ssl=1 210w\" sizes=\"(max-width: 378px) 100vw, 378px\" data-recalc-dims=\"1\" \/><\/p>\n<p class=\"MsoNormal\" style=\"margin: 0cm 0cm 0pt; text-align: justify;\"><span style=\"font-family: Arial;\"><span style=\"font-size: small;\">Afiche de campa\u00f1a de los socialdem\u00f3cratas para las elecciones de 1976. La imagen muestra a Helmut Schmidt meditando mientras en la parte inferior se lee: \u201cSeguridad para Alemania\u201d. La frase hace alusi\u00f3n a la preocupaci\u00f3n m\u00e1s grande del momento fruto de la guerra fr\u00eda y el terrorismo que asola Europa. La imagen trasmite seriedad y credibilidad.<\/span><\/span><\/p>\n<p class=\"MsoNormal\" style=\"margin: 0cm 0cm 0pt; text-align: justify;\"><span style=\"font-family: Arial;\"><span style=\"font-size: small;\"><\/span><\/span><\/p>\n","protected":false},"excerpt":{"rendered":"<p>Afiche de campa\u00f1a de los socialdem\u00f3cratas para las elecciones de 1976. La imagen muestra a Helmut Schmidt meditando mientras en la parte inferior se lee: \u201cSeguridad para Alemania\u201d. La frase hace alusi\u00f3n a la preocupaci\u00f3n m\u00e1s grande del momento fruto de la guerra fr\u00eda y el terrorismo que asola Europa. La imagen trasmite seriedad y [&hellip;]<\/p>\n","protected":false},"author":4,"featured_media":3238,"comment_status":"open","ping_status":"open","sticky":false,"template":"","format":"standard","meta":{"_et_pb_use_builder":"","_et_pb_old_content":"","_et_gb_content_width":"","advanced_seo_description":"","jetpack_seo_html_title":"","jetpack_seo_noindex":false,"footnotes":""},"categories":[5,159,57,46,10,11],"tags":[228,227,223,222],"class_list":["post-3239","post","type-post","status-publish","format-standard","has-post-thumbnail","hentry","category-afiches","category-alemania","category-campana-presidencial","category-fotograficos","category-geo","category-temas","tag-elecciones-1976","tag-helmut-schmidt","tag-partido-socialdemocrata-aleman","tag-spd"],"jetpack_featured_media_url":"https:\/\/i0.wp.com\/estrategica.com.co\/blog\/wp-content\/uploads\/2009\/01\/wahlplakat.jpg?fit=378%2C539&ssl=1","jetpack_shortlink":"https:\/\/wp.me\/p4wgsh-Qf","jetpack-related-posts":[{"id":3249,"url":"https:\/\/estrategica.com.co\/blog\/estoy-listo\/","url_meta":{"origin":3239,"position":0},"title":"Estoy Listo","author":"estrategica.com","date":"febrero 1, 2009","format":false,"excerpt":"Afiche de campa\u00f1a del Partido Socialdem\u00f3crata Alem\u00e1n para las elecciones de 1998. La imagen presenta al carism\u00e1tico Schr\u00f6der que apel\u00f3 durante la campa\u00f1a al centro y su estrategia no fue la de propugnar el cambio sino en profundizar e las cosas para hacerla mejor. En lugar de presentarse como un\u2026","rel":"","context":"En \u00abAFICHES\u00bb","block_context":{"text":"AFICHES","link":"https:\/\/estrategica.com.co\/blog\/category\/afiches\/"},"img":{"alt_text":"","src":"https:\/\/i0.wp.com\/estrategica.com.co\/blog\/wp-content\/uploads\/2009\/02\/bild71g.jpg?fit=250%2C350&ssl=1&resize=350%2C200","width":350,"height":200},"classes":[]},{"id":3235,"url":"https:\/\/estrategica.com.co\/blog\/lo-que-crece-unido-permanece-unido\/","url_meta":{"origin":3239,"position":1},"title":"Lo que crece unido permanece unido.","author":"estrategica.com","date":"enero 31, 2009","format":false,"excerpt":"Campa\u00f1a de la Socialdemocracia para las elecciones de 1990. El afiche muestra a Willy Brandt, en la puerta de Brandenburgo, ante una multitud. La frase dice: \u201cLo que crece unido permanece unido\u201d. La estrategia electoral es evidenciar el trabajo de los socialdem\u00f3cratas por la reunificaci\u00f3n y como ahora se trata\u2026","rel":"","context":"En \u00abAFICHES\u00bb","block_context":{"text":"AFICHES","link":"https:\/\/estrategica.com.co\/blog\/category\/afiches\/"},"img":{"alt_text":"","src":"https:\/\/i0.wp.com\/estrategica.com.co\/blog\/wp-content\/uploads\/2009\/01\/brandt.jpg?fit=500%2C355&ssl=1&resize=350%2C200","width":350,"height":200},"classes":[]},{"id":3257,"url":"https:\/\/estrategica.com.co\/blog\/el-que-quiere-la-paz-debe-ser-constante\/","url_meta":{"origin":3239,"position":2},"title":"El que quiere la paz debe ser constante","author":"estrategica.com","date":"febrero 1, 2009","format":false,"excerpt":"Afiche del Partido Socialdem\u00f3crata para las elecciones de 2005. Las elecciones fueron convocadas por el canciller Schr\u00f6der al perder sus mayor\u00edas parlamentarias con lo cual la oposici\u00f3n hubiera podido bloquear la acci\u00f3n del gobierno en el Bundestag. La campa\u00f1a comenz\u00f3 con una desventaja para Schr\u00f6der, seg\u00fan las encuestas, de casi\u2026","rel":"","context":"En \u00abAFICHES\u00bb","block_context":{"text":"AFICHES","link":"https:\/\/estrategica.com.co\/blog\/category\/afiches\/"},"img":{"alt_text":"","src":"https:\/\/i0.wp.com\/estrategica.com.co\/blog\/wp-content\/uploads\/2009\/02\/schroeder100.jpg?fit=422%2C297&ssl=1&resize=350%2C200","width":350,"height":200},"classes":[]},{"id":3230,"url":"https:\/\/estrategica.com.co\/blog\/para-que-usted-pueda-vivir-en-paz-manana\/","url_meta":{"origin":3239,"position":3},"title":"Para que usted pueda vivir en paz ma\u00f1ana.","author":"estrategica.com","date":"enero 31, 2009","format":false,"excerpt":"Campa\u00f1a de la Socialdemocracia de 1969. El afiche muestra al candidato, Willy Brandt, en actitud explicativa tanto facial como corporal. El texto dice: \u201cPara que usted pueda vivir en paz ma\u00f1ana\u201d. La campa\u00f1a se desarrolla en el contexto de la guerra fr\u00eda, por eso Brandt fundamenta su discurso en \u201cM\u00e1s\u2026","rel":"","context":"En \u00abAFICHES\u00bb","block_context":{"text":"AFICHES","link":"https:\/\/estrategica.com.co\/blog\/category\/afiches\/"},"img":{"alt_text":"","src":"https:\/\/i0.wp.com\/estrategica.com.co\/blog\/wp-content\/uploads\/2009\/01\/wahlplakat_69.jpg?fit=281%2C400&ssl=1&resize=350%2C200","width":350,"height":200},"classes":[]},{"id":3242,"url":"https:\/\/estrategica.com.co\/blog\/el-cancillar-del-medio\/","url_meta":{"origin":3239,"position":4},"title":"El canciller del medio.","author":"estrategica.com","date":"enero 31, 2009","format":false,"excerpt":"Afiche para las elecciones federales de 2002. En la imagen aparece el canciller en ejercicio Gerhard Schr\u00f6der con el se\u00f1o fruncido, en actitud en\u00e9rgica, mirando desafiante al observador. El gobierno encara estas elecciones con tranquilidad y la popularidad derivada de haber rechazado la invasi\u00f3n a Irak por parte del gobierno\u2026","rel":"","context":"En \u00abAFICHES\u00bb","block_context":{"text":"AFICHES","link":"https:\/\/estrategica.com.co\/blog\/category\/afiches\/"},"img":{"alt_text":"","src":"https:\/\/i0.wp.com\/estrategica.com.co\/blog\/wp-content\/uploads\/2009\/01\/alemania.jpg?fit=246%2C342&ssl=1&resize=350%2C200","width":350,"height":200},"classes":[]},{"id":11548,"url":"https:\/\/estrategica.com.co\/blog\/prueba-con-el-rojo-partido-socialdemocrata\/","url_meta":{"origin":3239,"position":5},"title":"Prueba con el Rojo &#8211; Partido Socialdem\u00f3crata","author":"Juliana","date":"mayo 18, 2009","format":false,"excerpt":"[hana-flv-player video=\"\/blog\/wp-content\/uploads\/2009\/01\/carpeta_muchos_varios\/AlemaniaSPD07.flv\" width=\"550\" height=\"\" description=\"Prueba con el Rojo - Partido Socialdem\u00f3crata\" clickurl=\"\" clicktarget=\"\" player=\"4\" autoplay=\"false\" loop=\"false\" autorewind=\"true\" splashimage=\"\" skin=\"\" \/] [icon color=\"Accent-Color\" size=\"regular\" image=\"steadysets-icon-chat\"] Contexto Spot del Partido Socialdem\u00f3crata de Alemania, SPD, en las elecciones regionales de 2007. El spot es divertido, con una vocaci\u00f3n muy grande de propiciar recordaci\u00f3n\u2026","rel":"","context":"En \u00abAlemania\u00bb","block_context":{"text":"Alemania","link":"https:\/\/estrategica.com.co\/blog\/category\/geo\/europa\/alemania\/"},"img":{"alt_text":"","src":"","width":0,"height":0},"classes":[]}],"jetpack_sharing_enabled":true,"_links":{"self":[{"href":"https:\/\/estrategica.com.co\/blog\/wp-json\/wp\/v2\/posts\/3239","targetHints":{"allow":["GET"]}}],"collection":[{"href":"https:\/\/estrategica.com.co\/blog\/wp-json\/wp\/v2\/posts"}],"about":[{"href":"https:\/\/estrategica.com.co\/blog\/wp-json\/wp\/v2\/types\/post"}],"author":[{"embeddable":true,"href":"https:\/\/estrategica.com.co\/blog\/wp-json\/wp\/v2\/users\/4"}],"replies":[{"embeddable":true,"href":"https:\/\/estrategica.com.co\/blog\/wp-json\/wp\/v2\/comments?post=3239"}],"version-history":[{"count":1,"href":"https:\/\/estrategica.com.co\/blog\/wp-json\/wp\/v2\/posts\/3239\/revisions"}],"predecessor-version":[{"id":3240,"href":"https:\/\/estrategica.com.co\/blog\/wp-json\/wp\/v2\/posts\/3239\/revisions\/3240"}],"wp:featuredmedia":[{"embeddable":true,"href":"https:\/\/estrategica.com.co\/blog\/wp-json\/wp\/v2\/media\/3238"}],"wp:attachment":[{"href":"https:\/\/estrategica.com.co\/blog\/wp-json\/wp\/v2\/media?parent=3239"}],"wp:term":[{"taxonomy":"category","embeddable":true,"href":"https:\/\/estrategica.com.co\/blog\/wp-json\/wp\/v2\/categories?post=3239"},{"taxonomy":"post_tag","embeddable":true,"href":"https:\/\/estrategica.com.co\/blog\/wp-json\/wp\/v2\/tags?post=3239"}],"curies":[{"name":"wp","href":"https:\/\/api.w.org\/{rel}","templated":true}]}}