{"id":3242,"date":"2009-01-31T23:26:08","date_gmt":"2009-01-31T23:26:08","guid":{"rendered":"http:\/\/estrategica.com.co\/blog\/?p=3242"},"modified":"2009-02-19T20:15:42","modified_gmt":"2009-02-19T20:15:42","slug":"el-cancillar-del-medio","status":"publish","type":"post","link":"https:\/\/estrategica.com.co\/blog\/el-cancillar-del-medio\/","title":{"rendered":"El canciller del medio."},"content":{"rendered":"<p><img loading=\"lazy\" decoding=\"async\" data-attachment-id=\"3241\" data-permalink=\"https:\/\/estrategica.com.co\/blog\/el-cancillar-del-medio\/alemania\/\" data-orig-file=\"https:\/\/i0.wp.com\/estrategica.com.co\/blog\/wp-content\/uploads\/2009\/01\/alemania.jpg?fit=246%2C342&amp;ssl=1\" data-orig-size=\"246,342\" data-comments-opened=\"1\" data-image-meta=\"{&quot;aperture&quot;:&quot;0&quot;,&quot;credit&quot;:&quot;&quot;,&quot;camera&quot;:&quot;&quot;,&quot;caption&quot;:&quot;&quot;,&quot;created_timestamp&quot;:&quot;0&quot;,&quot;copyright&quot;:&quot;&quot;,&quot;focal_length&quot;:&quot;0&quot;,&quot;iso&quot;:&quot;0&quot;,&quot;shutter_speed&quot;:&quot;0&quot;,&quot;title&quot;:&quot;&quot;}\" data-image-title=\"alemania\" data-image-description=\"\" data-image-caption=\"\" data-medium-file=\"https:\/\/i0.wp.com\/estrategica.com.co\/blog\/wp-content\/uploads\/2009\/01\/alemania.jpg?fit=215%2C300&amp;ssl=1\" data-large-file=\"https:\/\/i0.wp.com\/estrategica.com.co\/blog\/wp-content\/uploads\/2009\/01\/alemania.jpg?fit=246%2C342&amp;ssl=1\" class=\"alignnone size-full wp-image-3241\" title=\"alemania\" src=\"https:\/\/i0.wp.com\/estrategica.com.co\/blog\/wp-content\/uploads\/2009\/01\/alemania.jpg?resize=246%2C342\" alt=\"alemania\" width=\"246\" height=\"342\" srcset=\"https:\/\/i0.wp.com\/estrategica.com.co\/blog\/wp-content\/uploads\/2009\/01\/alemania.jpg?w=246&amp;ssl=1 246w, https:\/\/i0.wp.com\/estrategica.com.co\/blog\/wp-content\/uploads\/2009\/01\/alemania.jpg?resize=215%2C300&amp;ssl=1 215w\" sizes=\"(max-width: 246px) 100vw, 246px\" data-recalc-dims=\"1\" \/><\/p>\n<p class=\"MsoNormal\" style=\"margin: 0cm 0cm 0pt; text-align: justify;\"><span style=\"font-family: Arial;\"><span style=\"font-size: small;\">Afiche para las elecciones federales de 2002. En la imagen aparece el canciller en ejercicio Gerhard Schr\u00f6der con el se\u00f1o fruncido, en actitud en\u00e9rgica, mirando desafiante al observador. El gobierno encara estas elecciones con tranquilidad y la popularidad derivada de haber rechazado la invasi\u00f3n a Irak por parte del gobierno norteamericano. Este factor, sumado a la falta de carisma de Edmund Stoiber, su adversario, hizo que Schr\u00f6der fuera elegido con facilidad. El slogan dice: \u201cel canciller del medio\u201d haciendo alusi\u00f3n a sus posiciones de centro y a su distancia de los extremos pol\u00edticos. Un mensaje efectivo sobre todo por los resultados de gesti\u00f3n del gobierno.<\/span><\/span><\/p>\n<p class=\"MsoNormal\" style=\"margin: 0cm 0cm 0pt; text-align: justify;\"><span style=\"font-family: Arial;\"><\/span><\/p>\n","protected":false},"excerpt":{"rendered":"<p>Afiche para las elecciones federales de 2002. En la imagen aparece el canciller en ejercicio Gerhard Schr\u00f6der con el se\u00f1o fruncido, en actitud en\u00e9rgica, mirando desafiante al observador. El gobierno encara estas elecciones con tranquilidad y la popularidad derivada de haber rechazado la invasi\u00f3n a Irak por parte del gobierno norteamericano. Este factor, sumado a [&hellip;]<\/p>\n","protected":false},"author":4,"featured_media":3241,"comment_status":"open","ping_status":"open","sticky":false,"template":"","format":"standard","meta":{"_et_pb_use_builder":"","_et_pb_old_content":"","_et_gb_content_width":"","advanced_seo_description":"","jetpack_seo_html_title":"","jetpack_seo_noindex":false,"footnotes":""},"categories":[5,159,57,46,10,11],"tags":[104,229,223,222],"class_list":["post-3242","post","type-post","status-publish","format-standard","has-post-thumbnail","hentry","category-afiches","category-alemania","category-campana-presidencial","category-fotograficos","category-geo","category-temas","tag-elecciones-2002","tag-gerhard-schroder","tag-partido-socialdemocrata-aleman","tag-spd"],"jetpack_featured_media_url":"https:\/\/i0.wp.com\/estrategica.com.co\/blog\/wp-content\/uploads\/2009\/01\/alemania.jpg?fit=246%2C342&ssl=1","jetpack_shortlink":"https:\/\/wp.me\/p4wgsh-Qi","jetpack-related-posts":[{"id":3257,"url":"https:\/\/estrategica.com.co\/blog\/el-que-quiere-la-paz-debe-ser-constante\/","url_meta":{"origin":3242,"position":0},"title":"El que quiere la paz debe ser constante","author":"estrategica.com","date":"febrero 1, 2009","format":false,"excerpt":"Afiche del Partido Socialdem\u00f3crata para las elecciones de 2005. Las elecciones fueron convocadas por el canciller Schr\u00f6der al perder sus mayor\u00edas parlamentarias con lo cual la oposici\u00f3n hubiera podido bloquear la acci\u00f3n del gobierno en el Bundestag. La campa\u00f1a comenz\u00f3 con una desventaja para Schr\u00f6der, seg\u00fan las encuestas, de casi\u2026","rel":"","context":"En \u00abAFICHES\u00bb","block_context":{"text":"AFICHES","link":"https:\/\/estrategica.com.co\/blog\/category\/afiches\/"},"img":{"alt_text":"","src":"https:\/\/i0.wp.com\/estrategica.com.co\/blog\/wp-content\/uploads\/2009\/02\/schroeder100.jpg?fit=422%2C297&ssl=1&resize=350%2C200","width":350,"height":200},"classes":[]},{"id":27247,"url":"https:\/\/estrategica.com.co\/blog\/el-canciller-directo-merkel\/","url_meta":{"origin":3242,"position":1},"title":"El Canciller Directo &#8211; Merkel","author":"estrategica.com","date":"abril 22, 2011","format":false,"excerpt":"Campa\u00f1a de la Democracia Cristiana para las elecciones alemanas de 2005. La imagen muestra en primer plano el rostro de Angela Merkel, la candidata a la presidencia. El rostro es agradable, genera amistad y transparencia y mira a los ojos del elector construyendo un v\u00ednculo de confianza. La campa\u00f1a de\u2026","rel":"","context":"En \u00ab2005\u00bb","block_context":{"text":"2005","link":"https:\/\/estrategica.com.co\/blog\/category\/ano\/2005\/"},"img":{"alt_text":"","src":"https:\/\/i0.wp.com\/estrategica.com.co\/blog\/wp-content\/uploads\/2011\/04\/merkel-podcast-logopropertyposter.jpg?fit=580%2C435&ssl=1&resize=350%2C200","width":350,"height":200},"classes":[]},{"id":3249,"url":"https:\/\/estrategica.com.co\/blog\/estoy-listo\/","url_meta":{"origin":3242,"position":2},"title":"Estoy Listo","author":"estrategica.com","date":"febrero 1, 2009","format":false,"excerpt":"Afiche de campa\u00f1a del Partido Socialdem\u00f3crata Alem\u00e1n para las elecciones de 1998. La imagen presenta al carism\u00e1tico Schr\u00f6der que apel\u00f3 durante la campa\u00f1a al centro y su estrategia no fue la de propugnar el cambio sino en profundizar e las cosas para hacerla mejor. En lugar de presentarse como un\u2026","rel":"","context":"En \u00abAFICHES\u00bb","block_context":{"text":"AFICHES","link":"https:\/\/estrategica.com.co\/blog\/category\/afiches\/"},"img":{"alt_text":"","src":"https:\/\/i0.wp.com\/estrategica.com.co\/blog\/wp-content\/uploads\/2009\/02\/bild71g.jpg?fit=250%2C350&ssl=1&resize=350%2C200","width":350,"height":200},"classes":[]},{"id":3215,"url":"https:\/\/estrategica.com.co\/blog\/tenemos-oportunidades\/","url_meta":{"origin":3242,"position":3},"title":"Tenemos Oportunidades &#8211; Merkel","author":"estrategica.com","date":"enero 31, 2009","format":false,"excerpt":"Campa\u00f1a de la Democracia Cristiana para las elecciones alemanas de 2005. La imagen muestra en primer plano el rostro de Angela Merkel, la candidata a la presidencia. El rostro es agradable, genera amistad y transparencia y mira a los ojos del elector construyendo un v\u00ednculo de confianza. La campa\u00f1a de\u2026","rel":"","context":"En \u00abAFICHES\u00bb","block_context":{"text":"AFICHES","link":"https:\/\/estrategica.com.co\/blog\/category\/afiches\/"},"img":{"alt_text":"","src":"https:\/\/i0.wp.com\/estrategica.com.co\/blog\/wp-content\/uploads\/2009\/01\/wahlplakat-merkel.jpg?fit=350%2C442&ssl=1&resize=350%2C200","width":350,"height":200},"classes":[]},{"id":27243,"url":"https:\/\/estrategica.com.co\/blog\/nuevo-comienzo-merkel\/","url_meta":{"origin":3242,"position":4},"title":"Un Nuevo Comienzo &#8211; Merkel","author":"estrategica.com","date":"abril 22, 2011","format":false,"excerpt":"Campa\u00f1a de la Democracia Cristiana para las elecciones alemanas de 2005. La imagen muestra en primer plano el rostro de Angela Merkel, la candidata a la presidencia. El rostro es agradable, genera amistad y transparencia y mira a los ojos del elector construyendo un v\u00ednculo de confianza. La campa\u00f1a de\u2026","rel":"","context":"En \u00ab2005\u00bb","block_context":{"text":"2005","link":"https:\/\/estrategica.com.co\/blog\/category\/ano\/2005\/"},"img":{"alt_text":"","src":"https:\/\/i0.wp.com\/estrategica.com.co\/blog\/wp-content\/uploads\/2011\/04\/merkel-lrg.jpg?fit=375%2C281&ssl=1&resize=350%2C200","width":350,"height":200},"classes":[]},{"id":3210,"url":"https:\/\/estrategica.com.co\/blog\/un-nuevo-comienzo\/","url_meta":{"origin":3242,"position":5},"title":"Un nuevo Comienzo &#8211; Merkel","author":"estrategica.com","date":"enero 31, 2009","format":false,"excerpt":"Campa\u00f1a de la Democracia Cristiana para las elecciones alemanas de 2005. La imagen muestra en primer plano el rostro de Angela Merkel, la candidata a la presidencia. El rostro es agradable, genera amistad y transparencia y mira a los ojos del elector construyendo un v\u00ednculo de confianza. La campa\u00f1a de\u2026","rel":"","context":"En \u00abAFICHES\u00bb","block_context":{"text":"AFICHES","link":"https:\/\/estrategica.com.co\/blog\/category\/afiches\/"},"img":{"alt_text":"","src":"https:\/\/i0.wp.com\/estrategica.com.co\/blog\/wp-content\/uploads\/2009\/01\/angela-merkel.jpg?fit=470%2C309&ssl=1&resize=350%2C200","width":350,"height":200},"classes":[]}],"jetpack_sharing_enabled":true,"_links":{"self":[{"href":"https:\/\/estrategica.com.co\/blog\/wp-json\/wp\/v2\/posts\/3242","targetHints":{"allow":["GET"]}}],"collection":[{"href":"https:\/\/estrategica.com.co\/blog\/wp-json\/wp\/v2\/posts"}],"about":[{"href":"https:\/\/estrategica.com.co\/blog\/wp-json\/wp\/v2\/types\/post"}],"author":[{"embeddable":true,"href":"https:\/\/estrategica.com.co\/blog\/wp-json\/wp\/v2\/users\/4"}],"replies":[{"embeddable":true,"href":"https:\/\/estrategica.com.co\/blog\/wp-json\/wp\/v2\/comments?post=3242"}],"version-history":[{"count":2,"href":"https:\/\/estrategica.com.co\/blog\/wp-json\/wp\/v2\/posts\/3242\/revisions"}],"predecessor-version":[{"id":3697,"href":"https:\/\/estrategica.com.co\/blog\/wp-json\/wp\/v2\/posts\/3242\/revisions\/3697"}],"wp:featuredmedia":[{"embeddable":true,"href":"https:\/\/estrategica.com.co\/blog\/wp-json\/wp\/v2\/media\/3241"}],"wp:attachment":[{"href":"https:\/\/estrategica.com.co\/blog\/wp-json\/wp\/v2\/media?parent=3242"}],"wp:term":[{"taxonomy":"category","embeddable":true,"href":"https:\/\/estrategica.com.co\/blog\/wp-json\/wp\/v2\/categories?post=3242"},{"taxonomy":"post_tag","embeddable":true,"href":"https:\/\/estrategica.com.co\/blog\/wp-json\/wp\/v2\/tags?post=3242"}],"curies":[{"name":"wp","href":"https:\/\/api.w.org\/{rel}","templated":true}]}}