{"id":3249,"date":"2009-02-01T01:23:58","date_gmt":"2009-02-01T01:23:58","guid":{"rendered":"http:\/\/estrategica.com.co\/blog\/?p=3249"},"modified":"2009-02-01T01:23:58","modified_gmt":"2009-02-01T01:23:58","slug":"estoy-listo","status":"publish","type":"post","link":"https:\/\/estrategica.com.co\/blog\/estoy-listo\/","title":{"rendered":"Estoy Listo"},"content":{"rendered":"<p><img loading=\"lazy\" decoding=\"async\" data-attachment-id=\"3248\" data-permalink=\"https:\/\/estrategica.com.co\/blog\/estoy-listo\/bild71g\/\" data-orig-file=\"https:\/\/i0.wp.com\/estrategica.com.co\/blog\/wp-content\/uploads\/2009\/02\/bild71g.jpg?fit=250%2C350&amp;ssl=1\" data-orig-size=\"250,350\" data-comments-opened=\"1\" data-image-meta=\"{&quot;aperture&quot;:&quot;0&quot;,&quot;credit&quot;:&quot;&quot;,&quot;camera&quot;:&quot;&quot;,&quot;caption&quot;:&quot;&quot;,&quot;created_timestamp&quot;:&quot;0&quot;,&quot;copyright&quot;:&quot;&quot;,&quot;focal_length&quot;:&quot;0&quot;,&quot;iso&quot;:&quot;0&quot;,&quot;shutter_speed&quot;:&quot;0&quot;,&quot;title&quot;:&quot;&quot;}\" data-image-title=\"bild71g\" data-image-description=\"\" data-image-caption=\"\" data-medium-file=\"https:\/\/i0.wp.com\/estrategica.com.co\/blog\/wp-content\/uploads\/2009\/02\/bild71g.jpg?fit=214%2C300&amp;ssl=1\" data-large-file=\"https:\/\/i0.wp.com\/estrategica.com.co\/blog\/wp-content\/uploads\/2009\/02\/bild71g.jpg?fit=250%2C350&amp;ssl=1\" class=\"alignnone size-full wp-image-3248\" title=\"bild71g\" src=\"https:\/\/i0.wp.com\/estrategica.com.co\/blog\/wp-content\/uploads\/2009\/02\/bild71g.jpg?resize=250%2C350\" alt=\"bild71g\" width=\"250\" height=\"350\" srcset=\"https:\/\/i0.wp.com\/estrategica.com.co\/blog\/wp-content\/uploads\/2009\/02\/bild71g.jpg?w=250&amp;ssl=1 250w, https:\/\/i0.wp.com\/estrategica.com.co\/blog\/wp-content\/uploads\/2009\/02\/bild71g.jpg?resize=214%2C300&amp;ssl=1 214w\" sizes=\"(max-width: 250px) 100vw, 250px\" data-recalc-dims=\"1\" \/><\/p>\n<p class=\"MsoNormal\" style=\"margin: 0cm 0cm 0pt; text-align: justify;\"><span style=\"font-family: Arial;\"><span style=\"font-size: small;\">Afiche de campa\u00f1a del Partido Socialdem\u00f3crata Alem\u00e1n para las elecciones de 1998. La imagen presenta al carism\u00e1tico Schr\u00f6der que apel\u00f3 durante la campa\u00f1a al centro y su estrategia no fue la de propugnar el cambio sino en profundizar e las cosas para hacerla mejor. En lugar de presentarse como un l\u00edder reformista el candidato socialdem\u00f3crata se muestra como un nuevo Kohl solo que m\u00e1s joven, m\u00e1s moderno y con ganas de hacer m\u00e1s cosas. La imagen que se proyecta es la de un hombre pragm\u00e1tico, de buen humor, con sentido empresarial y con el \u00edmpetu de la juventud. El texto del afiche dice: \u201cEstoy Listo\u201d, un buen slogan que recoge lo que se dijo con la imagen, los discursos y la actitud. El triunfo fue para Gerhard Schr\u00f6der. <\/span><\/span><\/p>\n<p class=\"MsoNormal\" style=\"margin: 0cm 0cm 0pt; text-align: justify;\"><span style=\"font-family: Arial;\"><span style=\"font-size: small;\"><\/span><\/span><\/p>\n","protected":false},"excerpt":{"rendered":"<p>Afiche de campa\u00f1a del Partido Socialdem\u00f3crata Alem\u00e1n para las elecciones de 1998. La imagen presenta al carism\u00e1tico Schr\u00f6der que apel\u00f3 durante la campa\u00f1a al centro y su estrategia no fue la de propugnar el cambio sino en profundizar e las cosas para hacerla mejor. En lugar de presentarse como un l\u00edder reformista el candidato socialdem\u00f3crata [&hellip;]<\/p>\n","protected":false},"author":4,"featured_media":3248,"comment_status":"open","ping_status":"open","sticky":false,"template":"","format":"standard","meta":{"_et_pb_use_builder":"","_et_pb_old_content":"","_et_gb_content_width":"","advanced_seo_description":"","jetpack_seo_html_title":"","jetpack_seo_noindex":false,"footnotes":""},"categories":[5,159,57,46,10,11],"tags":[232,229,223,222],"class_list":["post-3249","post","type-post","status-publish","format-standard","has-post-thumbnail","hentry","category-afiches","category-alemania","category-campana-presidencial","category-fotograficos","category-geo","category-temas","tag-elecciones-1998","tag-gerhard-schroder","tag-partido-socialdemocrata-aleman","tag-spd"],"jetpack_featured_media_url":"https:\/\/i0.wp.com\/estrategica.com.co\/blog\/wp-content\/uploads\/2009\/02\/bild71g.jpg?fit=250%2C350&ssl=1","jetpack_shortlink":"https:\/\/wp.me\/p4wgsh-Qp","jetpack-related-posts":[{"id":3257,"url":"https:\/\/estrategica.com.co\/blog\/el-que-quiere-la-paz-debe-ser-constante\/","url_meta":{"origin":3249,"position":0},"title":"El que quiere la paz debe ser constante","author":"estrategica.com","date":"febrero 1, 2009","format":false,"excerpt":"Afiche del Partido Socialdem\u00f3crata para las elecciones de 2005. Las elecciones fueron convocadas por el canciller Schr\u00f6der al perder sus mayor\u00edas parlamentarias con lo cual la oposici\u00f3n hubiera podido bloquear la acci\u00f3n del gobierno en el Bundestag. La campa\u00f1a comenz\u00f3 con una desventaja para Schr\u00f6der, seg\u00fan las encuestas, de casi\u2026","rel":"","context":"En \u00abAFICHES\u00bb","block_context":{"text":"AFICHES","link":"https:\/\/estrategica.com.co\/blog\/category\/afiches\/"},"img":{"alt_text":"","src":"https:\/\/i0.wp.com\/estrategica.com.co\/blog\/wp-content\/uploads\/2009\/02\/schroeder100.jpg?fit=422%2C297&ssl=1&resize=350%2C200","width":350,"height":200},"classes":[]},{"id":3242,"url":"https:\/\/estrategica.com.co\/blog\/el-cancillar-del-medio\/","url_meta":{"origin":3249,"position":1},"title":"El canciller del medio.","author":"estrategica.com","date":"enero 31, 2009","format":false,"excerpt":"Afiche para las elecciones federales de 2002. En la imagen aparece el canciller en ejercicio Gerhard Schr\u00f6der con el se\u00f1o fruncido, en actitud en\u00e9rgica, mirando desafiante al observador. El gobierno encara estas elecciones con tranquilidad y la popularidad derivada de haber rechazado la invasi\u00f3n a Irak por parte del gobierno\u2026","rel":"","context":"En \u00abAFICHES\u00bb","block_context":{"text":"AFICHES","link":"https:\/\/estrategica.com.co\/blog\/category\/afiches\/"},"img":{"alt_text":"","src":"https:\/\/i0.wp.com\/estrategica.com.co\/blog\/wp-content\/uploads\/2009\/01\/alemania.jpg?fit=246%2C342&ssl=1&resize=350%2C200","width":350,"height":200},"classes":[]},{"id":3215,"url":"https:\/\/estrategica.com.co\/blog\/tenemos-oportunidades\/","url_meta":{"origin":3249,"position":2},"title":"Tenemos Oportunidades &#8211; Merkel","author":"estrategica.com","date":"enero 31, 2009","format":false,"excerpt":"Campa\u00f1a de la Democracia Cristiana para las elecciones alemanas de 2005. La imagen muestra en primer plano el rostro de Angela Merkel, la candidata a la presidencia. El rostro es agradable, genera amistad y transparencia y mira a los ojos del elector construyendo un v\u00ednculo de confianza. La campa\u00f1a de\u2026","rel":"","context":"En \u00abAFICHES\u00bb","block_context":{"text":"AFICHES","link":"https:\/\/estrategica.com.co\/blog\/category\/afiches\/"},"img":{"alt_text":"","src":"https:\/\/i0.wp.com\/estrategica.com.co\/blog\/wp-content\/uploads\/2009\/01\/wahlplakat-merkel.jpg?fit=350%2C442&ssl=1&resize=350%2C200","width":350,"height":200},"classes":[]},{"id":27243,"url":"https:\/\/estrategica.com.co\/blog\/nuevo-comienzo-merkel\/","url_meta":{"origin":3249,"position":3},"title":"Un Nuevo Comienzo &#8211; Merkel","author":"estrategica.com","date":"abril 22, 2011","format":false,"excerpt":"Campa\u00f1a de la Democracia Cristiana para las elecciones alemanas de 2005. La imagen muestra en primer plano el rostro de Angela Merkel, la candidata a la presidencia. El rostro es agradable, genera amistad y transparencia y mira a los ojos del elector construyendo un v\u00ednculo de confianza. La campa\u00f1a de\u2026","rel":"","context":"En \u00ab2005\u00bb","block_context":{"text":"2005","link":"https:\/\/estrategica.com.co\/blog\/category\/ano\/2005\/"},"img":{"alt_text":"","src":"https:\/\/i0.wp.com\/estrategica.com.co\/blog\/wp-content\/uploads\/2011\/04\/merkel-lrg.jpg?fit=375%2C281&ssl=1&resize=350%2C200","width":350,"height":200},"classes":[]},{"id":27247,"url":"https:\/\/estrategica.com.co\/blog\/el-canciller-directo-merkel\/","url_meta":{"origin":3249,"position":4},"title":"El Canciller Directo &#8211; Merkel","author":"estrategica.com","date":"abril 22, 2011","format":false,"excerpt":"Campa\u00f1a de la Democracia Cristiana para las elecciones alemanas de 2005. La imagen muestra en primer plano el rostro de Angela Merkel, la candidata a la presidencia. El rostro es agradable, genera amistad y transparencia y mira a los ojos del elector construyendo un v\u00ednculo de confianza. La campa\u00f1a de\u2026","rel":"","context":"En \u00ab2005\u00bb","block_context":{"text":"2005","link":"https:\/\/estrategica.com.co\/blog\/category\/ano\/2005\/"},"img":{"alt_text":"","src":"https:\/\/i0.wp.com\/estrategica.com.co\/blog\/wp-content\/uploads\/2011\/04\/merkel-podcast-logopropertyposter.jpg?fit=580%2C435&ssl=1&resize=350%2C200","width":350,"height":200},"classes":[]},{"id":3210,"url":"https:\/\/estrategica.com.co\/blog\/un-nuevo-comienzo\/","url_meta":{"origin":3249,"position":5},"title":"Un nuevo Comienzo &#8211; Merkel","author":"estrategica.com","date":"enero 31, 2009","format":false,"excerpt":"Campa\u00f1a de la Democracia Cristiana para las elecciones alemanas de 2005. La imagen muestra en primer plano el rostro de Angela Merkel, la candidata a la presidencia. El rostro es agradable, genera amistad y transparencia y mira a los ojos del elector construyendo un v\u00ednculo de confianza. La campa\u00f1a de\u2026","rel":"","context":"En \u00abAFICHES\u00bb","block_context":{"text":"AFICHES","link":"https:\/\/estrategica.com.co\/blog\/category\/afiches\/"},"img":{"alt_text":"","src":"https:\/\/i0.wp.com\/estrategica.com.co\/blog\/wp-content\/uploads\/2009\/01\/angela-merkel.jpg?fit=470%2C309&ssl=1&resize=350%2C200","width":350,"height":200},"classes":[]}],"jetpack_sharing_enabled":true,"_links":{"self":[{"href":"https:\/\/estrategica.com.co\/blog\/wp-json\/wp\/v2\/posts\/3249","targetHints":{"allow":["GET"]}}],"collection":[{"href":"https:\/\/estrategica.com.co\/blog\/wp-json\/wp\/v2\/posts"}],"about":[{"href":"https:\/\/estrategica.com.co\/blog\/wp-json\/wp\/v2\/types\/post"}],"author":[{"embeddable":true,"href":"https:\/\/estrategica.com.co\/blog\/wp-json\/wp\/v2\/users\/4"}],"replies":[{"embeddable":true,"href":"https:\/\/estrategica.com.co\/blog\/wp-json\/wp\/v2\/comments?post=3249"}],"version-history":[{"count":1,"href":"https:\/\/estrategica.com.co\/blog\/wp-json\/wp\/v2\/posts\/3249\/revisions"}],"predecessor-version":[{"id":3250,"href":"https:\/\/estrategica.com.co\/blog\/wp-json\/wp\/v2\/posts\/3249\/revisions\/3250"}],"wp:featuredmedia":[{"embeddable":true,"href":"https:\/\/estrategica.com.co\/blog\/wp-json\/wp\/v2\/media\/3248"}],"wp:attachment":[{"href":"https:\/\/estrategica.com.co\/blog\/wp-json\/wp\/v2\/media?parent=3249"}],"wp:term":[{"taxonomy":"category","embeddable":true,"href":"https:\/\/estrategica.com.co\/blog\/wp-json\/wp\/v2\/categories?post=3249"},{"taxonomy":"post_tag","embeddable":true,"href":"https:\/\/estrategica.com.co\/blog\/wp-json\/wp\/v2\/tags?post=3249"}],"curies":[{"name":"wp","href":"https:\/\/api.w.org\/{rel}","templated":true}]}}