{"id":3257,"date":"2009-02-01T02:06:50","date_gmt":"2009-02-01T02:06:50","guid":{"rendered":"http:\/\/estrategica.com.co\/blog\/?p=3257"},"modified":"2009-02-01T02:07:51","modified_gmt":"2009-02-01T02:07:51","slug":"el-que-quiere-la-paz-debe-ser-constante","status":"publish","type":"post","link":"https:\/\/estrategica.com.co\/blog\/el-que-quiere-la-paz-debe-ser-constante\/","title":{"rendered":"El que quiere la paz debe ser constante"},"content":{"rendered":"<p><img loading=\"lazy\" decoding=\"async\" data-attachment-id=\"3256\" data-permalink=\"https:\/\/estrategica.com.co\/blog\/el-que-quiere-la-paz-debe-ser-constante\/schroeder100\/\" data-orig-file=\"https:\/\/i0.wp.com\/estrategica.com.co\/blog\/wp-content\/uploads\/2009\/02\/schroeder100.jpg?fit=422%2C297&amp;ssl=1\" data-orig-size=\"422,297\" data-comments-opened=\"1\" data-image-meta=\"{&quot;aperture&quot;:&quot;0&quot;,&quot;credit&quot;:&quot;&quot;,&quot;camera&quot;:&quot;&quot;,&quot;caption&quot;:&quot;&quot;,&quot;created_timestamp&quot;:&quot;0&quot;,&quot;copyright&quot;:&quot;&quot;,&quot;focal_length&quot;:&quot;0&quot;,&quot;iso&quot;:&quot;0&quot;,&quot;shutter_speed&quot;:&quot;0&quot;,&quot;title&quot;:&quot;&quot;}\" data-image-title=\"schroeder100\" data-image-description=\"\" data-image-caption=\"\" data-medium-file=\"https:\/\/i0.wp.com\/estrategica.com.co\/blog\/wp-content\/uploads\/2009\/02\/schroeder100.jpg?fit=300%2C211&amp;ssl=1\" data-large-file=\"https:\/\/i0.wp.com\/estrategica.com.co\/blog\/wp-content\/uploads\/2009\/02\/schroeder100.jpg?fit=422%2C297&amp;ssl=1\" class=\"alignnone size-full wp-image-3256\" title=\"schroeder100\" src=\"https:\/\/i0.wp.com\/estrategica.com.co\/blog\/wp-content\/uploads\/2009\/02\/schroeder100.jpg?resize=422%2C297\" alt=\"schroeder100\" width=\"422\" height=\"297\" srcset=\"https:\/\/i0.wp.com\/estrategica.com.co\/blog\/wp-content\/uploads\/2009\/02\/schroeder100.jpg?w=422&amp;ssl=1 422w, https:\/\/i0.wp.com\/estrategica.com.co\/blog\/wp-content\/uploads\/2009\/02\/schroeder100.jpg?resize=300%2C211&amp;ssl=1 300w\" sizes=\"(max-width: 422px) 100vw, 422px\" data-recalc-dims=\"1\" \/><\/p>\n<p class=\"MsoNormal\" style=\"margin: 0cm 0cm 0pt; text-align: justify;\"><span style=\"font-family: Arial;\"><span style=\"font-size: small;\">Afiche del Partido Socialdem\u00f3crata para las elecciones de 2005. Las elecciones fueron convocadas por el canciller Schr\u00f6der al perder sus mayor\u00edas parlamentarias con lo cual la oposici\u00f3n hubiera podido bloquear la acci\u00f3n del gobierno en el Bundestag. La campa\u00f1a comenz\u00f3 con una desventaja para Schr\u00f6der, seg\u00fan las encuestas, de casi 21 puntos, sin embargo, los errores estrat\u00e9gicos de la campa\u00f1a de Merkel, que encarn\u00f3 el neoliberalismo para la tributaci\u00f3n y el mercado laboral, hicieron que al final de la contienda los separar\u00e1 apenas un punto porcentual. El afiche muestra a Gerhard Schr\u00f6der mirando hacia el porvenir mientras el texto dice: \u201cEl que quiere la paz debe ser constante\u201d, apelando a uno de los temas m\u00e1s sensibles a la poblaci\u00f3n alemana: la guerra de Irak y la divisi\u00f3n de Europa en este tema. El mismo Schr\u00f6der hab\u00eda obtenido dividendos electorales en la contienda anterior al no apoyar a George Bush en su ataque a Irak. Al final Merkel obtuvo la victoria pero tuvo que negociar una participaci\u00f3n de los socialdem\u00f3cratas en su gabinete para poder armar la mayor\u00eda necesaria.<\/span><\/span><\/p>\n<p class=\"MsoNormal\" style=\"margin: 0cm 0cm 0pt; text-align: justify;\"><span style=\"font-family: Arial;\"><\/span><\/p>\n<p class=\"MsoNormal\" style=\"margin: 0cm 0cm 0pt; text-align: justify;\"><span style=\"font-family: Arial;\"><span style=\"font-size: small;\"><\/span><\/span><\/p>\n","protected":false},"excerpt":{"rendered":"<p>Afiche del Partido Socialdem\u00f3crata para las elecciones de 2005. Las elecciones fueron convocadas por el canciller Schr\u00f6der al perder sus mayor\u00edas parlamentarias con lo cual la oposici\u00f3n hubiera podido bloquear la acci\u00f3n del gobierno en el Bundestag. La campa\u00f1a comenz\u00f3 con una desventaja para Schr\u00f6der, seg\u00fan las encuestas, de casi 21 puntos, sin embargo, los [&hellip;]<\/p>\n","protected":false},"author":4,"featured_media":3256,"comment_status":"open","ping_status":"open","sticky":false,"template":"","format":"standard","meta":{"_et_pb_use_builder":"","_et_pb_old_content":"","_et_gb_content_width":"","advanced_seo_description":"","jetpack_seo_html_title":"","jetpack_seo_noindex":false,"footnotes":""},"categories":[5,159,57,46,10,11],"tags":[115,229,223,222],"class_list":["post-3257","post","type-post","status-publish","format-standard","has-post-thumbnail","hentry","category-afiches","category-alemania","category-campana-presidencial","category-fotograficos","category-geo","category-temas","tag-elecciones-2005","tag-gerhard-schroder","tag-partido-socialdemocrata-aleman","tag-spd"],"jetpack_featured_media_url":"https:\/\/i0.wp.com\/estrategica.com.co\/blog\/wp-content\/uploads\/2009\/02\/schroeder100.jpg?fit=422%2C297&ssl=1","jetpack_shortlink":"https:\/\/wp.me\/p4wgsh-Qx","jetpack-related-posts":[{"id":3249,"url":"https:\/\/estrategica.com.co\/blog\/estoy-listo\/","url_meta":{"origin":3257,"position":0},"title":"Estoy Listo","author":"estrategica.com","date":"febrero 1, 2009","format":false,"excerpt":"Afiche de campa\u00f1a del Partido Socialdem\u00f3crata Alem\u00e1n para las elecciones de 1998. La imagen presenta al carism\u00e1tico Schr\u00f6der que apel\u00f3 durante la campa\u00f1a al centro y su estrategia no fue la de propugnar el cambio sino en profundizar e las cosas para hacerla mejor. En lugar de presentarse como un\u2026","rel":"","context":"En \u00abAFICHES\u00bb","block_context":{"text":"AFICHES","link":"https:\/\/estrategica.com.co\/blog\/category\/afiches\/"},"img":{"alt_text":"","src":"https:\/\/i0.wp.com\/estrategica.com.co\/blog\/wp-content\/uploads\/2009\/02\/bild71g.jpg?fit=250%2C350&ssl=1&resize=350%2C200","width":350,"height":200},"classes":[]},{"id":3242,"url":"https:\/\/estrategica.com.co\/blog\/el-cancillar-del-medio\/","url_meta":{"origin":3257,"position":1},"title":"El canciller del medio.","author":"estrategica.com","date":"enero 31, 2009","format":false,"excerpt":"Afiche para las elecciones federales de 2002. En la imagen aparece el canciller en ejercicio Gerhard Schr\u00f6der con el se\u00f1o fruncido, en actitud en\u00e9rgica, mirando desafiante al observador. El gobierno encara estas elecciones con tranquilidad y la popularidad derivada de haber rechazado la invasi\u00f3n a Irak por parte del gobierno\u2026","rel":"","context":"En \u00abAFICHES\u00bb","block_context":{"text":"AFICHES","link":"https:\/\/estrategica.com.co\/blog\/category\/afiches\/"},"img":{"alt_text":"","src":"https:\/\/i0.wp.com\/estrategica.com.co\/blog\/wp-content\/uploads\/2009\/01\/alemania.jpg?fit=246%2C342&ssl=1&resize=350%2C200","width":350,"height":200},"classes":[]},{"id":3215,"url":"https:\/\/estrategica.com.co\/blog\/tenemos-oportunidades\/","url_meta":{"origin":3257,"position":2},"title":"Tenemos Oportunidades &#8211; Merkel","author":"estrategica.com","date":"enero 31, 2009","format":false,"excerpt":"Campa\u00f1a de la Democracia Cristiana para las elecciones alemanas de 2005. La imagen muestra en primer plano el rostro de Angela Merkel, la candidata a la presidencia. El rostro es agradable, genera amistad y transparencia y mira a los ojos del elector construyendo un v\u00ednculo de confianza. La campa\u00f1a de\u2026","rel":"","context":"En \u00abAFICHES\u00bb","block_context":{"text":"AFICHES","link":"https:\/\/estrategica.com.co\/blog\/category\/afiches\/"},"img":{"alt_text":"","src":"https:\/\/i0.wp.com\/estrategica.com.co\/blog\/wp-content\/uploads\/2009\/01\/wahlplakat-merkel.jpg?fit=350%2C442&ssl=1&resize=350%2C200","width":350,"height":200},"classes":[]},{"id":27243,"url":"https:\/\/estrategica.com.co\/blog\/nuevo-comienzo-merkel\/","url_meta":{"origin":3257,"position":3},"title":"Un Nuevo Comienzo &#8211; Merkel","author":"estrategica.com","date":"abril 22, 2011","format":false,"excerpt":"Campa\u00f1a de la Democracia Cristiana para las elecciones alemanas de 2005. La imagen muestra en primer plano el rostro de Angela Merkel, la candidata a la presidencia. El rostro es agradable, genera amistad y transparencia y mira a los ojos del elector construyendo un v\u00ednculo de confianza. La campa\u00f1a de\u2026","rel":"","context":"En \u00ab2005\u00bb","block_context":{"text":"2005","link":"https:\/\/estrategica.com.co\/blog\/category\/ano\/2005\/"},"img":{"alt_text":"","src":"https:\/\/i0.wp.com\/estrategica.com.co\/blog\/wp-content\/uploads\/2011\/04\/merkel-lrg.jpg?fit=375%2C281&ssl=1&resize=350%2C200","width":350,"height":200},"classes":[]},{"id":27247,"url":"https:\/\/estrategica.com.co\/blog\/el-canciller-directo-merkel\/","url_meta":{"origin":3257,"position":4},"title":"El Canciller Directo &#8211; Merkel","author":"estrategica.com","date":"abril 22, 2011","format":false,"excerpt":"Campa\u00f1a de la Democracia Cristiana para las elecciones alemanas de 2005. La imagen muestra en primer plano el rostro de Angela Merkel, la candidata a la presidencia. El rostro es agradable, genera amistad y transparencia y mira a los ojos del elector construyendo un v\u00ednculo de confianza. La campa\u00f1a de\u2026","rel":"","context":"En \u00ab2005\u00bb","block_context":{"text":"2005","link":"https:\/\/estrategica.com.co\/blog\/category\/ano\/2005\/"},"img":{"alt_text":"","src":"https:\/\/i0.wp.com\/estrategica.com.co\/blog\/wp-content\/uploads\/2011\/04\/merkel-podcast-logopropertyposter.jpg?fit=580%2C435&ssl=1&resize=350%2C200","width":350,"height":200},"classes":[]},{"id":3210,"url":"https:\/\/estrategica.com.co\/blog\/un-nuevo-comienzo\/","url_meta":{"origin":3257,"position":5},"title":"Un nuevo Comienzo &#8211; Merkel","author":"estrategica.com","date":"enero 31, 2009","format":false,"excerpt":"Campa\u00f1a de la Democracia Cristiana para las elecciones alemanas de 2005. La imagen muestra en primer plano el rostro de Angela Merkel, la candidata a la presidencia. El rostro es agradable, genera amistad y transparencia y mira a los ojos del elector construyendo un v\u00ednculo de confianza. La campa\u00f1a de\u2026","rel":"","context":"En \u00abAFICHES\u00bb","block_context":{"text":"AFICHES","link":"https:\/\/estrategica.com.co\/blog\/category\/afiches\/"},"img":{"alt_text":"","src":"https:\/\/i0.wp.com\/estrategica.com.co\/blog\/wp-content\/uploads\/2009\/01\/angela-merkel.jpg?fit=470%2C309&ssl=1&resize=350%2C200","width":350,"height":200},"classes":[]}],"jetpack_sharing_enabled":true,"_links":{"self":[{"href":"https:\/\/estrategica.com.co\/blog\/wp-json\/wp\/v2\/posts\/3257","targetHints":{"allow":["GET"]}}],"collection":[{"href":"https:\/\/estrategica.com.co\/blog\/wp-json\/wp\/v2\/posts"}],"about":[{"href":"https:\/\/estrategica.com.co\/blog\/wp-json\/wp\/v2\/types\/post"}],"author":[{"embeddable":true,"href":"https:\/\/estrategica.com.co\/blog\/wp-json\/wp\/v2\/users\/4"}],"replies":[{"embeddable":true,"href":"https:\/\/estrategica.com.co\/blog\/wp-json\/wp\/v2\/comments?post=3257"}],"version-history":[{"count":2,"href":"https:\/\/estrategica.com.co\/blog\/wp-json\/wp\/v2\/posts\/3257\/revisions"}],"predecessor-version":[{"id":3259,"href":"https:\/\/estrategica.com.co\/blog\/wp-json\/wp\/v2\/posts\/3257\/revisions\/3259"}],"wp:featuredmedia":[{"embeddable":true,"href":"https:\/\/estrategica.com.co\/blog\/wp-json\/wp\/v2\/media\/3256"}],"wp:attachment":[{"href":"https:\/\/estrategica.com.co\/blog\/wp-json\/wp\/v2\/media?parent=3257"}],"wp:term":[{"taxonomy":"category","embeddable":true,"href":"https:\/\/estrategica.com.co\/blog\/wp-json\/wp\/v2\/categories?post=3257"},{"taxonomy":"post_tag","embeddable":true,"href":"https:\/\/estrategica.com.co\/blog\/wp-json\/wp\/v2\/tags?post=3257"}],"curies":[{"name":"wp","href":"https:\/\/api.w.org\/{rel}","templated":true}]}}