{"id":3262,"date":"2009-02-01T13:01:57","date_gmt":"2009-02-01T13:01:57","guid":{"rendered":"http:\/\/estrategica.com.co\/blog\/?p=3262"},"modified":"2009-02-01T13:20:05","modified_gmt":"2009-02-01T13:20:05","slug":"la-sensatez","status":"publish","type":"post","link":"https:\/\/estrategica.com.co\/blog\/la-sensatez\/","title":{"rendered":"LA SENSATEZ"},"content":{"rendered":"<p><img loading=\"lazy\" decoding=\"async\" data-attachment-id=\"3261\" data-permalink=\"https:\/\/estrategica.com.co\/blog\/la-sensatez\/affichedevilliers2007_061\/\" data-orig-file=\"https:\/\/i0.wp.com\/estrategica.com.co\/blog\/wp-content\/uploads\/2009\/02\/affichedevilliers2007_061.jpg?fit=452%2C600&amp;ssl=1\" data-orig-size=\"452,600\" data-comments-opened=\"1\" data-image-meta=\"{&quot;aperture&quot;:&quot;0&quot;,&quot;credit&quot;:&quot;&quot;,&quot;camera&quot;:&quot;&quot;,&quot;caption&quot;:&quot;&quot;,&quot;created_timestamp&quot;:&quot;0&quot;,&quot;copyright&quot;:&quot;&quot;,&quot;focal_length&quot;:&quot;0&quot;,&quot;iso&quot;:&quot;0&quot;,&quot;shutter_speed&quot;:&quot;0&quot;,&quot;title&quot;:&quot;&quot;}\" data-image-title=\"affichedevilliers2007_061\" data-image-description=\"\" data-image-caption=\"\" data-medium-file=\"https:\/\/i0.wp.com\/estrategica.com.co\/blog\/wp-content\/uploads\/2009\/02\/affichedevilliers2007_061.jpg?fit=226%2C300&amp;ssl=1\" data-large-file=\"https:\/\/i0.wp.com\/estrategica.com.co\/blog\/wp-content\/uploads\/2009\/02\/affichedevilliers2007_061.jpg?fit=452%2C600&amp;ssl=1\" class=\"alignnone size-full wp-image-3261\" title=\"affichedevilliers2007_061\" src=\"https:\/\/i0.wp.com\/estrategica.com.co\/blog\/wp-content\/uploads\/2009\/02\/affichedevilliers2007_061.jpg?resize=452%2C600\" alt=\"affichedevilliers2007_061\" width=\"452\" height=\"600\" srcset=\"https:\/\/i0.wp.com\/estrategica.com.co\/blog\/wp-content\/uploads\/2009\/02\/affichedevilliers2007_061.jpg?w=452&amp;ssl=1 452w, https:\/\/i0.wp.com\/estrategica.com.co\/blog\/wp-content\/uploads\/2009\/02\/affichedevilliers2007_061.jpg?resize=226%2C300&amp;ssl=1 226w\" sizes=\"(max-width: 452px) 100vw, 452px\" data-recalc-dims=\"1\" \/><\/p>\n<p class=\"MsoNormal\" style=\"margin: 0cm 0cm 0pt; text-align: justify;\">\u00a0<\/p>\n<p><span style=\"font-family: Arial;\"><span style=\"font-size: small;\"><\/p>\n<p class=\"MsoNormal\" style=\"margin: 0cm 0cm 0pt; text-align: justify;\"><span style=\"font-family: Arial;\">Afiche del Movimiento por Francia para las elecciones de 2007. Phillipe de Villiers encarna una opci\u00f3n conservadora en el espectro pol\u00edtico franc\u00e9s. Es uno de los representantes de los euroesc\u00e9pticos que son aquellos que se oponen al proceso de integraci\u00f3n europea. Fue uno de los l\u00edderes por el No a la Constituci\u00f3n Europea y ha impulsado iniciativas dirigidas a que los emigrantes tengan que hablar franc\u00e9s y a controlar la migraci\u00f3n laboral de bajo nivel. Su campa\u00f1a pol\u00edtica la baso en la cr\u00edtica de la creciente \u201cislamizaci\u00f3n\u201d de Francia, es decir, la entrada de creencias que radicalizan a la sociedad<span style=\"mso-spacerun: yes;\">\u00a0 <\/span>francesa con valores ajenos a la tradici\u00f3n cultural gala. Goz\u00f3 durante la campa\u00f1a de un prestigio que nunca supo transformar en apoyo electoral, lo cual sucede por falta de la estrategia adecuada. Su campa\u00f1a visualmente tuvo muchos formatos, muchos slogan y, por lo tanto, mucho desorden e indisciplina de mensaje. El \u00fanico elemento de identidad constante es el de \u201cLa Sensatez\u201d y el \u201cYo Tambi\u00e9n\u201d con el que enmarca las propuestas que van del matrimonio homosexual, a la migraci\u00f3n, a los impuestos y a la obligatoriedad del idioma franc\u00e9s. Ni siquiera se mantuvo la identidad de postura del candidato que hubiera podido trasmitir coherencia a los distintos instrumentos de persuasi\u00f3n. En la segunda vuelta apoyo a Nicolas Sarkozy. En la grafica se ve el rostro de de Villiers en un primer\u00edsimo plano con un gesto entre amable y despreocupado mientras el texto dice: \u201cVilliers La Sensatez\u201d.<\/span><\/p>\n<p class=\"MsoNormal\" style=\"margin: 0cm 0cm 0pt; text-align: justify;\"><span style=\"font-family: Arial;\"><\/span><\/p>\n<p><\/span><\/span><\/p>\n","protected":false},"excerpt":{"rendered":"<p>\u00a0 Afiche del Movimiento por Francia para las elecciones de 2007. Phillipe de Villiers encarna una opci\u00f3n conservadora en el espectro pol\u00edtico franc\u00e9s. Es uno de los representantes de los euroesc\u00e9pticos que son aquellos que se oponen al proceso de integraci\u00f3n europea. Fue uno de los l\u00edderes por el No a la Constituci\u00f3n Europea y [&hellip;]<\/p>\n","protected":false},"author":4,"featured_media":3261,"comment_status":"open","ping_status":"open","sticky":false,"template":"","format":"standard","meta":{"_et_pb_use_builder":"","_et_pb_old_content":"","_et_gb_content_width":"","advanced_seo_description":"","jetpack_seo_html_title":"","jetpack_seo_noindex":false,"footnotes":""},"categories":[5,57,46,50,10,11],"tags":[52,233],"class_list":["post-3262","post","type-post","status-publish","format-standard","has-post-thumbnail","hentry","category-afiches","category-campana-presidencial","category-fotograficos","category-francia","category-geo","category-temas","tag-elecciones-2007","tag-philippe-de-villiers"],"jetpack_featured_media_url":"https:\/\/i0.wp.com\/estrategica.com.co\/blog\/wp-content\/uploads\/2009\/02\/affichedevilliers2007_061.jpg?fit=452%2C600&ssl=1","jetpack_shortlink":"https:\/\/wp.me\/p4wgsh-QC","jetpack-related-posts":[{"id":3274,"url":"https:\/\/estrategica.com.co\/blog\/encontrar-el-orgullo-de-ser-frances\/","url_meta":{"origin":3262,"position":0},"title":"Encontrar el orgullo de ser Franc\u00e9s","author":"estrategica.com","date":"febrero 1, 2009","format":false,"excerpt":"Afiche del Movimiento por Francia para las elecciones de 2007. Phillipe de Villiers encarna una opci\u00f3n conservadora en el espectro pol\u00edtico franc\u00e9s. Es uno de los representantes de los euroesc\u00e9pticos que son aquellos que se oponen al proceso de integraci\u00f3n europea. Fue uno de los l\u00edderes por el No a\u2026","rel":"","context":"En \u00abAFICHES\u00bb","block_context":{"text":"AFICHES","link":"https:\/\/estrategica.com.co\/blog\/category\/afiches\/"},"img":{"alt_text":"","src":"https:\/\/i0.wp.com\/estrategica.com.co\/blog\/wp-content\/uploads\/2009\/02\/affichevilliers.jpg?fit=338%2C475&ssl=1&resize=350%2C200","width":350,"height":200},"classes":[]},{"id":3265,"url":"https:\/\/estrategica.com.co\/blog\/contra-el-matrimonio-homo\/","url_meta":{"origin":3262,"position":1},"title":"Contra el matrimonio homo&#8230;","author":"estrategica.com","date":"febrero 1, 2009","format":false,"excerpt":"Afiche del Movimiento por Francia para las elecciones de 2007. Phillipe de Villiers encarna una opci\u00f3n conservadora en el espectro pol\u00edtico franc\u00e9s. Es uno de los representantes de los euroesc\u00e9pticos que son aquellos que se oponen al proceso de integraci\u00f3n europea. Fue uno de los l\u00edderes por el No a\u2026","rel":"","context":"En \u00abAFICHES\u00bb","block_context":{"text":"AFICHES","link":"https:\/\/estrategica.com.co\/blog\/category\/afiches\/"},"img":{"alt_text":"","src":"https:\/\/i0.wp.com\/estrategica.com.co\/blog\/wp-content\/uploads\/2009\/02\/affichedevilliers2007_15.jpg?fit=798%2C600&ssl=1&resize=350%2C200","width":350,"height":200},"classes":[]},{"id":3269,"url":"https:\/\/estrategica.com.co\/blog\/yo-tambien\/","url_meta":{"origin":3262,"position":2},"title":"Yo Tambien","author":"estrategica.com","date":"febrero 1, 2009","format":false,"excerpt":"Afiche del Movimiento por Francia para las elecciones de 2007. Phillipe de Villiers encarna una opci\u00f3n conservadora en el espectro pol\u00edtico franc\u00e9s. Es uno de los representantes de los euroesc\u00e9pticos que son aquellos que se oponen al proceso de integraci\u00f3n europea. Fue uno de los l\u00edderes por el No a\u2026","rel":"","context":"En \u00abAFICHES\u00bb","block_context":{"text":"AFICHES","link":"https:\/\/estrategica.com.co\/blog\/category\/afiches\/"},"img":{"alt_text":"","src":"https:\/\/i0.wp.com\/estrategica.com.co\/blog\/wp-content\/uploads\/2009\/02\/312.jpg?fit=468%2C352&ssl=1&resize=350%2C200","width":350,"height":200},"classes":[]},{"id":3290,"url":"https:\/\/estrategica.com.co\/blog\/mouse-pad-de-villiers\/","url_meta":{"origin":3262,"position":3},"title":"Mouse Pad de Villiers","author":"estrategica.com","date":"febrero 1, 2009","format":false,"excerpt":"Mouse Pad con la imagen de Francois de Villiers para las elecciones de 2007. Es un objeto interesante, llamativo, con capacidad de generar recordaci\u00f3n y con un contenido pedag\u00f3gico y tecnol\u00f3gico susceptible de una rentabilidad pol\u00edtica.","rel":"","context":"En \u00abCampa\u00f1a Presidencial\u00bb","block_context":{"text":"Campa\u00f1a Presidencial","link":"https:\/\/estrategica.com.co\/blog\/category\/temas\/campana-presidencial\/"},"img":{"alt_text":"","src":"https:\/\/i0.wp.com\/estrategica.com.co\/blog\/wp-content\/uploads\/2009\/02\/11.jpg?fit=416%2C520&ssl=1&resize=350%2C200","width":350,"height":200},"classes":[]},{"id":17803,"url":"https:\/\/estrategica.com.co\/blog\/referendum-villiers\/","url_meta":{"origin":3262,"position":4},"title":"Referendum &#8211; Villiers","author":"Juliana","date":"abril 23, 2011","format":false,"excerpt":"[hana-flv-player video=\"\/blog\/wp-content\/uploads\/2009\/01\/videosultimosconver\/paillasson.flv\" width=\"550\" height=\"\" description=\"Referendum - Villiers\" clickurl=\"\" clicktarget=\"\" player=\"4\" autoplay=\"false\" loop=\"false\" autorewind=\"true\" splashimage=\"\" skin=\"\" \/] [icon color=\"Accent-Color\" size=\"regular\" image=\"steadysets-icon-chat\"] Contexto Spot del Movimiento por Francia de cara\u00a0 a las elecciones europeas de 2009. El movimiento liderado por philippe de villiers es euroesceptico en la medida en que luchan por\u2026","rel":"","context":"En \u00ab2009\u00bb","block_context":{"text":"2009","link":"https:\/\/estrategica.com.co\/blog\/category\/ano\/2009\/"},"img":{"alt_text":"","src":"https:\/\/i0.wp.com\/estrategica.com.co\/blog\/wp-content\/uploads\/2009\/06\/paillasson_thumb.png?fit=627%2C416&ssl=1&resize=350%2C200","width":350,"height":200},"classes":[]},{"id":17063,"url":"https:\/\/estrategica.com.co\/blog\/cliplibertaslenon\/","url_meta":{"origin":3262,"position":5},"title":"NO &#8211; Villiers","author":"Juliana","date":"abril 23, 2011","format":false,"excerpt":"[hana-flv-player video=\"\/blog\/wp-content\/uploads\/2009\/01\/videosultimosconver\/ClipLibertasleNON.flv\" width=\"550\" height=\"\" description=\"NO - Villiers\" clickurl=\"\" clicktarget=\"\" player=\"4\" autoplay=\"false\" loop=\"false\" autorewind=\"true\" splashimage=\"\" skin=\"\" \/] [icon color=\"Accent-Color\" size=\"regular\" image=\"steadysets-icon-chat\"] Contexto Spot del Movimiento por Francia de cara\u00a0 a las elecciones europeas de 2009. El movimiento liderado por philippe de villiers es euroesceptico en la medida en que luchan por\u2026","rel":"","context":"En \u00ab2009\u00bb","block_context":{"text":"2009","link":"https:\/\/estrategica.com.co\/blog\/category\/ano\/2009\/"},"img":{"alt_text":"","src":"https:\/\/i0.wp.com\/estrategica.com.co\/blog\/wp-content\/uploads\/2009\/06\/cliplibertaslenon_thumb.png?fit=690%2C521&ssl=1&resize=350%2C200","width":350,"height":200},"classes":[]}],"jetpack_sharing_enabled":true,"_links":{"self":[{"href":"https:\/\/estrategica.com.co\/blog\/wp-json\/wp\/v2\/posts\/3262","targetHints":{"allow":["GET"]}}],"collection":[{"href":"https:\/\/estrategica.com.co\/blog\/wp-json\/wp\/v2\/posts"}],"about":[{"href":"https:\/\/estrategica.com.co\/blog\/wp-json\/wp\/v2\/types\/post"}],"author":[{"embeddable":true,"href":"https:\/\/estrategica.com.co\/blog\/wp-json\/wp\/v2\/users\/4"}],"replies":[{"embeddable":true,"href":"https:\/\/estrategica.com.co\/blog\/wp-json\/wp\/v2\/comments?post=3262"}],"version-history":[{"count":2,"href":"https:\/\/estrategica.com.co\/blog\/wp-json\/wp\/v2\/posts\/3262\/revisions"}],"predecessor-version":[{"id":3272,"href":"https:\/\/estrategica.com.co\/blog\/wp-json\/wp\/v2\/posts\/3262\/revisions\/3272"}],"wp:featuredmedia":[{"embeddable":true,"href":"https:\/\/estrategica.com.co\/blog\/wp-json\/wp\/v2\/media\/3261"}],"wp:attachment":[{"href":"https:\/\/estrategica.com.co\/blog\/wp-json\/wp\/v2\/media?parent=3262"}],"wp:term":[{"taxonomy":"category","embeddable":true,"href":"https:\/\/estrategica.com.co\/blog\/wp-json\/wp\/v2\/categories?post=3262"},{"taxonomy":"post_tag","embeddable":true,"href":"https:\/\/estrategica.com.co\/blog\/wp-json\/wp\/v2\/tags?post=3262"}],"curies":[{"name":"wp","href":"https:\/\/api.w.org\/{rel}","templated":true}]}}