{"id":3300,"date":"2009-02-01T19:23:31","date_gmt":"2009-02-01T19:23:31","guid":{"rendered":"http:\/\/estrategica.com.co\/blog\/?p=3300"},"modified":"2009-02-01T20:06:09","modified_gmt":"2009-02-01T20:06:09","slug":"vote-centro","status":"publish","type":"post","link":"https:\/\/estrategica.com.co\/blog\/vote-centro\/","title":{"rendered":"VOTE CENTRO"},"content":{"rendered":"<p><img loading=\"lazy\" decoding=\"async\" data-attachment-id=\"3299\" data-permalink=\"https:\/\/estrategica.com.co\/blog\/vote-centro\/ucd1977\/\" data-orig-file=\"https:\/\/i0.wp.com\/estrategica.com.co\/blog\/wp-content\/uploads\/2009\/02\/ucd1977.jpg?fit=300%2C435&amp;ssl=1\" data-orig-size=\"300,435\" data-comments-opened=\"1\" data-image-meta=\"{&quot;aperture&quot;:&quot;0&quot;,&quot;credit&quot;:&quot;&quot;,&quot;camera&quot;:&quot;&quot;,&quot;caption&quot;:&quot;&quot;,&quot;created_timestamp&quot;:&quot;0&quot;,&quot;copyright&quot;:&quot;&quot;,&quot;focal_length&quot;:&quot;0&quot;,&quot;iso&quot;:&quot;0&quot;,&quot;shutter_speed&quot;:&quot;0&quot;,&quot;title&quot;:&quot;&quot;}\" data-image-title=\"ucd1977\" data-image-description=\"\" data-image-caption=\"\" data-medium-file=\"https:\/\/i0.wp.com\/estrategica.com.co\/blog\/wp-content\/uploads\/2009\/02\/ucd1977.jpg?fit=206%2C300&amp;ssl=1\" data-large-file=\"https:\/\/i0.wp.com\/estrategica.com.co\/blog\/wp-content\/uploads\/2009\/02\/ucd1977.jpg?fit=300%2C435&amp;ssl=1\" class=\"alignnone size-full wp-image-3299\" title=\"ucd1977\" src=\"https:\/\/i0.wp.com\/estrategica.com.co\/blog\/wp-content\/uploads\/2009\/02\/ucd1977.jpg?resize=300%2C435\" alt=\"ucd1977\" width=\"300\" height=\"435\" srcset=\"https:\/\/i0.wp.com\/estrategica.com.co\/blog\/wp-content\/uploads\/2009\/02\/ucd1977.jpg?w=300&amp;ssl=1 300w, https:\/\/i0.wp.com\/estrategica.com.co\/blog\/wp-content\/uploads\/2009\/02\/ucd1977.jpg?resize=206%2C300&amp;ssl=1 206w\" sizes=\"(max-width: 300px) 100vw, 300px\" data-recalc-dims=\"1\" \/><\/p>\n<p class=\"MsoNormal\" style=\"margin: 0cm 0cm 0pt; text-align: justify;\"><span style=\"font-family: Arial;\"><span style=\"font-size: small;\">Afiche de la Uni\u00f3n de Centro Democr\u00e1tico para las elecciones de 1977. Adolfo Su\u00e1rez, l\u00edder de la coalici\u00f3n, desempe\u00f1a la presidencia desde julio de 1976 por designaci\u00f3n del Rey Juan Carlos. La estrategia es la de una transici\u00f3n sin sobresaltos ni extremismos. Por eso el \u00e9nfasis comunicativo que se pone en ser de centro, es decir, \u201cel algod\u00f3n entre los dos vidrios\u201d, el \u00e1rbitro entre la izquierda y la derecha. Ese era el esp\u00edritu de una gran parte de la sociedad espa\u00f1ola. El mensaje es claro: El centro es \u201cla v\u00eda segura a la democracia\u201d.<\/span><\/span><\/p>\n<p class=\"MsoNormal\" style=\"margin: 0cm 0cm 0pt; text-align: justify;\"><span style=\"font-family: Arial;\"><span style=\"font-size: small;\"><\/span><\/span><\/p>\n","protected":false},"excerpt":{"rendered":"<p>Afiche de la Uni\u00f3n de Centro Democr\u00e1tico para las elecciones de 1977. Adolfo Su\u00e1rez, l\u00edder de la coalici\u00f3n, desempe\u00f1a la presidencia desde julio de 1976 por designaci\u00f3n del Rey Juan Carlos. La estrategia es la de una transici\u00f3n sin sobresaltos ni extremismos. Por eso el \u00e9nfasis comunicativo que se pone en ser de centro, es [&hellip;]<\/p>\n","protected":false},"author":4,"featured_media":3299,"comment_status":"open","ping_status":"open","sticky":false,"template":"","format":"standard","meta":{"_et_pb_use_builder":"","_et_pb_old_content":"","_et_gb_content_width":"","advanced_seo_description":"","jetpack_seo_html_title":"","jetpack_seo_noindex":false,"footnotes":""},"categories":[5,57,23,46,10,11],"tags":[235,154,236,234],"class_list":["post-3300","post","type-post","status-publish","format-standard","has-post-thumbnail","hentry","category-afiches","category-campana-presidencial","category-espana","category-fotograficos","category-geo","category-temas","tag-adolfo-suarez","tag-elecciones-1977","tag-ucd","tag-union-de-centro-democratico"],"jetpack_featured_media_url":"https:\/\/i0.wp.com\/estrategica.com.co\/blog\/wp-content\/uploads\/2009\/02\/ucd1977.jpg?fit=300%2C435&ssl=1","jetpack_shortlink":"https:\/\/wp.me\/p4wgsh-Re","jetpack-related-posts":[{"id":3296,"url":"https:\/\/estrategica.com.co\/blog\/union-de-centro-democratico\/","url_meta":{"origin":3300,"position":0},"title":"Uni\u00f3n de Centro Democr\u00e1tico","author":"estrategica.com","date":"febrero 1, 2009","format":false,"excerpt":"Afiche de la Uni\u00f3n de Centro Democr\u00e1tico para las elecciones de 1977. Adolfo Su\u00e1rez, l\u00edder de la coalici\u00f3n, desempe\u00f1a la presidencia desde julio de 1976 por designaci\u00f3n del Rey Juan Carlos. La estrategia es la de una transici\u00f3n sin sobresaltos ni extremismos. Por eso el \u00e9nfasis comunicativo que se pone\u2026","rel":"","context":"En \u00abAFICHES\u00bb","block_context":{"text":"AFICHES","link":"https:\/\/estrategica.com.co\/blog\/category\/afiches\/"},"img":{"alt_text":"","src":"","width":0,"height":0},"classes":[]},{"id":3303,"url":"https:\/\/estrategica.com.co\/blog\/dicho-y-hecho\/","url_meta":{"origin":3300,"position":1},"title":"Dicho y Hecho","author":"estrategica.com","date":"febrero 1, 2009","format":false,"excerpt":"Afiche de la Uni\u00f3n de Centro Democr\u00e1tico para las elecciones de 1979. El mensaje de campa\u00f1a es la de capitalizar los logros del gobierno y como cumpli\u00f3 lo que hab\u00eda prometido. El slogan es: \u201cDicho y Hecho\u201d. El gobierno de Su\u00e1rez gozaba de gran respetabilidad en la opini\u00f3n, sin embargo,\u2026","rel":"","context":"En \u00abAFICHES\u00bb","block_context":{"text":"AFICHES","link":"https:\/\/estrategica.com.co\/blog\/category\/afiches\/"},"img":{"alt_text":"","src":"https:\/\/i0.wp.com\/estrategica.com.co\/blog\/wp-content\/uploads\/2009\/02\/ucd1979.jpg?fit=300%2C440&ssl=1&resize=350%2C200","width":350,"height":200},"classes":[]},{"id":3307,"url":"https:\/\/estrategica.com.co\/blog\/el-centro-avanza\/","url_meta":{"origin":3300,"position":2},"title":"EL CENTRO AVANZA","author":"estrategica.com","date":"febrero 1, 2009","format":false,"excerpt":"Afiche del Centro Democr\u00e1tico y Social para las elecciones auton\u00f3micas de 1987. Adolfo Su\u00e1rez ejerci\u00f3 como diputado por Madrid en varias legislaturas. El mensaje sigue siendo el mismo de siempre: apelar al centro, en medio de los enfrentamientos entre el PSOE y el PP, entre la izquierda y la derecha.\u2026","rel":"","context":"En \u00abAFICHES\u00bb","block_context":{"text":"AFICHES","link":"https:\/\/estrategica.com.co\/blog\/category\/afiches\/"},"img":{"alt_text":"","src":"https:\/\/i0.wp.com\/estrategica.com.co\/blog\/wp-content\/uploads\/2009\/02\/n076p16b.jpg?fit=403%2C496&ssl=1&resize=350%2C200","width":350,"height":200},"classes":[]},{"id":906,"url":"https:\/\/estrategica.com.co\/blog\/vota-psoe\/","url_meta":{"origin":3300,"position":3},"title":"VOTA PSOE","author":"estrategica.com","date":"enero 12, 2009","format":false,"excerpt":"Interesante afiche del PSOE para la campa\u00f1a electoral de 1977. La grafica es una ilustraci\u00f3n tradicional de la izquierda en donde se muestra un obrero, un trabajador de los puertos, un ciudadano urbano y una campesina, y en el centro de ellos, Felipe Gonz\u00e1lez, el candidato. Cada protagonista de la\u2026","rel":"","context":"En \u00abAFICHES\u00bb","block_context":{"text":"AFICHES","link":"https:\/\/estrategica.com.co\/blog\/category\/afiches\/"},"img":{"alt_text":"","src":"https:\/\/i0.wp.com\/estrategica.com.co\/blog\/wp-content\/uploads\/2009\/01\/p61500911.jpg?fit=617%2C394&ssl=1&resize=350%2C200","width":350,"height":200},"classes":[]},{"id":888,"url":"https:\/\/estrategica.com.co\/blog\/la-libertad-esta-en-tu-mano\/","url_meta":{"origin":3300,"position":4},"title":"La libertad est\u00e1 en tu mano.","author":"estrategica.com","date":"enero 12, 2009","format":false,"excerpt":"Este afiche es de 1977 y hace parte de la estrategia de comunicaci\u00f3n del PSOE para enfrentar las primeras elecciones democr\u00e1ticas despu\u00e9s de 40 a\u00f1os de dictadura. La estrategia tenia tres pilares: por un lado, dos slogans, \u201cSocialismo es libertas\u201d y \u201cLa libertad est\u00e1 en tu mano\u201d esta ultima representada\u2026","rel":"","context":"En \u00abAFICHES\u00bb","block_context":{"text":"AFICHES","link":"https:\/\/estrategica.com.co\/blog\/category\/afiches\/"},"img":{"alt_text":"","src":"https:\/\/i0.wp.com\/estrategica.com.co\/blog\/wp-content\/uploads\/2009\/01\/psoe77.jpg?fit=300%2C418&ssl=1&resize=350%2C200","width":350,"height":200},"classes":[]},{"id":902,"url":"https:\/\/estrategica.com.co\/blog\/la-llave-de-europa-esta-en-tu-mano\/","url_meta":{"origin":3300,"position":5},"title":"La llave de Europa est\u00e1 en tu mano.","author":"estrategica.com","date":"enero 12, 2009","format":false,"excerpt":"Este afiche es de 1977 y hace parte de la estrategia de comunicaci\u00f3n del PSOE para enfrentar las primeras elecciones democr\u00e1ticas despu\u00e9s de 40 a\u00f1os de dictadura. La estrategia tenia tres pilares: por un lado, dos slogans, \u201cSocialismo es libertas\u201d y \u201cLa libertad est\u00e1 en tu mano\u201d esta ultima representada\u2026","rel":"","context":"En \u00abAFICHES\u00bb","block_context":{"text":"AFICHES","link":"https:\/\/estrategica.com.co\/blog\/category\/afiches\/"},"img":{"alt_text":"","src":"https:\/\/i0.wp.com\/estrategica.com.co\/blog\/wp-content\/uploads\/2009\/01\/p6150088.jpg?fit=320%2C459&ssl=1&resize=350%2C200","width":350,"height":200},"classes":[]}],"jetpack_sharing_enabled":true,"_links":{"self":[{"href":"https:\/\/estrategica.com.co\/blog\/wp-json\/wp\/v2\/posts\/3300","targetHints":{"allow":["GET"]}}],"collection":[{"href":"https:\/\/estrategica.com.co\/blog\/wp-json\/wp\/v2\/posts"}],"about":[{"href":"https:\/\/estrategica.com.co\/blog\/wp-json\/wp\/v2\/types\/post"}],"author":[{"embeddable":true,"href":"https:\/\/estrategica.com.co\/blog\/wp-json\/wp\/v2\/users\/4"}],"replies":[{"embeddable":true,"href":"https:\/\/estrategica.com.co\/blog\/wp-json\/wp\/v2\/comments?post=3300"}],"version-history":[{"count":3,"href":"https:\/\/estrategica.com.co\/blog\/wp-json\/wp\/v2\/posts\/3300\/revisions"}],"predecessor-version":[{"id":3311,"href":"https:\/\/estrategica.com.co\/blog\/wp-json\/wp\/v2\/posts\/3300\/revisions\/3311"}],"wp:featuredmedia":[{"embeddable":true,"href":"https:\/\/estrategica.com.co\/blog\/wp-json\/wp\/v2\/media\/3299"}],"wp:attachment":[{"href":"https:\/\/estrategica.com.co\/blog\/wp-json\/wp\/v2\/media?parent=3300"}],"wp:term":[{"taxonomy":"category","embeddable":true,"href":"https:\/\/estrategica.com.co\/blog\/wp-json\/wp\/v2\/categories?post=3300"},{"taxonomy":"post_tag","embeddable":true,"href":"https:\/\/estrategica.com.co\/blog\/wp-json\/wp\/v2\/tags?post=3300"}],"curies":[{"name":"wp","href":"https:\/\/api.w.org\/{rel}","templated":true}]}}