{"id":3303,"date":"2009-02-01T19:32:28","date_gmt":"2009-02-01T19:32:28","guid":{"rendered":"http:\/\/estrategica.com.co\/blog\/?p=3303"},"modified":"2009-02-01T19:32:28","modified_gmt":"2009-02-01T19:32:28","slug":"dicho-y-hecho","status":"publish","type":"post","link":"https:\/\/estrategica.com.co\/blog\/dicho-y-hecho\/","title":{"rendered":"Dicho y Hecho"},"content":{"rendered":"<p><img loading=\"lazy\" decoding=\"async\" data-attachment-id=\"3302\" data-permalink=\"https:\/\/estrategica.com.co\/blog\/dicho-y-hecho\/ucd1979\/\" data-orig-file=\"https:\/\/i0.wp.com\/estrategica.com.co\/blog\/wp-content\/uploads\/2009\/02\/ucd1979.jpg?fit=300%2C440&amp;ssl=1\" data-orig-size=\"300,440\" data-comments-opened=\"1\" data-image-meta=\"{&quot;aperture&quot;:&quot;0&quot;,&quot;credit&quot;:&quot;&quot;,&quot;camera&quot;:&quot;&quot;,&quot;caption&quot;:&quot;&quot;,&quot;created_timestamp&quot;:&quot;0&quot;,&quot;copyright&quot;:&quot;&quot;,&quot;focal_length&quot;:&quot;0&quot;,&quot;iso&quot;:&quot;0&quot;,&quot;shutter_speed&quot;:&quot;0&quot;,&quot;title&quot;:&quot;&quot;}\" data-image-title=\"ucd1979\" data-image-description=\"\" data-image-caption=\"\" data-medium-file=\"https:\/\/i0.wp.com\/estrategica.com.co\/blog\/wp-content\/uploads\/2009\/02\/ucd1979.jpg?fit=204%2C300&amp;ssl=1\" data-large-file=\"https:\/\/i0.wp.com\/estrategica.com.co\/blog\/wp-content\/uploads\/2009\/02\/ucd1979.jpg?fit=300%2C440&amp;ssl=1\" class=\"alignnone size-full wp-image-3302\" title=\"ucd1979\" src=\"https:\/\/i0.wp.com\/estrategica.com.co\/blog\/wp-content\/uploads\/2009\/02\/ucd1979.jpg?resize=300%2C440\" alt=\"ucd1979\" width=\"300\" height=\"440\" srcset=\"https:\/\/i0.wp.com\/estrategica.com.co\/blog\/wp-content\/uploads\/2009\/02\/ucd1979.jpg?w=300&amp;ssl=1 300w, https:\/\/i0.wp.com\/estrategica.com.co\/blog\/wp-content\/uploads\/2009\/02\/ucd1979.jpg?resize=204%2C300&amp;ssl=1 204w\" sizes=\"(max-width: 300px) 100vw, 300px\" data-recalc-dims=\"1\" \/><\/p>\n<p class=\"MsoNormal\" style=\"margin: 0cm 0cm 0pt; text-align: justify;\"><span style=\"font-family: Arial;\"><span style=\"font-size: small;\">Afiche de la Uni\u00f3n de Centro Democr\u00e1tico para las elecciones de 1979. El mensaje de campa\u00f1a es la de capitalizar los logros del gobierno y como cumpli\u00f3 lo que hab\u00eda prometido. El slogan es: \u201cDicho y Hecho\u201d. El gobierno de Su\u00e1rez gozaba de gran respetabilidad en la opini\u00f3n, sin embargo, la izquierda creci\u00f3 en representaci\u00f3n y muchas municipalidades quedaron, en las elecciones de abril, bajo su mando. El gobierno comenz\u00f3 un proceso de desgaste que culmin\u00f3 con la renuncia de Su\u00e1rez en 1981. La estrategia de campa\u00f1a estaba dirigida a rentabilizar los logros del gobierno durante la transici\u00f3n democr\u00e1tica, pero las preocupaciones de a gente dejaron de ser esas y empez\u00f3 a ser la salud, la educaci\u00f3n y la calidad de vida. Nuevas fuerzas pol\u00edticas empezaron a robustecerse en torno a esos temas.<\/span><\/span><\/p>\n<p class=\"MsoNormal\" style=\"margin: 0cm 0cm 0pt; text-align: justify;\"><span style=\"font-family: Arial;\"><span style=\"font-size: small;\"><\/span><\/span><\/p>\n","protected":false},"excerpt":{"rendered":"<p>Afiche de la Uni\u00f3n de Centro Democr\u00e1tico para las elecciones de 1979. El mensaje de campa\u00f1a es la de capitalizar los logros del gobierno y como cumpli\u00f3 lo que hab\u00eda prometido. El slogan es: \u201cDicho y Hecho\u201d. El gobierno de Su\u00e1rez gozaba de gran respetabilidad en la opini\u00f3n, sin embargo, la izquierda creci\u00f3 en representaci\u00f3n [&hellip;]<\/p>\n","protected":false},"author":4,"featured_media":3302,"comment_status":"open","ping_status":"open","sticky":false,"template":"","format":"standard","meta":{"_et_pb_use_builder":"","_et_pb_old_content":"","_et_gb_content_width":"","advanced_seo_description":"","jetpack_seo_html_title":"","jetpack_seo_noindex":false,"footnotes":""},"categories":[5,57,23,46,10,11],"tags":[235,151,236,234],"class_list":["post-3303","post","type-post","status-publish","format-standard","has-post-thumbnail","hentry","category-afiches","category-campana-presidencial","category-espana","category-fotograficos","category-geo","category-temas","tag-adolfo-suarez","tag-elecciones-1979","tag-ucd","tag-union-de-centro-democratico"],"jetpack_featured_media_url":"https:\/\/i0.wp.com\/estrategica.com.co\/blog\/wp-content\/uploads\/2009\/02\/ucd1979.jpg?fit=300%2C440&ssl=1","jetpack_shortlink":"https:\/\/wp.me\/p4wgsh-Rh","jetpack-related-posts":[{"id":3296,"url":"https:\/\/estrategica.com.co\/blog\/union-de-centro-democratico\/","url_meta":{"origin":3303,"position":0},"title":"Uni\u00f3n de Centro Democr\u00e1tico","author":"estrategica.com","date":"febrero 1, 2009","format":false,"excerpt":"Afiche de la Uni\u00f3n de Centro Democr\u00e1tico para las elecciones de 1977. Adolfo Su\u00e1rez, l\u00edder de la coalici\u00f3n, desempe\u00f1a la presidencia desde julio de 1976 por designaci\u00f3n del Rey Juan Carlos. La estrategia es la de una transici\u00f3n sin sobresaltos ni extremismos. Por eso el \u00e9nfasis comunicativo que se pone\u2026","rel":"","context":"En \u00abAFICHES\u00bb","block_context":{"text":"AFICHES","link":"https:\/\/estrategica.com.co\/blog\/category\/afiches\/"},"img":{"alt_text":"","src":"","width":0,"height":0},"classes":[]},{"id":3300,"url":"https:\/\/estrategica.com.co\/blog\/vote-centro\/","url_meta":{"origin":3303,"position":1},"title":"VOTE CENTRO","author":"estrategica.com","date":"febrero 1, 2009","format":false,"excerpt":"Afiche de la Uni\u00f3n de Centro Democr\u00e1tico para las elecciones de 1977. Adolfo Su\u00e1rez, l\u00edder de la coalici\u00f3n, desempe\u00f1a la presidencia desde julio de 1976 por designaci\u00f3n del Rey Juan Carlos. La estrategia es la de una transici\u00f3n sin sobresaltos ni extremismos. Por eso el \u00e9nfasis comunicativo que se pone\u2026","rel":"","context":"En \u00abAFICHES\u00bb","block_context":{"text":"AFICHES","link":"https:\/\/estrategica.com.co\/blog\/category\/afiches\/"},"img":{"alt_text":"","src":"https:\/\/i0.wp.com\/estrategica.com.co\/blog\/wp-content\/uploads\/2009\/02\/ucd1977.jpg?fit=300%2C435&ssl=1&resize=350%2C200","width":350,"height":200},"classes":[]},{"id":914,"url":"https:\/\/estrategica.com.co\/blog\/un-gobierno-firme-para-una-sociedad-justa\/","url_meta":{"origin":3303,"position":2},"title":"Un Gobierno firme para una Sociedad Justa.","author":"estrategica.com","date":"enero 12, 2009","format":false,"excerpt":"Afiche de campa\u00f1a para las elecciones de 1979. La fotograf\u00eda, en blanco y negro, muestra a Felipe Gonz\u00e1lez en actitud facial de dialogo. Los slogans elegidos por el PSOE para esa campa\u00f1a fueron: \u201cTu voto es nuestra fuerza\u201d, \u201cUn gobierno firme para una sociedad justa\u201d y \u201cUn gobierno firme para\u2026","rel":"","context":"En \u00abAFICHES\u00bb","block_context":{"text":"AFICHES","link":"https:\/\/estrategica.com.co\/blog\/category\/afiches\/"},"img":{"alt_text":"","src":"https:\/\/i0.wp.com\/estrategica.com.co\/blog\/wp-content\/uploads\/2009\/01\/psoe79.jpg?fit=325%2C212&ssl=1&resize=350%2C200","width":350,"height":200},"classes":[]},{"id":3307,"url":"https:\/\/estrategica.com.co\/blog\/el-centro-avanza\/","url_meta":{"origin":3303,"position":3},"title":"EL CENTRO AVANZA","author":"estrategica.com","date":"febrero 1, 2009","format":false,"excerpt":"Afiche del Centro Democr\u00e1tico y Social para las elecciones auton\u00f3micas de 1987. Adolfo Su\u00e1rez ejerci\u00f3 como diputado por Madrid en varias legislaturas. El mensaje sigue siendo el mismo de siempre: apelar al centro, en medio de los enfrentamientos entre el PSOE y el PP, entre la izquierda y la derecha.\u2026","rel":"","context":"En \u00abAFICHES\u00bb","block_context":{"text":"AFICHES","link":"https:\/\/estrategica.com.co\/blog\/category\/afiches\/"},"img":{"alt_text":"","src":"https:\/\/i0.wp.com\/estrategica.com.co\/blog\/wp-content\/uploads\/2009\/02\/n076p16b.jpg?fit=403%2C496&ssl=1&resize=350%2C200","width":350,"height":200},"classes":[]},{"id":4648,"url":"https:\/\/estrategica.com.co\/blog\/un-equipo-probado-y-digno-de-confianza\/","url_meta":{"origin":3303,"position":4},"title":"Un equipo probado y digno de confianza","author":"estrategica.com","date":"marzo 1, 2009","format":false,"excerpt":"Afiche de la campa\u00f1a de Jimmy Carter durante las elecciones de 1980. Las \u00e9pocas en donde Carter representaba el cambio han pasado, ahora encarna el desgaste del poder. Los americanos sienten que su poder\u00edo ha disminuido y que sus adversarios ya no le temen. El 4 de noviembre de 1979,\u2026","rel":"","context":"En \u00abAFICHES\u00bb","block_context":{"text":"AFICHES","link":"https:\/\/estrategica.com.co\/blog\/category\/afiches\/"},"img":{"alt_text":"","src":"https:\/\/i0.wp.com\/estrategica.com.co\/blog\/wp-content\/uploads\/2009\/03\/cartermondalefullcolor.jpg?fit=656%2C1029&ssl=1&resize=350%2C200","width":350,"height":200},"classes":[]},{"id":435,"url":"https:\/\/estrategica.com.co\/blog\/un-chile-libre-grande-y-justo-se-puede\/","url_meta":{"origin":3303,"position":5},"title":"Un Chile libre, grande y justo: Se Puede","author":"camilorojas","date":"enero 5, 2009","format":false,"excerpt":"Candidato a la presidencia por el movimiento Alianza por Chile que es una coalici\u00f3n de centroderecha integrada por la Uni\u00f3n Dem\u00f3crata Independiente (UDI), gremialistas, y Renovaci\u00f3n Nacional (RN). En la campa\u00f1a Pi\u00f1era logr\u00f3 posicionarse por encima de Joaqu\u00edn Lavin asando a la segunda vuelta con Michelle Bachelet. En la \u00faltima\u2026","rel":"","context":"En \u00ab2005\u00bb","block_context":{"text":"2005","link":"https:\/\/estrategica.com.co\/blog\/category\/ano\/2005\/"},"img":{"alt_text":"","src":"https:\/\/i0.wp.com\/estrategica.com.co\/blog\/wp-content\/uploads\/2009\/01\/Un-Chile-libre-grande-y-justo-Se-Puede.jpg?fit=221%2C292&ssl=1&resize=350%2C200","width":350,"height":200},"classes":[]}],"jetpack_sharing_enabled":true,"_links":{"self":[{"href":"https:\/\/estrategica.com.co\/blog\/wp-json\/wp\/v2\/posts\/3303","targetHints":{"allow":["GET"]}}],"collection":[{"href":"https:\/\/estrategica.com.co\/blog\/wp-json\/wp\/v2\/posts"}],"about":[{"href":"https:\/\/estrategica.com.co\/blog\/wp-json\/wp\/v2\/types\/post"}],"author":[{"embeddable":true,"href":"https:\/\/estrategica.com.co\/blog\/wp-json\/wp\/v2\/users\/4"}],"replies":[{"embeddable":true,"href":"https:\/\/estrategica.com.co\/blog\/wp-json\/wp\/v2\/comments?post=3303"}],"version-history":[{"count":2,"href":"https:\/\/estrategica.com.co\/blog\/wp-json\/wp\/v2\/posts\/3303\/revisions"}],"predecessor-version":[{"id":3305,"href":"https:\/\/estrategica.com.co\/blog\/wp-json\/wp\/v2\/posts\/3303\/revisions\/3305"}],"wp:featuredmedia":[{"embeddable":true,"href":"https:\/\/estrategica.com.co\/blog\/wp-json\/wp\/v2\/media\/3302"}],"wp:attachment":[{"href":"https:\/\/estrategica.com.co\/blog\/wp-json\/wp\/v2\/media?parent=3303"}],"wp:term":[{"taxonomy":"category","embeddable":true,"href":"https:\/\/estrategica.com.co\/blog\/wp-json\/wp\/v2\/categories?post=3303"},{"taxonomy":"post_tag","embeddable":true,"href":"https:\/\/estrategica.com.co\/blog\/wp-json\/wp\/v2\/tags?post=3303"}],"curies":[{"name":"wp","href":"https:\/\/api.w.org\/{rel}","templated":true}]}}