{"id":3307,"date":"2009-02-01T19:54:42","date_gmt":"2009-02-01T19:54:42","guid":{"rendered":"http:\/\/estrategica.com.co\/blog\/?p=3307"},"modified":"2009-02-01T19:54:42","modified_gmt":"2009-02-01T19:54:42","slug":"el-centro-avanza","status":"publish","type":"post","link":"https:\/\/estrategica.com.co\/blog\/el-centro-avanza\/","title":{"rendered":"EL CENTRO AVANZA"},"content":{"rendered":"<p><img loading=\"lazy\" decoding=\"async\" data-attachment-id=\"3306\" data-permalink=\"https:\/\/estrategica.com.co\/blog\/el-centro-avanza\/n076p16b\/\" data-orig-file=\"https:\/\/i0.wp.com\/estrategica.com.co\/blog\/wp-content\/uploads\/2009\/02\/n076p16b.jpg?fit=403%2C496&amp;ssl=1\" data-orig-size=\"403,496\" data-comments-opened=\"1\" data-image-meta=\"{&quot;aperture&quot;:&quot;0&quot;,&quot;credit&quot;:&quot;&quot;,&quot;camera&quot;:&quot;&quot;,&quot;caption&quot;:&quot;&quot;,&quot;created_timestamp&quot;:&quot;0&quot;,&quot;copyright&quot;:&quot;&quot;,&quot;focal_length&quot;:&quot;0&quot;,&quot;iso&quot;:&quot;0&quot;,&quot;shutter_speed&quot;:&quot;0&quot;,&quot;title&quot;:&quot;&quot;}\" data-image-title=\"n076p16b\" data-image-description=\"\" data-image-caption=\"\" data-medium-file=\"https:\/\/i0.wp.com\/estrategica.com.co\/blog\/wp-content\/uploads\/2009\/02\/n076p16b.jpg?fit=243%2C300&amp;ssl=1\" data-large-file=\"https:\/\/i0.wp.com\/estrategica.com.co\/blog\/wp-content\/uploads\/2009\/02\/n076p16b.jpg?fit=403%2C496&amp;ssl=1\" class=\"alignnone size-full wp-image-3306\" title=\"n076p16b\" src=\"https:\/\/i0.wp.com\/estrategica.com.co\/blog\/wp-content\/uploads\/2009\/02\/n076p16b.jpg?resize=403%2C496\" alt=\"n076p16b\" width=\"403\" height=\"496\" srcset=\"https:\/\/i0.wp.com\/estrategica.com.co\/blog\/wp-content\/uploads\/2009\/02\/n076p16b.jpg?w=403&amp;ssl=1 403w, https:\/\/i0.wp.com\/estrategica.com.co\/blog\/wp-content\/uploads\/2009\/02\/n076p16b.jpg?resize=243%2C300&amp;ssl=1 243w\" sizes=\"(max-width: 403px) 100vw, 403px\" data-recalc-dims=\"1\" \/><\/p>\n<p class=\"MsoNormal\" style=\"margin: 0cm 0cm 0pt; text-align: justify;\"><span style=\"font-family: Arial;\"><span style=\"font-size: small;\">Afiche del Centro Democr\u00e1tico y Social para las elecciones auton\u00f3micas de 1987. Adolfo Su\u00e1rez ejerci\u00f3 como diputado por Madrid en varias legislaturas. El mensaje sigue siendo el mismo de siempre: apelar al centro, en medio de los enfrentamientos entre el PSOE y el PP, entre la izquierda y la derecha. Una postura pol\u00edtica rentable en otras circunstancias pero la sociedad espa\u00f1ola se ha politizado y la gente toma partido, dejando el centro sin mucha fuerza.<\/span><\/span><\/p>\n<p class=\"MsoNormal\" style=\"margin: 0cm 0cm 0pt; text-align: justify;\"><span style=\"font-family: Arial;\"><\/span><\/p>\n<p class=\"MsoNormal\" style=\"margin: 0cm 0cm 0pt; text-align: justify;\"><span style=\"font-family: Arial;\"><span style=\"font-size: small;\"><\/span><\/span><\/p>\n","protected":false},"excerpt":{"rendered":"<p>Afiche del Centro Democr\u00e1tico y Social para las elecciones auton\u00f3micas de 1987. Adolfo Su\u00e1rez ejerci\u00f3 como diputado por Madrid en varias legislaturas. El mensaje sigue siendo el mismo de siempre: apelar al centro, en medio de los enfrentamientos entre el PSOE y el PP, entre la izquierda y la derecha. Una postura pol\u00edtica rentable en [&hellip;]<\/p>\n","protected":false},"author":4,"featured_media":3306,"comment_status":"open","ping_status":"open","sticky":false,"template":"","format":"standard","meta":{"_et_pb_use_builder":"","_et_pb_old_content":"","_et_gb_content_width":"","advanced_seo_description":"","jetpack_seo_html_title":"","jetpack_seo_noindex":false,"footnotes":""},"categories":[5,57,23,46,10,11],"tags":[235,237,238],"class_list":["post-3307","post","type-post","status-publish","format-standard","has-post-thumbnail","hentry","category-afiches","category-campana-presidencial","category-espana","category-fotograficos","category-geo","category-temas","tag-adolfo-suarez","tag-centro-democratico-y-social","tag-elecciones-1987"],"jetpack_featured_media_url":"https:\/\/i0.wp.com\/estrategica.com.co\/blog\/wp-content\/uploads\/2009\/02\/n076p16b.jpg?fit=403%2C496&ssl=1","jetpack_shortlink":"https:\/\/wp.me\/p4wgsh-Rl","jetpack-related-posts":[{"id":3296,"url":"https:\/\/estrategica.com.co\/blog\/union-de-centro-democratico\/","url_meta":{"origin":3307,"position":0},"title":"Uni\u00f3n de Centro Democr\u00e1tico","author":"estrategica.com","date":"febrero 1, 2009","format":false,"excerpt":"Afiche de la Uni\u00f3n de Centro Democr\u00e1tico para las elecciones de 1977. Adolfo Su\u00e1rez, l\u00edder de la coalici\u00f3n, desempe\u00f1a la presidencia desde julio de 1976 por designaci\u00f3n del Rey Juan Carlos. La estrategia es la de una transici\u00f3n sin sobresaltos ni extremismos. Por eso el \u00e9nfasis comunicativo que se pone\u2026","rel":"","context":"En \u00abAFICHES\u00bb","block_context":{"text":"AFICHES","link":"https:\/\/estrategica.com.co\/blog\/category\/afiches\/"},"img":{"alt_text":"","src":"","width":0,"height":0},"classes":[]},{"id":3300,"url":"https:\/\/estrategica.com.co\/blog\/vote-centro\/","url_meta":{"origin":3307,"position":1},"title":"VOTE CENTRO","author":"estrategica.com","date":"febrero 1, 2009","format":false,"excerpt":"Afiche de la Uni\u00f3n de Centro Democr\u00e1tico para las elecciones de 1977. Adolfo Su\u00e1rez, l\u00edder de la coalici\u00f3n, desempe\u00f1a la presidencia desde julio de 1976 por designaci\u00f3n del Rey Juan Carlos. La estrategia es la de una transici\u00f3n sin sobresaltos ni extremismos. Por eso el \u00e9nfasis comunicativo que se pone\u2026","rel":"","context":"En \u00abAFICHES\u00bb","block_context":{"text":"AFICHES","link":"https:\/\/estrategica.com.co\/blog\/category\/afiches\/"},"img":{"alt_text":"","src":"https:\/\/i0.wp.com\/estrategica.com.co\/blog\/wp-content\/uploads\/2009\/02\/ucd1977.jpg?fit=300%2C435&ssl=1&resize=350%2C200","width":350,"height":200},"classes":[]},{"id":3303,"url":"https:\/\/estrategica.com.co\/blog\/dicho-y-hecho\/","url_meta":{"origin":3307,"position":2},"title":"Dicho y Hecho","author":"estrategica.com","date":"febrero 1, 2009","format":false,"excerpt":"Afiche de la Uni\u00f3n de Centro Democr\u00e1tico para las elecciones de 1979. El mensaje de campa\u00f1a es la de capitalizar los logros del gobierno y como cumpli\u00f3 lo que hab\u00eda prometido. El slogan es: \u201cDicho y Hecho\u201d. El gobierno de Su\u00e1rez gozaba de gran respetabilidad en la opini\u00f3n, sin embargo,\u2026","rel":"","context":"En \u00abAFICHES\u00bb","block_context":{"text":"AFICHES","link":"https:\/\/estrategica.com.co\/blog\/category\/afiches\/"},"img":{"alt_text":"","src":"https:\/\/i0.wp.com\/estrategica.com.co\/blog\/wp-content\/uploads\/2009\/02\/ucd1979.jpg?fit=300%2C440&ssl=1&resize=350%2C200","width":350,"height":200},"classes":[]},{"id":3426,"url":"https:\/\/estrategica.com.co\/blog\/%c2%a1palabra\/","url_meta":{"origin":3307,"position":3},"title":"\u00a1Palabra!","author":"estrategica.com","date":"febrero 5, 2009","format":false,"excerpt":"Afiche de campa\u00f1a del Partido Popular para las elecciones de 1989. En la grafica aparece el candidato, Jos\u00e9 Mar\u00eda Aznar, sonriendo en un escenario buc\u00f3lico de cielo azul y prados verdes. El slogan de campa\u00f1a \u201c\u00a1Palabra!\u201d. El PP se estrena como partido en estas elecciones despu\u00e9s de su refundaci\u00f3n ese\u2026","rel":"","context":"En \u00abAFICHES\u00bb","block_context":{"text":"AFICHES","link":"https:\/\/estrategica.com.co\/blog\/category\/afiches\/"},"img":{"alt_text":"","src":"https:\/\/i0.wp.com\/estrategica.com.co\/blog\/wp-content\/uploads\/2009\/02\/pp1989.jpg?fit=300%2C473&ssl=1&resize=350%2C200","width":350,"height":200},"classes":[]},{"id":888,"url":"https:\/\/estrategica.com.co\/blog\/la-libertad-esta-en-tu-mano\/","url_meta":{"origin":3307,"position":4},"title":"La libertad est\u00e1 en tu mano.","author":"estrategica.com","date":"enero 12, 2009","format":false,"excerpt":"Este afiche es de 1977 y hace parte de la estrategia de comunicaci\u00f3n del PSOE para enfrentar las primeras elecciones democr\u00e1ticas despu\u00e9s de 40 a\u00f1os de dictadura. La estrategia tenia tres pilares: por un lado, dos slogans, \u201cSocialismo es libertas\u201d y \u201cLa libertad est\u00e1 en tu mano\u201d esta ultima representada\u2026","rel":"","context":"En \u00abAFICHES\u00bb","block_context":{"text":"AFICHES","link":"https:\/\/estrategica.com.co\/blog\/category\/afiches\/"},"img":{"alt_text":"","src":"https:\/\/i0.wp.com\/estrategica.com.co\/blog\/wp-content\/uploads\/2009\/01\/psoe77.jpg?fit=300%2C418&ssl=1&resize=350%2C200","width":350,"height":200},"classes":[]},{"id":906,"url":"https:\/\/estrategica.com.co\/blog\/vota-psoe\/","url_meta":{"origin":3307,"position":5},"title":"VOTA PSOE","author":"estrategica.com","date":"enero 12, 2009","format":false,"excerpt":"Interesante afiche del PSOE para la campa\u00f1a electoral de 1977. La grafica es una ilustraci\u00f3n tradicional de la izquierda en donde se muestra un obrero, un trabajador de los puertos, un ciudadano urbano y una campesina, y en el centro de ellos, Felipe Gonz\u00e1lez, el candidato. Cada protagonista de la\u2026","rel":"","context":"En \u00abAFICHES\u00bb","block_context":{"text":"AFICHES","link":"https:\/\/estrategica.com.co\/blog\/category\/afiches\/"},"img":{"alt_text":"","src":"https:\/\/i0.wp.com\/estrategica.com.co\/blog\/wp-content\/uploads\/2009\/01\/p61500911.jpg?fit=617%2C394&ssl=1&resize=350%2C200","width":350,"height":200},"classes":[]}],"jetpack_sharing_enabled":true,"_links":{"self":[{"href":"https:\/\/estrategica.com.co\/blog\/wp-json\/wp\/v2\/posts\/3307","targetHints":{"allow":["GET"]}}],"collection":[{"href":"https:\/\/estrategica.com.co\/blog\/wp-json\/wp\/v2\/posts"}],"about":[{"href":"https:\/\/estrategica.com.co\/blog\/wp-json\/wp\/v2\/types\/post"}],"author":[{"embeddable":true,"href":"https:\/\/estrategica.com.co\/blog\/wp-json\/wp\/v2\/users\/4"}],"replies":[{"embeddable":true,"href":"https:\/\/estrategica.com.co\/blog\/wp-json\/wp\/v2\/comments?post=3307"}],"version-history":[{"count":1,"href":"https:\/\/estrategica.com.co\/blog\/wp-json\/wp\/v2\/posts\/3307\/revisions"}],"predecessor-version":[{"id":3308,"href":"https:\/\/estrategica.com.co\/blog\/wp-json\/wp\/v2\/posts\/3307\/revisions\/3308"}],"wp:featuredmedia":[{"embeddable":true,"href":"https:\/\/estrategica.com.co\/blog\/wp-json\/wp\/v2\/media\/3306"}],"wp:attachment":[{"href":"https:\/\/estrategica.com.co\/blog\/wp-json\/wp\/v2\/media?parent=3307"}],"wp:term":[{"taxonomy":"category","embeddable":true,"href":"https:\/\/estrategica.com.co\/blog\/wp-json\/wp\/v2\/categories?post=3307"},{"taxonomy":"post_tag","embeddable":true,"href":"https:\/\/estrategica.com.co\/blog\/wp-json\/wp\/v2\/tags?post=3307"}],"curies":[{"name":"wp","href":"https:\/\/api.w.org\/{rel}","templated":true}]}}