{"id":33452,"date":"2012-03-18T08:26:48","date_gmt":"2012-03-18T13:26:48","guid":{"rendered":"http:\/\/estrategica.com.co\/blog\/?p=33452"},"modified":"2014-09-22T18:21:38","modified_gmt":"2014-09-22T23:21:38","slug":"segonspotdejordihereu","status":"publish","type":"post","link":"https:\/\/estrategica.com.co\/blog\/segonspotdejordihereu\/","title":{"rendered":"Mirar a lo lejos, trabajar desde cerca &#8211; Hereu"},"content":{"rendered":"<p> <script type='text\/javascript' src='https:\/\/estrategica.com.co\/blog\/wp-content\/plugins\/hana-flv-player\/flowplayer3\/example\/flowplayer-3.2.6.min.js'><\/script>\n<div >\n<div id='hana_flv_flow3_1' style='display:block;width:550px;height:413px;background-color:#555555;color:#ffffff;padding:0' title=\"*Video:mirar a lo lejos, trabajar desde cerca - hereu\"><\/div>\n<\/div>\n\n<script  type='text\/javascript'>\nif (typeof g_hanaFlash !== 'undefined' && !g_hanaFlash){\n    jQuery('#hana_flv_flow3_1').css( 'padding', '5px' );\n\tjQuery('#hana_flv_flow3_1').html(\"<span class='inactive_message' style='display:block'>Sorry, your browser does not support Flash Video Player<\/span> *Video:mirar a lo lejos, trabajar desde cerca - hereu\");\n}else{\t\t\t\n\t\tflowplayer('hana_flv_flow3_1', { src: 'https:\/\/estrategica.com.co\/blog\/wp-content\/plugins\/hana-flv-player\/flowplayer3\/flowplayer-3.2.7.swf', wmode: 'transparent' }, { \n\n\t\t\tcanvas: { backgroundColor: '#000000', backgroundGradient: 'none',},\n    \t\tclip:  { \n    \t\t\turl: '\/blog\/wp-content\/uploads\/2009\/01\/20111213\/SegonspotdeJordiHereu.flv',\n        \t\tscaling: 'fit', autoPlay: false, autoBuffering: true \n\n\t        }\n\n\t\t});\n}\n<\/script><br \/>\n<\/br><\/p>\n<p>[icon color=\u00bbAccent-Color\u00bb size=\u00bbregular\u00bb image=\u00bbsteadysets-icon-chat\u00bb] <strong>Contexto<\/strong><\/br><\/br><br \/>\nSpot de la campa\u00f1a de Jordi Hereu a la Alcald\u00eda de Barcelona durante la contienda electoral de 2007, a nombre del Partido de los Socialistas de Catalu\u00f1a. Su propuesta electoral la titul\u00f3: \u00abMirar a lo lejos, trabajar desde cerca\u00bb. En los comicios electorales del 27 de mayo de 2007, la lista encabezada por Jordi Hereu fue la m\u00e1s votada, consiguiendo 14 concejales. Con el apoyo de Iniciativa por Catalu\u00f1a, Hereu fue investido Alcalde. <\/p>\n","protected":false},"excerpt":{"rendered":"<p>*Video: mirar a lo lejos, trabajar desde cerca &#8211; hereu [icon color=\u00bbAccent-Color\u00bb size=\u00bbregular\u00bb image=\u00bbsteadysets-icon-chat\u00bb] Contexto Spot de la campa\u00f1a de Jordi Hereu a la Alcald\u00eda de Barcelona durante la contienda electoral de 2007, a nombre del Partido de los Socialistas de Catalu\u00f1a. Su propuesta electoral la titul\u00f3: \u00abMirar a lo lejos, trabajar desde cerca\u00bb. En [&hellip;]<\/p>\n","protected":false},"author":5,"featured_media":33453,"comment_status":"open","ping_status":"open","sticky":false,"template":"","format":"standard","meta":{"_et_pb_use_builder":"","_et_pb_old_content":"","_et_gb_content_width":"","advanced_seo_description":"","jetpack_seo_html_title":"","jetpack_seo_noindex":false,"footnotes":""},"categories":[269,263,59,34,23,10,11,3],"tags":[52,195,975],"class_list":["post-33452","post","type-post","status-publish","format-standard","has-post-thumbnail","hentry","category-269","category-ano","category-campana-uninominal","category-electoral","category-espana","category-geo","category-temas","category-video","tag-elecciones-2007","tag-jordi-hereu","tag-partido-de-los-socialistas-de-cataluna"],"jetpack_featured_media_url":"https:\/\/i0.wp.com\/estrategica.com.co\/blog\/wp-content\/uploads\/2012\/03\/SegonspotdeJordiHereu_thumb.png?fit=640%2C383&ssl=1","jetpack_shortlink":"https:\/\/wp.me\/p4wgsh-8Hy","jetpack-related-posts":[{"id":2793,"url":"https:\/\/estrategica.com.co\/blog\/nuevo-alcalde-nuevas-ideas-jordi-hereu\/","url_meta":{"origin":33452,"position":0},"title":"Nuevo Alcalde, Nuevas Ideas &#8211; Jordi Hereu","author":"Juliana","date":"enero 25, 2009","format":false,"excerpt":"[hana-flv-player video=\"\/blog\/wp-content\/uploads\/2009\/01\/ESPANA\/Spot_de_Jordi_Hereu.flv\" width=\"550\" height=\"\" description=\"Nuevo Alcalde, Nuevas Ideas - Jordi Hereu\" clickurl=\"\" clicktarget=\"\" player=\"4\" autoplay=\"false\" loop=\"false\" autorewind=\"true\" splashimage=\"\" skin=\"\" \/] [icon color=\"Accent-Color\" size=\"regular\" image=\"steadysets-icon-chat\"] Contexto Campa\u00f1a de Jordi Hereu a la alcald\u00eda de Barcelona en el a\u00f1o 2006. El formato es \u00e1gil, moderno y relajado.\u00a0 En una secuencia de im\u00e1genes\u2026","rel":"","context":"En \u00ab2007\u00bb","block_context":{"text":"2007","link":"https:\/\/estrategica.com.co\/blog\/category\/ano\/2007\/"},"img":{"alt_text":"","src":"","width":0,"height":0},"classes":[]},{"id":24377,"url":"https:\/\/estrategica.com.co\/blog\/cabeza-telerman\/","url_meta":{"origin":33452,"position":1},"title":"Cabeza &#8211; Telerman","author":"Juliana","date":"julio 23, 2010","format":false,"excerpt":"[hana-flv-player video=\"\/blog\/wp-content\/uploads\/2009\/01\/20100708\/SpotSouto.flv\" width=\"550\" height=\"\" description=\"Cabeza - Telerman\" clickurl=\"\" clicktarget=\"\" player=\"4\" autoplay=\"false\" loop=\"false\" autorewind=\"true\" splashimage=\"\" skin=\"\" \/] [icon color=\"Accent-Color\" size=\"regular\" image=\"steadysets-icon-chat\"] Contexto Spot de la Campa\u00f1a de Jorge Telerman a la Jefatura de Gobierno de la Ciudad Aut\u00f3noma de Buenos Aires durante la contienda electoral de 2007. Telerman, quien ocupaba el\u2026","rel":"","context":"En \u00ab2007\u00bb","block_context":{"text":"2007","link":"https:\/\/estrategica.com.co\/blog\/category\/ano\/2007\/"},"img":{"alt_text":"","src":"https:\/\/i0.wp.com\/estrategica.com.co\/blog\/wp-content\/uploads\/2010\/07\/SpotSouto_thumb.png?fit=603%2C522&ssl=1&resize=350%2C200","width":350,"height":200},"classes":[]},{"id":7184,"url":"https:\/\/estrategica.com.co\/blog\/castillo_macri_teler_filmus\/","url_meta":{"origin":33452,"position":2},"title":"Macri, Teller y Filmus &#8211; Castillo","author":"Juliana","date":"enero 13, 2011","format":false,"excerpt":"[hana-flv-player video=\"\/blog\/wp-content\/uploads\/2009\/01\/videos_varios_f\/Castillo_MACRI_TELER_FILMUS.flv\" width=\"550\" height=\"\" description=\"Macri, Teller y Filmus - Castillo\" clickurl=\"\" clicktarget=\"\" player=\"4\" autoplay=\"false\" loop=\"false\" autorewind=\"true\" splashimage=\"\" skin=\"\" \/] [icon color=\"Accent-Color\" size=\"regular\" image=\"steadysets-icon-chat\"] Contexto Spot de la campa\u00f1a de Christian Castillo a la alcald\u00eda de Buenos Aires durante la contienda electoral de 2007, a nombre del Frente de Izquierda y\u2026","rel":"","context":"En \u00ab2007\u00bb","block_context":{"text":"2007","link":"https:\/\/estrategica.com.co\/blog\/category\/ano\/2007\/"},"img":{"alt_text":"","src":"https:\/\/i0.wp.com\/estrategica.com.co\/blog\/wp-content\/uploads\/2009\/03\/castillo_macri_teler_filmus_thumb.png?fit=299%2C225&ssl=1&resize=350%2C200","width":350,"height":200},"classes":[]},{"id":24380,"url":"https:\/\/estrategica.com.co\/blog\/luces-para-la-ciudad-telerman\/","url_meta":{"origin":33452,"position":3},"title":"Luces para la Ciudad &#8211; Telerman","author":"Juliana","date":"julio 29, 2010","format":false,"excerpt":"[hana-flv-player video=\"\/blog\/wp-content\/uploads\/2009\/01\/20100708\/SpotSouto2.flv\" width=\"550\" height=\"\" description=\"Luces para la Ciudad - Telerman\" clickurl=\"\" clicktarget=\"\" player=\"4\" autoplay=\"false\" loop=\"false\" autorewind=\"true\" splashimage=\"\" skin=\"\" \/] [icon color=\"Accent-Color\" size=\"regular\" image=\"steadysets-icon-chat\"] Contexto Spot de la Campa\u00f1a de Jorge Telerman a la Jefatura de Gobierno de la Ciudad Aut\u00f3noma de Buenos Aires durante la contienda electoral de 2007. Telerman,\u2026","rel":"","context":"En \u00ab2007\u00bb","block_context":{"text":"2007","link":"https:\/\/estrategica.com.co\/blog\/category\/ano\/2007\/"},"img":{"alt_text":"","src":"https:\/\/i0.wp.com\/estrategica.com.co\/blog\/wp-content\/uploads\/2010\/07\/SpotSouto2_thumb.png?fit=600%2C532&ssl=1&resize=350%2C200","width":350,"height":200},"classes":[]},{"id":24392,"url":"https:\/\/estrategica.com.co\/blog\/semaforos-para-la-ciudad-telerman\/","url_meta":{"origin":33452,"position":4},"title":"Sem\u00e1foros para la Ciudad &#8211; Telerman","author":"Juliana","date":"julio 29, 2010","format":false,"excerpt":"[hana-flv-player video=\"\/blog\/wp-content\/uploads\/2009\/01\/20100708\/SpotSouto5.flv\" width=\"550\" height=\"\" description=\"Sem\u00e1foros para la Ciudad - Telerman\" clickurl=\"\" clicktarget=\"\" player=\"4\" autoplay=\"false\" loop=\"false\" autorewind=\"true\" splashimage=\"\" skin=\"\" \/] [icon color=\"Accent-Color\" size=\"regular\" image=\"steadysets-icon-chat\"] Contexto Spot de la Campa\u00f1a de Jorge Telerman a la Jefatura de Gobierno de la Ciudad Aut\u00f3noma de Buenos Aires durante la contienda electoral de 2007. Telerman,\u2026","rel":"","context":"En \u00ab2007\u00bb","block_context":{"text":"2007","link":"https:\/\/estrategica.com.co\/blog\/category\/ano\/2007\/"},"img":{"alt_text":"","src":"https:\/\/i0.wp.com\/estrategica.com.co\/blog\/wp-content\/uploads\/2010\/07\/SpotSouto5_thumb.png?fit=629%2C530&ssl=1&resize=350%2C200","width":350,"height":200},"classes":[]},{"id":24409,"url":"https:\/\/estrategica.com.co\/blog\/vota-al-pelado-telerman\/","url_meta":{"origin":33452,"position":5},"title":"Vota al Pelado &#8211; Telerman","author":"Juliana","date":"julio 26, 2010","format":false,"excerpt":"[hana-flv-player video=\"\/blog\/wp-content\/uploads\/2009\/01\/20100708\/SpotSouto10.flv\" width=\"550\" height=\"\" description=\"Vota al Pelado - Telerman\" clickurl=\"\" clicktarget=\"\" player=\"4\" autoplay=\"false\" loop=\"false\" autorewind=\"true\" splashimage=\"\" skin=\"\" \/] [icon color=\"Accent-Color\" size=\"regular\" image=\"steadysets-icon-chat\"] Contexto Spot de la Campa\u00f1a de Jorge Telerman a la Jefatura de Gobierno de la Ciudad Aut\u00f3noma de Buenos Aires durante la contienda electoral de 2007. Telerman, quien\u2026","rel":"","context":"En \u00ab2007\u00bb","block_context":{"text":"2007","link":"https:\/\/estrategica.com.co\/blog\/category\/ano\/2007\/"},"img":{"alt_text":"","src":"https:\/\/i0.wp.com\/estrategica.com.co\/blog\/wp-content\/uploads\/2010\/07\/SpotSouto10_thumb.png?fit=593%2C521&ssl=1&resize=350%2C200","width":350,"height":200},"classes":[]}],"jetpack_sharing_enabled":true,"_links":{"self":[{"href":"https:\/\/estrategica.com.co\/blog\/wp-json\/wp\/v2\/posts\/33452","targetHints":{"allow":["GET"]}}],"collection":[{"href":"https:\/\/estrategica.com.co\/blog\/wp-json\/wp\/v2\/posts"}],"about":[{"href":"https:\/\/estrategica.com.co\/blog\/wp-json\/wp\/v2\/types\/post"}],"author":[{"embeddable":true,"href":"https:\/\/estrategica.com.co\/blog\/wp-json\/wp\/v2\/users\/5"}],"replies":[{"embeddable":true,"href":"https:\/\/estrategica.com.co\/blog\/wp-json\/wp\/v2\/comments?post=33452"}],"version-history":[{"count":5,"href":"https:\/\/estrategica.com.co\/blog\/wp-json\/wp\/v2\/posts\/33452\/revisions"}],"predecessor-version":[{"id":43453,"href":"https:\/\/estrategica.com.co\/blog\/wp-json\/wp\/v2\/posts\/33452\/revisions\/43453"}],"wp:featuredmedia":[{"embeddable":true,"href":"https:\/\/estrategica.com.co\/blog\/wp-json\/wp\/v2\/media\/33453"}],"wp:attachment":[{"href":"https:\/\/estrategica.com.co\/blog\/wp-json\/wp\/v2\/media?parent=33452"}],"wp:term":[{"taxonomy":"category","embeddable":true,"href":"https:\/\/estrategica.com.co\/blog\/wp-json\/wp\/v2\/categories?post=33452"},{"taxonomy":"post_tag","embeddable":true,"href":"https:\/\/estrategica.com.co\/blog\/wp-json\/wp\/v2\/tags?post=33452"}],"curies":[{"name":"wp","href":"https:\/\/api.w.org\/{rel}","templated":true}]}}