{"id":33458,"date":"2012-06-06T11:33:16","date_gmt":"2012-06-06T16:33:16","guid":{"rendered":"http:\/\/estrategica.com.co\/blog\/?p=33458"},"modified":"2014-09-22T18:21:30","modified_gmt":"2014-09-22T23:21:30","slug":"schweitzereverything","status":"publish","type":"post","link":"https:\/\/estrategica.com.co\/blog\/schweitzereverything\/","title":{"rendered":"Todo &#8211; Schweitzer"},"content":{"rendered":"<p> <script type='text\/javascript' src='https:\/\/estrategica.com.co\/blog\/wp-content\/plugins\/hana-flv-player\/flowplayer3\/example\/flowplayer-3.2.6.min.js'><\/script>\n<div >\n<div id='hana_flv_flow3_1' style='display:block;width:550px;height:413px;background-color:#555555;color:#ffffff;padding:0' title=\"*Video:todo - schweitzer\"><\/div>\n<\/div>\n\n<script  type='text\/javascript'>\nif (typeof g_hanaFlash !== 'undefined' && !g_hanaFlash){\n    jQuery('#hana_flv_flow3_1').css( 'padding', '5px' );\n\tjQuery('#hana_flv_flow3_1').html(\"<span class='inactive_message' style='display:block'>Sorry, your browser does not support Flash Video Player<\/span> *Video:todo - schweitzer\");\n}else{\t\t\t\n\t\tflowplayer('hana_flv_flow3_1', { src: 'https:\/\/estrategica.com.co\/blog\/wp-content\/plugins\/hana-flv-player\/flowplayer3\/flowplayer-3.2.7.swf', wmode: 'transparent' }, { \n\n\t\t\tcanvas: { backgroundColor: '#000000', backgroundGradient: 'none',},\n    \t\tclip:  { \n    \t\t\turl: '\/blog\/wp-content\/uploads\/2009\/01\/20111213\/SchweitzerEverything.flv',\n        \t\tscaling: 'fit', autoPlay: false, autoBuffering: true \n\n\t        }\n\n\t\t});\n}\n<\/script><br \/>\n<\/br><\/p>\n<p>[icon color=\u00bbAccent-Color\u00bb size=\u00bbregular\u00bb image=\u00bbsteadysets-icon-chat\u00bb] <strong>Contexto<\/strong><\/br><\/br><br \/>\nSpot de la campa\u00f1a de Brian Schweitzer a la Gobernaci\u00f3n de Montana, por el partido dem\u00f3crata, durante la contienda electoral de 2008. Schweitzer busca la reelecci\u00f3n pues se encontraba en el cargo desde 2004. La campa\u00f1a de Schweitzer se mostr\u00f3 ganadora desde el comienzo pues durante su gesti\u00f3n mantuvo alt\u00edsimos \u00edndices de aprobaci\u00f3n que facilitaron su reelecci\u00f3n. Al final gan\u00f3 con casi el 70% de los votos. <\/p>\n","protected":false},"excerpt":{"rendered":"<p>*Video: todo &#8211; schweitzer [icon color=\u00bbAccent-Color\u00bb size=\u00bbregular\u00bb image=\u00bbsteadysets-icon-chat\u00bb] Contexto Spot de la campa\u00f1a de Brian Schweitzer a la Gobernaci\u00f3n de Montana, por el partido dem\u00f3crata, durante la contienda electoral de 2008. Schweitzer busca la reelecci\u00f3n pues se encontraba en el cargo desde 2004. La campa\u00f1a de Schweitzer se mostr\u00f3 ganadora desde el comienzo pues durante [&hellip;]<\/p>\n","protected":false},"author":5,"featured_media":33459,"comment_status":"open","ping_status":"open","sticky":false,"template":"","format":"standard","meta":{"_et_pb_use_builder":"","_et_pb_old_content":"","_et_gb_content_width":"","advanced_seo_description":"","jetpack_seo_html_title":"","jetpack_seo_noindex":false,"footnotes":""},"categories":[268,263,59,34,64,10,11,3],"tags":[976,93,121],"class_list":["post-33458","post","type-post","status-publish","format-standard","has-post-thumbnail","hentry","category-268","category-ano","category-campana-uninominal","category-electoral","category-estados-unidos","category-geo","category-temas","category-video","tag-brian-schweitzer","tag-elecciones-2008","tag-partido-democrata"],"jetpack_featured_media_url":"https:\/\/i0.wp.com\/estrategica.com.co\/blog\/wp-content\/uploads\/2012\/03\/SchweitzerEverything_thumb.png?fit=839%2C483&ssl=1","jetpack_shortlink":"https:\/\/wp.me\/p4wgsh-8HE","jetpack-related-posts":[{"id":35148,"url":"https:\/\/estrategica.com.co\/blog\/jayrockefellerdeliver\/","url_meta":{"origin":33458,"position":0},"title":"Entregas &#8211; Rockefeller","author":"Juliana","date":"agosto 6, 2012","format":false,"excerpt":"[hana-flv-player video=\"\/blog\/wp-content\/uploads\/2009\/01\/20111213\/JayRockefellerDeliver.flv\" width=\"550\" height=\"\" description=\"Entregas - Rockefeller\" clickurl=\"\" clicktarget=\"\" player=\"4\" autoplay=\"false\" loop=\"false\" autorewind=\"false\" splashimage=\"\" skin=\"\" \/] [icon color=\"Accent-Color\" size=\"regular\" image=\"steadysets-icon-chat\"] Contexto Spot de la Campa\u00f1a de John Davison \"Jay\" Rockefeller IV al Senado de los Estados Unidos en Representaci\u00f3n de West Virginia, durante la contienda electoral de 2008, a nombre\u2026","rel":"","context":"En \u00ab2008\u00bb","block_context":{"text":"2008","link":"https:\/\/estrategica.com.co\/blog\/category\/ano\/2008\/"},"img":{"alt_text":"","src":"https:\/\/i0.wp.com\/estrategica.com.co\/blog\/wp-content\/uploads\/2012\/08\/JayRockefellerDeliver_thumb.png?fit=818%2C457&ssl=1&resize=350%2C200","width":350,"height":200},"classes":[]},{"id":35297,"url":"https:\/\/estrategica.com.co\/blog\/gregoirethenews\/","url_meta":{"origin":33458,"position":1},"title":"Las Noticias &#8211; Gregoire","author":"Juliana","date":"agosto 3, 2012","format":false,"excerpt":"[hana-flv-player video=\"\/blog\/wp-content\/uploads\/2009\/01\/20111213\/GregoireTheNews.flv\" width=\"550\" height=\"\" description=\"Las Noticias - Gregoire\" clickurl=\"\" clicktarget=\"\" player=\"4\" autoplay=\"false\" loop=\"false\" autorewind=\"false\" splashimage=\"\" skin=\"\" \/] [icon color=\"Accent-Color\" size=\"regular\" image=\"steadysets-icon-chat\"] Contexto Spot de la Campa\u00f1a Christine O'Grady Gregoire a la Gobernaci\u00f3n del Estado de Washington durante la contienda electoral de 2008, a nombre del Partido Dem\u00f3crata. Gregoire buscaba la\u2026","rel":"","context":"En \u00ab2008\u00bb","block_context":{"text":"2008","link":"https:\/\/estrategica.com.co\/blog\/category\/ano\/2008\/"},"img":{"alt_text":"","src":"https:\/\/i0.wp.com\/estrategica.com.co\/blog\/wp-content\/uploads\/2012\/08\/GregoireTheNews_thumb.png?fit=604%2C549&ssl=1&resize=350%2C200","width":350,"height":200},"classes":[]},{"id":35303,"url":"https:\/\/estrategica.com.co\/blog\/gregoiresquawking\/","url_meta":{"origin":33458,"position":2},"title":"Graznido &#8211; Gregoire","author":"Juliana","date":"agosto 3, 2012","format":false,"excerpt":"[hana-flv-player video=\"\/blog\/wp-content\/uploads\/2009\/01\/20111213\/GregoireSquawking.flv\" width=\"550\" height=\"\" description=\"Graznido - Gregoire\" clickurl=\"\" clicktarget=\"\" player=\"4\" autoplay=\"false\" loop=\"false\" autorewind=\"false\" splashimage=\"\" skin=\"\" \/] [icon color=\"Accent-Color\" size=\"regular\" image=\"steadysets-icon-chat\"] Contexto Spot de la Campa\u00f1a Christine O'Grady Gregoire a la Gobernaci\u00f3n del Estado de Washington durante la contienda electoral de 2008, a nombre del Partido Dem\u00f3crata. Gregoire buscaba la reelecci\u00f3n\u2026","rel":"","context":"En \u00ab2008\u00bb","block_context":{"text":"2008","link":"https:\/\/estrategica.com.co\/blog\/category\/ano\/2008\/"},"img":{"alt_text":"","src":"https:\/\/i0.wp.com\/estrategica.com.co\/blog\/wp-content\/uploads\/2012\/08\/GregoireSquawking_thumb.png?fit=666%2C364&ssl=1&resize=350%2C200","width":350,"height":200},"classes":[]},{"id":35315,"url":"https:\/\/estrategica.com.co\/blog\/gregoireourchildren\/","url_meta":{"origin":33458,"position":3},"title":"Nuestros Hijos &#8211; Gregoire","author":"Juliana","date":"agosto 2, 2012","format":false,"excerpt":"[hana-flv-player video=\"\/blog\/wp-content\/uploads\/2009\/01\/20111213\/GregoireOurChildren.flv\" width=\"550\" height=\"\" description=\"Nuestros Hijos - Gregoire\" clickurl=\"\" clicktarget=\"\" player=\"4\" autoplay=\"false\" loop=\"false\" autorewind=\"false\" splashimage=\"\" skin=\"\" \/] [icon color=\"Accent-Color\" size=\"regular\" image=\"steadysets-icon-chat\"] Contexto Spot de la Campa\u00f1a Christine O'Grady Gregoire a la Gobernaci\u00f3n del Estado de Washington durante la contienda electoral de 2008, a nombre del Partido Dem\u00f3crata. Gregoire buscaba la\u2026","rel":"","context":"En \u00ab2008\u00bb","block_context":{"text":"2008","link":"https:\/\/estrategica.com.co\/blog\/category\/ano\/2008\/"},"img":{"alt_text":"","src":"https:\/\/i0.wp.com\/estrategica.com.co\/blog\/wp-content\/uploads\/2012\/08\/GregoireOurChildren_thumb.png?fit=867%2C632&ssl=1&resize=350%2C200","width":350,"height":200},"classes":[]},{"id":35294,"url":"https:\/\/estrategica.com.co\/blog\/gregoireunderstandingyakima\/","url_meta":{"origin":33458,"position":4},"title":"La comprensi\u00f3n de Yakima &#8211; Gregoire","author":"Juliana","date":"agosto 4, 2012","format":false,"excerpt":"[hana-flv-player video=\"\/blog\/wp-content\/uploads\/2009\/01\/20111213\/GregoireUnderstandingYakima.flv\" width=\"550\" height=\"\" description=\"La comprensi\u00f3n de Yakima - Gregoire\" clickurl=\"\" clicktarget=\"\" player=\"4\" autoplay=\"false\" loop=\"false\" autorewind=\"false\" splashimage=\"\" skin=\"\" \/] [icon color=\"Accent-Color\" size=\"regular\" image=\"steadysets-icon-chat\"] Contexto Spot de la Campa\u00f1a Christine O'Grady Gregoire a la Gobernaci\u00f3n del Estado de Washington durante la contienda electoral de 2008, a nombre del Partido Dem\u00f3crata. Gregoire\u2026","rel":"","context":"En \u00ab2008\u00bb","block_context":{"text":"2008","link":"https:\/\/estrategica.com.co\/blog\/category\/ano\/2008\/"},"img":{"alt_text":"","src":"https:\/\/i0.wp.com\/estrategica.com.co\/blog\/wp-content\/uploads\/2012\/08\/GregoireUnderstandingYakima_thumb.png?fit=802%2C670&ssl=1&resize=350%2C200","width":350,"height":200},"classes":[]},{"id":35300,"url":"https:\/\/estrategica.com.co\/blog\/gregoirestayingtruetoourvalues\/","url_meta":{"origin":33458,"position":5},"title":"Nuestros Verdaderos Valores &#8211; Gregoire","author":"Juliana","date":"agosto 3, 2012","format":false,"excerpt":"[hana-flv-player video=\"\/blog\/wp-content\/uploads\/2009\/01\/20111213\/GregoireStayingTrueToOurValues.flv\" width=\"550\" height=\"\" description=\"Nuestros Verdaderos Valores - Gregoire\" clickurl=\"\" clicktarget=\"\" player=\"4\" autoplay=\"false\" loop=\"false\" autorewind=\"false\" splashimage=\"\" skin=\"\" \/] [icon color=\"Accent-Color\" size=\"regular\" image=\"steadysets-icon-chat\"] Contexto Spot de la Campa\u00f1a Christine O'Grady Gregoire a la Gobernaci\u00f3n del Estado de Washington durante la contienda electoral de 2008, a nombre del Partido Dem\u00f3crata. Gregoire buscaba\u2026","rel":"","context":"En \u00ab2008\u00bb","block_context":{"text":"2008","link":"https:\/\/estrategica.com.co\/blog\/category\/ano\/2008\/"},"img":{"alt_text":"","src":"https:\/\/i0.wp.com\/estrategica.com.co\/blog\/wp-content\/uploads\/2012\/08\/GregoireStayingTrueToOurValues_thumb.png?fit=907%2C637&ssl=1&resize=350%2C200","width":350,"height":200},"classes":[]}],"jetpack_sharing_enabled":true,"_links":{"self":[{"href":"https:\/\/estrategica.com.co\/blog\/wp-json\/wp\/v2\/posts\/33458","targetHints":{"allow":["GET"]}}],"collection":[{"href":"https:\/\/estrategica.com.co\/blog\/wp-json\/wp\/v2\/posts"}],"about":[{"href":"https:\/\/estrategica.com.co\/blog\/wp-json\/wp\/v2\/types\/post"}],"author":[{"embeddable":true,"href":"https:\/\/estrategica.com.co\/blog\/wp-json\/wp\/v2\/users\/5"}],"replies":[{"embeddable":true,"href":"https:\/\/estrategica.com.co\/blog\/wp-json\/wp\/v2\/comments?post=33458"}],"version-history":[{"count":5,"href":"https:\/\/estrategica.com.co\/blog\/wp-json\/wp\/v2\/posts\/33458\/revisions"}],"predecessor-version":[{"id":43452,"href":"https:\/\/estrategica.com.co\/blog\/wp-json\/wp\/v2\/posts\/33458\/revisions\/43452"}],"wp:featuredmedia":[{"embeddable":true,"href":"https:\/\/estrategica.com.co\/blog\/wp-json\/wp\/v2\/media\/33459"}],"wp:attachment":[{"href":"https:\/\/estrategica.com.co\/blog\/wp-json\/wp\/v2\/media?parent=33458"}],"wp:term":[{"taxonomy":"category","embeddable":true,"href":"https:\/\/estrategica.com.co\/blog\/wp-json\/wp\/v2\/categories?post=33458"},{"taxonomy":"post_tag","embeddable":true,"href":"https:\/\/estrategica.com.co\/blog\/wp-json\/wp\/v2\/tags?post=33458"}],"curies":[{"name":"wp","href":"https:\/\/api.w.org\/{rel}","templated":true}]}}