{"id":3349,"date":"2009-02-04T03:02:42","date_gmt":"2009-02-04T03:02:42","guid":{"rendered":"http:\/\/estrategica.com.co\/blog\/?p=3349"},"modified":"2009-02-04T03:24:33","modified_gmt":"2009-02-04T03:24:33","slug":"francia-en-grande-francia-juntos","status":"publish","type":"post","link":"https:\/\/estrategica.com.co\/blog\/francia-en-grande-francia-juntos\/","title":{"rendered":"Francia en grande Francia juntos"},"content":{"rendered":"<p><img loading=\"lazy\" decoding=\"async\" data-attachment-id=\"3348\" data-permalink=\"https:\/\/estrategica.com.co\/blog\/francia-en-grande-francia-juntos\/affichechirac2002\/\" data-orig-file=\"https:\/\/i0.wp.com\/estrategica.com.co\/blog\/wp-content\/uploads\/2009\/02\/affichechirac2002.jpg?fit=533%2C400&amp;ssl=1\" data-orig-size=\"533,400\" data-comments-opened=\"1\" data-image-meta=\"{&quot;aperture&quot;:&quot;0&quot;,&quot;credit&quot;:&quot;&quot;,&quot;camera&quot;:&quot;&quot;,&quot;caption&quot;:&quot;&quot;,&quot;created_timestamp&quot;:&quot;0&quot;,&quot;copyright&quot;:&quot;&quot;,&quot;focal_length&quot;:&quot;0&quot;,&quot;iso&quot;:&quot;0&quot;,&quot;shutter_speed&quot;:&quot;0&quot;,&quot;title&quot;:&quot;&quot;}\" data-image-title=\"affichechirac2002\" data-image-description=\"\" data-image-caption=\"\" data-medium-file=\"https:\/\/i0.wp.com\/estrategica.com.co\/blog\/wp-content\/uploads\/2009\/02\/affichechirac2002.jpg?fit=300%2C225&amp;ssl=1\" data-large-file=\"https:\/\/i0.wp.com\/estrategica.com.co\/blog\/wp-content\/uploads\/2009\/02\/affichechirac2002.jpg?fit=533%2C400&amp;ssl=1\" class=\"alignnone size-full wp-image-3348\" title=\"affichechirac2002\" src=\"https:\/\/i0.wp.com\/estrategica.com.co\/blog\/wp-content\/uploads\/2009\/02\/affichechirac2002.jpg?resize=533%2C400\" alt=\"affichechirac2002\" width=\"533\" height=\"400\" srcset=\"https:\/\/i0.wp.com\/estrategica.com.co\/blog\/wp-content\/uploads\/2009\/02\/affichechirac2002.jpg?w=533&amp;ssl=1 533w, https:\/\/i0.wp.com\/estrategica.com.co\/blog\/wp-content\/uploads\/2009\/02\/affichechirac2002.jpg?resize=300%2C225&amp;ssl=1 300w\" sizes=\"(max-width: 533px) 100vw, 533px\" data-recalc-dims=\"1\" \/><\/p>\n<div><\/div>\n<p><span style=\"font-size: small; font-family: Times New Roman;\"><\/p>\n<p class=\"MsoNormal\" style=\"text-align: justify;\"><span style=\"font-family: Arial;\">Afiche de campa\u00f1a de Jacques Chirac para las elecciones de 2002, en la primera vuelta electoral. El gobierno se encuentra desprestigiado, las acusaciones contra el Presidente por corrupci\u00f3n cuando se desempe\u00f1\u00f3 como alcalde de Paris le han hecho da\u00f1o y debilitan sus posibilidades de reelecci\u00f3n. La estrategia de campa\u00f1a giro, inicialmente, en torno a la seguridad ciudadana. El lanzamiento de su campa\u00f1a se realizo en la localidad de Paris m\u00e1s afectada por la delincuencia, all\u00ed el candidato lanz\u00f3 un discurso cuya espina dorsal era la \u201cimpunidad cero\u201d, en palabras suyas: \u201cninguna infracci\u00f3n, por m\u00e1s leve que sea, debe dejarse sin una respuesta adecuada y proporcionada, inmediata y disuasiva. A esto lo llamo yo impunidad cero\u201d. El gobierno de Jospin era cuestionado por su tibieza frente al crimen, por eso Chirac tomo ese rumbo estrat\u00e9gico. El tono de la campa\u00f1a era generar un entorno de temor que pusiera en segundo lugar las acusaciones y los cuestionamientos al mandatario. \u201cla violencia est\u00e1 cambiando el rostro de Francia\u201d y \u201cestamos dominados por el miedo\u201d, eran apenas algunas de las afirmaciones que hacia. El 1995 el tema era la \u201cfractura social\u201d, en 2002, \u201cla seguridad\u201d. Los socialistas criticaron sus propuestas afirmando que la \u201cimpunidad cero\u201d empezaba por el, pues, hab\u00eda ejercido la inmunidad presidencial para no ser investigado por las acusaciones de corrupci\u00f3n que le hac\u00edan. La contienda electoral estuvo marcada por los mensajes negativos, las acusaciones reciprocas y los ataques personales, y eso, obviamente, se traduce en repudio y abstenci\u00f3n por parte del elector. Los socialistas no supieron explotar el desgaste y el entorno an\u00edmico imperante en beneficio propio. Al final la segunda vuelta fue entre la extrema derecha, de Le Pen, y la derecha moderada, de Chirac. En la segunda vuelta el tema fue el miedo, pero no a la delincuencia sino a la derecha radical. El afiche muestra a un Presidente con expresi\u00f3n alegre, en medio de la gente mientras el texto dice: \u201cFrancia en grande Francia juntos\u201d. Una imagen atractiva con un mensaje emocional que sin embargo es ajeno al mensaje de seguridad. El afiche es optimista lo cual choca con el ambiente apesadumbrado que imperaba. <\/span><\/p>\n<p class=\"MsoNormal\" style=\"margin: 0cm 0cm 0pt; text-align: justify;\">\u00a0<\/p>\n<p>\u00a0<\/p>\n<p><\/span><\/p>\n<p class=\"MsoNormal\" style=\"margin: 0cm 0cm 0pt; text-align: justify;\">\u00a0<\/p>\n","protected":false},"excerpt":{"rendered":"<p>Afiche de campa\u00f1a de Jacques Chirac para las elecciones de 2002, en la primera vuelta electoral. El gobierno se encuentra desprestigiado, las acusaciones contra el Presidente por corrupci\u00f3n cuando se desempe\u00f1\u00f3 como alcalde de Paris le han hecho da\u00f1o y debilitan sus posibilidades de reelecci\u00f3n. La estrategia de campa\u00f1a giro, inicialmente, en torno a la [&hellip;]<\/p>\n","protected":false},"author":4,"featured_media":3348,"comment_status":"open","ping_status":"open","sticky":false,"template":"","format":"standard","meta":{"_et_pb_use_builder":"","_et_pb_old_content":"","_et_gb_content_width":"","advanced_seo_description":"","jetpack_seo_html_title":"","jetpack_seo_noindex":false,"footnotes":""},"categories":[5,57,46,50,10,11],"tags":[104,211],"class_list":["post-3349","post","type-post","status-publish","format-standard","has-post-thumbnail","hentry","category-afiches","category-campana-presidencial","category-fotograficos","category-francia","category-geo","category-temas","tag-elecciones-2002","tag-jacques-chirac"],"jetpack_featured_media_url":"https:\/\/i0.wp.com\/estrategica.com.co\/blog\/wp-content\/uploads\/2009\/02\/affichechirac2002.jpg?fit=533%2C400&ssl=1","jetpack_shortlink":"https:\/\/wp.me\/p4wgsh-S1","jetpack-related-posts":[{"id":3352,"url":"https:\/\/estrategica.com.co\/blog\/francia-del-respeto-con-jacques-chirac\/","url_meta":{"origin":3349,"position":0},"title":"Francia del respeto con Jacques Chirac","author":"estrategica.com","date":"febrero 4, 2009","format":false,"excerpt":"Afiche de campa\u00f1a de Jacques Chirac para las elecciones de 2002, en la primera vuelta electoral. El gobierno se encuentra desprestigiado, las acusaciones contra el Presidente por corrupci\u00f3n cuando se desempe\u00f1\u00f3 como alcalde de Paris le han hecho da\u00f1o y debilitan sus posibilidades de reelecci\u00f3n. La estrategia de campa\u00f1a giro,\u2026","rel":"","context":"En \u00abAFICHES\u00bb","block_context":{"text":"AFICHES","link":"https:\/\/estrategica.com.co\/blog\/category\/afiches\/"},"img":{"alt_text":"","src":"https:\/\/i0.wp.com\/estrategica.com.co\/blog\/wp-content\/uploads\/2009\/02\/affichechirac200202emetour.jpg?fit=591%2C400&ssl=1&resize=350%2C200","width":350,"height":200},"classes":[]},{"id":4345,"url":"https:\/\/estrategica.com.co\/blog\/francia-para-todos\/","url_meta":{"origin":3349,"position":1},"title":"FRANCIA PARA TODOS","author":"estrategica.com","date":"febrero 25, 2009","format":false,"excerpt":"Afiche de Campa\u00f1a de Jacques Chirac durante la contienda electoral de 1995. El mandato de Mitterand culminaba, luego de 14 a\u00f1os, y en el panorama pol\u00edtico aparec\u00edan nueve nombres que aspiraban a sucederlo. Los que lideraban las encuestas eran el socialista Lionel Jospin, el Conservador Jacques Chirac, el disidente conservador\u2026","rel":"","context":"En \u00abAFICHES\u00bb","block_context":{"text":"AFICHES","link":"https:\/\/estrategica.com.co\/blog\/category\/afiches\/"},"img":{"alt_text":"","src":"https:\/\/i0.wp.com\/estrategica.com.co\/blog\/wp-content\/uploads\/2009\/02\/affichechirac1995.jpg?fit=327%2C400&ssl=1&resize=350%2C200","width":350,"height":200},"classes":[]},{"id":2970,"url":"https:\/\/estrategica.com.co\/blog\/presidir-de-otra-forma-una-francia-mas-justa\/","url_meta":{"origin":3349,"position":2},"title":"Presidir de Otra Forma &#8211; Una Francia m\u00e1s Justa","author":"estrategica.com","date":"enero 30, 2009","format":false,"excerpt":"Durante la campa\u00f1a electoral de 2002 lo electores no tuvieron claridad entre lo que representaba Chirac y lo que encarnaba Jospin. El candidato socialista nunca pudo trasmitir el fervor de un mensaje y quedo atrapado en esa imagen de aburrido y poco carism\u00e1tico que encontraban los franceses en \u00e9l. No\u2026","rel":"","context":"En \u00ab2002\u00bb","block_context":{"text":"2002","link":"https:\/\/estrategica.com.co\/blog\/category\/ano\/2002\/"},"img":{"alt_text":"","src":"https:\/\/i0.wp.com\/estrategica.com.co\/blog\/wp-content\/uploads\/2009\/01\/m-lionel_jospin_mai2002.jpg?fit=300%2C397&ssl=1&resize=350%2C200","width":350,"height":200},"classes":[]},{"id":2965,"url":"https:\/\/estrategica.com.co\/blog\/presidir-de-otra-forma\/","url_meta":{"origin":3349,"position":3},"title":"Presidir de Otra Forma","author":"estrategica.com","date":"enero 30, 2009","format":false,"excerpt":"Durante la campa\u00f1a electoral de 2002 lo electores no tuvieron claridad entre lo que representaba Chirac y lo que encarnaba Jospin. El candidato socialista nunca pudo trasmitir el fervor de un mensaje y quedo atrapado en esa imagen de aburrido y poco carism\u00e1tico que encontraban los franceses en \u00e9l. No\u2026","rel":"","context":"En \u00ab2002\u00bb","block_context":{"text":"2002","link":"https:\/\/estrategica.com.co\/blog\/category\/ano\/2002\/"},"img":{"alt_text":"","src":"https:\/\/i0.wp.com\/estrategica.com.co\/blog\/wp-content\/uploads\/2009\/01\/affichejospin2002.jpg?fit=534%2C400&ssl=1&resize=350%2C200","width":350,"height":200},"classes":[]},{"id":27015,"url":"https:\/\/estrategica.com.co\/blog\/francia-unida-esta-en-marcha-mitterrand\/","url_meta":{"origin":3349,"position":4},"title":"Francia Unida esta en Marcha &#8211; Mitterrand","author":"estrategica.com","date":"abril 21, 2011","format":false,"excerpt":"En las elecciones presidenciales de 1988 el afiche \u201cGeneration Mitterrand\u201d hizo parte de una campa\u00f1a de expectativa que antecedi\u00f3 el anuncio de Mitterrand de lanzarse de nuevo a la presidencia de Francia. A diferencia de sus antecesores, Mitterrand manej\u00f3 el anunci\u00f3 en forma ambigua con mensajes que hac\u00edan suponer su\u2026","rel":"","context":"En \u00ab1988\u00bb","block_context":{"text":"1988","link":"https:\/\/estrategica.com.co\/blog\/category\/ano\/1988\/"},"img":{"alt_text":"","src":"https:\/\/i0.wp.com\/estrategica.com.co\/blog\/wp-content\/uploads\/2011\/04\/affichemitterrand1988.jpg?fit=555%2C400&ssl=1&resize=350%2C200","width":350,"height":200},"classes":[]},{"id":87,"url":"https:\/\/estrategica.com.co\/blog\/generacion-mitterrand\/","url_meta":{"origin":3349,"position":5},"title":"Generaci\u00f3n Mitterrand","author":"camilorojas","date":"diciembre 30, 2008","format":false,"excerpt":"En las elecciones presidenciales de 1988 el afiche \u201cGeneration Mitterrand\u201d hizo parte de una campa\u00f1a de expectativa que antecedi\u00f3 el anuncio de Mitterrand de lanzarse de nuevo a la presidencia de Francia. A diferencia de sus antecesores, Mitterrand manej\u00f3 el anunci\u00f3 en forma ambigua con mensajes que hac\u00edan suponer su\u2026","rel":"","context":"En \u00ab1988\u00bb","block_context":{"text":"1988","link":"https:\/\/estrategica.com.co\/blog\/category\/ano\/1988\/"},"img":{"alt_text":"","src":"https:\/\/i0.wp.com\/estrategica.com.co\/blog\/wp-content\/uploads\/2008\/12\/Generaci\u00f3n-Mitterrand.jpg?fit=350%2C258&ssl=1&resize=350%2C200","width":350,"height":200},"classes":[]}],"jetpack_sharing_enabled":true,"_links":{"self":[{"href":"https:\/\/estrategica.com.co\/blog\/wp-json\/wp\/v2\/posts\/3349","targetHints":{"allow":["GET"]}}],"collection":[{"href":"https:\/\/estrategica.com.co\/blog\/wp-json\/wp\/v2\/posts"}],"about":[{"href":"https:\/\/estrategica.com.co\/blog\/wp-json\/wp\/v2\/types\/post"}],"author":[{"embeddable":true,"href":"https:\/\/estrategica.com.co\/blog\/wp-json\/wp\/v2\/users\/4"}],"replies":[{"embeddable":true,"href":"https:\/\/estrategica.com.co\/blog\/wp-json\/wp\/v2\/comments?post=3349"}],"version-history":[{"count":3,"href":"https:\/\/estrategica.com.co\/blog\/wp-json\/wp\/v2\/posts\/3349\/revisions"}],"predecessor-version":[{"id":19737,"href":"https:\/\/estrategica.com.co\/blog\/wp-json\/wp\/v2\/posts\/3349\/revisions\/19737"}],"wp:featuredmedia":[{"embeddable":true,"href":"https:\/\/estrategica.com.co\/blog\/wp-json\/wp\/v2\/media\/3348"}],"wp:attachment":[{"href":"https:\/\/estrategica.com.co\/blog\/wp-json\/wp\/v2\/media?parent=3349"}],"wp:term":[{"taxonomy":"category","embeddable":true,"href":"https:\/\/estrategica.com.co\/blog\/wp-json\/wp\/v2\/categories?post=3349"},{"taxonomy":"post_tag","embeddable":true,"href":"https:\/\/estrategica.com.co\/blog\/wp-json\/wp\/v2\/tags?post=3349"}],"curies":[{"name":"wp","href":"https:\/\/api.w.org\/{rel}","templated":true}]}}