{"id":335,"date":"2009-01-04T00:26:22","date_gmt":"2009-01-04T00:26:22","guid":{"rendered":"http:\/\/estrategica.com.co\/blog\/?p=335"},"modified":"2009-03-27T11:54:01","modified_gmt":"2009-03-27T11:54:01","slug":"vota-con-todas-tus-fuerzas-3","status":"publish","type":"post","link":"https:\/\/estrategica.com.co\/blog\/vota-con-todas-tus-fuerzas-3\/","title":{"rendered":"Vota con todas tus fuerzas."},"content":{"rendered":"<p><img loading=\"lazy\" decoding=\"async\" data-attachment-id=\"334\" data-permalink=\"https:\/\/estrategica.com.co\/blog\/vota-con-todas-tus-fuerzas-3\/prueba_6_web1\/\" data-orig-file=\"https:\/\/i0.wp.com\/estrategica.com.co\/blog\/wp-content\/uploads\/2009\/01\/prueba_6_web1.jpg?fit=1017%2C348&amp;ssl=1\" data-orig-size=\"1017,348\" data-comments-opened=\"1\" data-image-meta=\"{&quot;aperture&quot;:&quot;0&quot;,&quot;credit&quot;:&quot;&quot;,&quot;camera&quot;:&quot;&quot;,&quot;caption&quot;:&quot;&quot;,&quot;created_timestamp&quot;:&quot;0&quot;,&quot;copyright&quot;:&quot;&quot;,&quot;focal_length&quot;:&quot;0&quot;,&quot;iso&quot;:&quot;0&quot;,&quot;shutter_speed&quot;:&quot;0&quot;,&quot;title&quot;:&quot;&quot;}\" data-image-title=\"prueba_6_web1\" data-image-description=\"\" data-image-caption=\"\" data-medium-file=\"https:\/\/i0.wp.com\/estrategica.com.co\/blog\/wp-content\/uploads\/2009\/01\/prueba_6_web1.jpg?fit=300%2C102&amp;ssl=1\" data-large-file=\"https:\/\/i0.wp.com\/estrategica.com.co\/blog\/wp-content\/uploads\/2009\/01\/prueba_6_web1.jpg?fit=1017%2C348&amp;ssl=1\" class=\"alignnone size-full wp-image-334\" title=\"prueba_6_web1\" src=\"https:\/\/i0.wp.com\/estrategica.com.co\/blog\/wp-content\/uploads\/2009\/01\/prueba_6_web1.jpg?resize=660%2C225\" alt=\"prueba_6_web1\" width=\"660\" height=\"225\" srcset=\"https:\/\/i0.wp.com\/estrategica.com.co\/blog\/wp-content\/uploads\/2009\/01\/prueba_6_web1.jpg?w=1017&amp;ssl=1 1017w, https:\/\/i0.wp.com\/estrategica.com.co\/blog\/wp-content\/uploads\/2009\/01\/prueba_6_web1.jpg?resize=300%2C102&amp;ssl=1 300w\" sizes=\"(max-width: 660px) 100vw, 660px\" data-recalc-dims=\"1\" \/><\/p>\n<p style=\"text-align: justify;\">Esta es la imagen de la fase final de la campa\u00f1a del PSOE para las elecciones del 9 de marzo. La idea es motivar a la militancia y persuadir a los indecisos, especialmente a los j\u00f3venes, para que salgan a votar masivamente. Se pensaba, estrat\u00e9gicamente, que la abstenci\u00f3n perjudicaba al PSOE porque la mayor abstenci\u00f3n es entre los j\u00f3venes y estos tienden a votar socialista. La campa\u00f1a es optimista, muestra a Rodr\u00edguez Zapatero en un primer plano mirando hacia el porvenir, con un vestido casual, sin corbata. El \u00e9nfasis de esta campa\u00f1a se hizo por televisi\u00f3n con cuatro videos muy bien hechos. En uno de los spots aparece un hijo que va a buscar a su madre al pueblo para que ejerza el derecho al voto, pese a que \u00e9sta da su apoyo al PP. En otro un anciano de 94 a\u00f1os afirma que Zapatero le ha devuelto la ilusi\u00f3n, mientras que otro lo protagoniza una joven, nueva votante, para quien no todos los pol\u00edticos son iguales y apela a saberlos distinguir por lo que dicen y hacen.<\/p>\n","protected":false},"excerpt":{"rendered":"<p>Esta es la imagen de la fase final de la campa\u00f1a del PSOE para las elecciones del 9 de marzo. La idea es motivar a la militancia y persuadir a los indecisos, especialmente a los j\u00f3venes, para que salgan a votar masivamente. Se pensaba, estrat\u00e9gicamente, que la abstenci\u00f3n perjudicaba al PSOE porque la mayor abstenci\u00f3n [&hellip;]<\/p>\n","protected":false},"author":2,"featured_media":59167,"comment_status":"open","ping_status":"open","sticky":false,"template":"","format":"standard","meta":{"_et_pb_use_builder":"","_et_pb_old_content":"","_et_gb_content_width":"","advanced_seo_description":"","jetpack_seo_html_title":"","jetpack_seo_noindex":false,"footnotes":""},"categories":[268,5,263,57,23,46,10,11],"tags":[93,91,95,94,92],"class_list":["post-335","post","type-post","status-publish","format-standard","has-post-thumbnail","hentry","category-268","category-afiches","category-ano","category-campana-presidencial","category-espana","category-fotograficos","category-geo","category-temas","tag-elecciones-2008","tag-jose-luis-rodriguez-zapatero","tag-partido-socialista-espanol","tag-psoe","tag-zapatero"],"jetpack_featured_media_url":"https:\/\/i0.wp.com\/estrategica.com.co\/blog\/wp-content\/uploads\/2009\/01\/Vota-con-todas-tus-fuerzas..jpg?fit=1017%2C348&ssl=1","jetpack_shortlink":"https:\/\/wp.me\/p4wgsh-5p","jetpack-related-posts":[{"id":329,"url":"https:\/\/estrategica.com.co\/blog\/vota-con-todas-tus-fuerzas\/","url_meta":{"origin":335,"position":0},"title":"VOTA con todas tus fuerzas.","author":"camilorojas","date":"enero 4, 2009","format":false,"excerpt":"Esta es la imagen de la fase final de la campa\u00f1a del PSOE para las elecciones del 9 de marzo. La idea es motivar a la militancia y persuadir a los indecisos, especialmente a los j\u00f3venes, para que salgan a votar masivamente. Se pensaba, estrat\u00e9gicamente, que la abstenci\u00f3n perjudicaba al\u2026","rel":"","context":"En \u00ab2008\u00bb","block_context":{"text":"2008","link":"https:\/\/estrategica.com.co\/blog\/category\/ano\/2008\/"},"img":{"alt_text":"","src":"https:\/\/i0.wp.com\/estrategica.com.co\/blog\/wp-content\/uploads\/2009\/01\/VOTA-con-todas-tus-fuerzas.3.jpg?fit=355%2C500&ssl=1&resize=350%2C200","width":350,"height":200},"classes":[]},{"id":332,"url":"https:\/\/estrategica.com.co\/blog\/vota-con-todas-tus-fuerzas-2\/","url_meta":{"origin":335,"position":1},"title":"VOTA con todas tus fuerzas","author":"camilorojas","date":"enero 4, 2009","format":false,"excerpt":"Esta es la imagen de la fase final de la campa\u00f1a del PSOE para las elecciones del 9 de marzo. La idea es motivar a la militancia y persuadir a los indecisos, especialmente a los j\u00f3venes, para que salgan a votar masivamente. Se pensaba, estrat\u00e9gicamente, que la abstenci\u00f3n perjudicaba al\u2026","rel":"","context":"En \u00ab2008\u00bb","block_context":{"text":"2008","link":"https:\/\/estrategica.com.co\/blog\/category\/ano\/2008\/"},"img":{"alt_text":"","src":"https:\/\/i0.wp.com\/estrategica.com.co\/blog\/wp-content\/uploads\/2009\/01\/VOTA-con-todas-tus-fuerzas2.jpg?fit=304%2C308&ssl=1&resize=350%2C200","width":350,"height":200},"classes":[]},{"id":2617,"url":"https:\/\/estrategica.com.co\/blog\/vota-con-todas-tus-fuerzas-5\/","url_meta":{"origin":335,"position":2},"title":"Vota con todas tus fuerzas &#8211; PSOE","author":"Juliana","date":"enero 26, 2009","format":false,"excerpt":"[hana-flv-player video=\"\/blog\/wp-content\/uploads\/2009\/01\/ESPANA\/4Con_Todas_tus_Fuerzas_Lluvia.flv\" width=\"550\" height=\"\" description=\"Vota con todas tus fuerzas - PSOE\" clickurl=\"\" clicktarget=\"\" player=\"4\" autoplay=\"false\" loop=\"false\" autorewind=\"true\" splashimage=\"\" skin=\"\" \/] [icon color=\"Accent-Color\" size=\"regular\" image=\"steadysets-icon-chat\"] Contexto Campa\u00f1a del PSOE para las elecciones generales de 2008. Son cuatro Spots realizados por la cineasta Isabel Coixet. La calidad, el gui\u00f3n y el mensaje\u2026","rel":"","context":"En \u00abCampa\u00f1a Presidencial\u00bb","block_context":{"text":"Campa\u00f1a Presidencial","link":"https:\/\/estrategica.com.co\/blog\/category\/temas\/campana-presidencial\/"},"img":{"alt_text":"","src":"https:\/\/i0.wp.com\/estrategica.com.co\/blog\/wp-content\/uploads\/2009\/01\/4con-todas-tus-fuerzas-lluvia_thumb.png?fit=310%2C222&ssl=1&resize=350%2C200","width":350,"height":200},"classes":[]},{"id":2592,"url":"https:\/\/estrategica.com.co\/blog\/1con_todas_tus_fuerzas_psoe\/","url_meta":{"origin":335,"position":3},"title":"Vota con todas tus fuerzas &#8211; Tercera Edad","author":"Juliana","date":"febrero 4, 2009","format":false,"excerpt":"[hana-flv-player video=\"\/blog\/wp-content\/uploads\/2009\/01\/ESPANA\/1Con_todas_Tus_fuerzas_PSOE.flv\" width=\"550\" height=\"\" description=\"Vota con todas tus fuerzas - Tercera Edad\" clickurl=\"\" clicktarget=\"\" player=\"4\" autoplay=\"false\" loop=\"false\" autorewind=\"true\" splashimage=\"\" skin=\"\" \/] [icon color=\"Accent-Color\" size=\"regular\" image=\"steadysets-icon-chat\"] Contexto Campa\u00f1a del PSOE para las elecciones generales de 2008. Son cuatro Spots realizados por la cineasta Isabel Coixet. La calidad, el gui\u00f3n y el\u2026","rel":"","context":"En \u00abCampa\u00f1a Presidencial\u00bb","block_context":{"text":"Campa\u00f1a Presidencial","link":"https:\/\/estrategica.com.co\/blog\/category\/temas\/campana-presidencial\/"},"img":{"alt_text":"","src":"","width":0,"height":0},"classes":[]},{"id":2609,"url":"https:\/\/estrategica.com.co\/blog\/vota-con-todas-tus-fuerzas-joven-que-vota-por-primera-vez\/","url_meta":{"origin":335,"position":4},"title":"Vota con todas tus fuerzas. Joven que vota por primera vez.","author":"Juliana","date":"febrero 15, 2009","format":false,"excerpt":"[hana-flv-player video=\"\/blog\/wp-content\/uploads\/2009\/01\/ESPANA\/2Con_todas_tus_fuerzas_PSOE.flv\" width=\"550\" height=\"\" description=\"Vota con todas tus fuerzas. Joven que vota por primera vez.\" clickurl=\"\" clicktarget=\"\" player=\"4\" autoplay=\"false\" loop=\"false\" autorewind=\"true\" splashimage=\"\" skin=\"\" \/] [icon color=\"Accent-Color\" size=\"regular\" image=\"steadysets-icon-chat\"] Contexto Campa\u00f1a del PSOE para las elecciones generales de 2008. Son cuatro Spots realizados por la cineasta Isabel Coixet. La calidad, el\u2026","rel":"","context":"En \u00ab2008\u00bb","block_context":{"text":"2008","link":"https:\/\/estrategica.com.co\/blog\/category\/ano\/2008\/"},"img":{"alt_text":"","src":"","width":0,"height":0},"classes":[]},{"id":2613,"url":"https:\/\/estrategica.com.co\/blog\/vota-con-todas-tus-fuerzas-hijo-y-madre\/","url_meta":{"origin":335,"position":5},"title":"Vota con todas tus fuerzas. Hijo y Madre.","author":"Juliana","date":"febrero 14, 2009","format":false,"excerpt":"[hana-flv-player video=\"\/blog\/wp-content\/uploads\/2009\/01\/ESPANA\/3Con_todas_tus_fuerzas_PSOE.flv\" width=\"550\" height=\"\" description=\"Vota con todas tus fuerzas. Hijo y Madre.\" clickurl=\"\" clicktarget=\"\" player=\"4\" autoplay=\"false\" loop=\"false\" autorewind=\"true\" splashimage=\"\" skin=\"\" \/] [icon color=\"Accent-Color\" size=\"regular\" image=\"steadysets-icon-chat\"] Contexto Campa\u00f1a del PSOE para las elecciones generales de 2008. Son cuatro Spots realizados por la cineasta Isabel Coixet. La calidad, el gui\u00f3n y el\u2026","rel":"","context":"En \u00ab2008\u00bb","block_context":{"text":"2008","link":"https:\/\/estrategica.com.co\/blog\/category\/ano\/2008\/"},"img":{"alt_text":"","src":"","width":0,"height":0},"classes":[]}],"jetpack_sharing_enabled":true,"_links":{"self":[{"href":"https:\/\/estrategica.com.co\/blog\/wp-json\/wp\/v2\/posts\/335","targetHints":{"allow":["GET"]}}],"collection":[{"href":"https:\/\/estrategica.com.co\/blog\/wp-json\/wp\/v2\/posts"}],"about":[{"href":"https:\/\/estrategica.com.co\/blog\/wp-json\/wp\/v2\/types\/post"}],"author":[{"embeddable":true,"href":"https:\/\/estrategica.com.co\/blog\/wp-json\/wp\/v2\/users\/2"}],"replies":[{"embeddable":true,"href":"https:\/\/estrategica.com.co\/blog\/wp-json\/wp\/v2\/comments?post=335"}],"version-history":[{"count":5,"href":"https:\/\/estrategica.com.co\/blog\/wp-json\/wp\/v2\/posts\/335\/revisions"}],"predecessor-version":[{"id":8520,"href":"https:\/\/estrategica.com.co\/blog\/wp-json\/wp\/v2\/posts\/335\/revisions\/8520"}],"wp:featuredmedia":[{"embeddable":true,"href":"https:\/\/estrategica.com.co\/blog\/wp-json\/wp\/v2\/media\/59167"}],"wp:attachment":[{"href":"https:\/\/estrategica.com.co\/blog\/wp-json\/wp\/v2\/media?parent=335"}],"wp:term":[{"taxonomy":"category","embeddable":true,"href":"https:\/\/estrategica.com.co\/blog\/wp-json\/wp\/v2\/categories?post=335"},{"taxonomy":"post_tag","embeddable":true,"href":"https:\/\/estrategica.com.co\/blog\/wp-json\/wp\/v2\/tags?post=335"}],"curies":[{"name":"wp","href":"https:\/\/api.w.org\/{rel}","templated":true}]}}