{"id":3372,"date":"2009-02-05T02:15:34","date_gmt":"2009-02-05T02:15:34","guid":{"rendered":"http:\/\/estrategica.com.co\/blog\/?p=3372"},"modified":"2009-02-05T02:22:27","modified_gmt":"2009-02-05T02:22:27","slug":"con-los-vecinos","status":"publish","type":"post","link":"https:\/\/estrategica.com.co\/blog\/con-los-vecinos\/","title":{"rendered":"CON LOS VECINOS"},"content":{"rendered":"<p><img loading=\"lazy\" decoding=\"async\" data-attachment-id=\"3377\" data-permalink=\"https:\/\/estrategica.com.co\/blog\/con-los-vecinos\/ucrsannicolas1\/\" data-orig-file=\"https:\/\/i0.wp.com\/estrategica.com.co\/blog\/wp-content\/uploads\/2009\/02\/ucrsannicolas1.jpg?fit=340%2C253&amp;ssl=1\" data-orig-size=\"340,253\" data-comments-opened=\"1\" data-image-meta=\"{&quot;aperture&quot;:&quot;0&quot;,&quot;credit&quot;:&quot;&quot;,&quot;camera&quot;:&quot;&quot;,&quot;caption&quot;:&quot;&quot;,&quot;created_timestamp&quot;:&quot;0&quot;,&quot;copyright&quot;:&quot;&quot;,&quot;focal_length&quot;:&quot;0&quot;,&quot;iso&quot;:&quot;0&quot;,&quot;shutter_speed&quot;:&quot;0&quot;,&quot;title&quot;:&quot;&quot;}\" data-image-title=\"ucrsannicolas1\" data-image-description=\"\" data-image-caption=\"\" data-medium-file=\"https:\/\/i0.wp.com\/estrategica.com.co\/blog\/wp-content\/uploads\/2009\/02\/ucrsannicolas1.jpg?fit=300%2C223&amp;ssl=1\" data-large-file=\"https:\/\/i0.wp.com\/estrategica.com.co\/blog\/wp-content\/uploads\/2009\/02\/ucrsannicolas1.jpg?fit=340%2C253&amp;ssl=1\" class=\"alignnone size-full wp-image-3377\" title=\"ucrsannicolas1\" src=\"https:\/\/i0.wp.com\/estrategica.com.co\/blog\/wp-content\/uploads\/2009\/02\/ucrsannicolas1.jpg?resize=340%2C253\" alt=\"ucrsannicolas1\" width=\"340\" height=\"253\" srcset=\"https:\/\/i0.wp.com\/estrategica.com.co\/blog\/wp-content\/uploads\/2009\/02\/ucrsannicolas1.jpg?w=340&amp;ssl=1 340w, https:\/\/i0.wp.com\/estrategica.com.co\/blog\/wp-content\/uploads\/2009\/02\/ucrsannicolas1.jpg?resize=300%2C223&amp;ssl=1 300w\" sizes=\"(max-width: 340px) 100vw, 340px\" data-recalc-dims=\"1\" \/><\/p>\n<p class=\"MsoNormal\" style=\"margin: 0cm 0cm 0pt; text-align: justify;\"><span style=\"font-family: Arial;\"><span style=\"font-size: small;\">Campa\u00f1a de la Uni\u00f3n C\u00edvica Radical para la intendencia de San Nicol\u00e1s en las elecciones de 2003. En la grafica aparece el candidato, Eduardo Viale, mirando a los ojos, con actitud desenfadada y con gesto que trasmite confianza al observador. Los colores son llamativos y los contrastes crom\u00e1ticos son equilibrados.<\/span><\/span><\/p>\n","protected":false},"excerpt":{"rendered":"<p>Campa\u00f1a de la Uni\u00f3n C\u00edvica Radical para la intendencia de San Nicol\u00e1s en las elecciones de 2003. En la grafica aparece el candidato, Eduardo Viale, mirando a los ojos, con actitud desenfadada y con gesto que trasmite confianza al observador. Los colores son llamativos y los contrastes crom\u00e1ticos son equilibrados.<\/p>\n","protected":false},"author":4,"featured_media":3377,"comment_status":"open","ping_status":"open","sticky":false,"template":"","format":"standard","meta":{"_et_pb_use_builder":"","_et_pb_old_content":"","_et_gb_content_width":"","advanced_seo_description":"","jetpack_seo_html_title":"","jetpack_seo_noindex":false,"footnotes":""},"categories":[5,24,59,46,10,11],"tags":[241,124],"class_list":["post-3372","post","type-post","status-publish","format-standard","has-post-thumbnail","hentry","category-afiches","category-argentina","category-campana-uninominal","category-fotograficos","category-geo","category-temas","tag-eduardo-viale","tag-elecciones-2003"],"jetpack_featured_media_url":"https:\/\/i0.wp.com\/estrategica.com.co\/blog\/wp-content\/uploads\/2009\/02\/ucrsannicolas1.jpg?fit=340%2C253&ssl=1","jetpack_shortlink":"https:\/\/wp.me\/p4wgsh-So","jetpack-related-posts":[{"id":24406,"url":"https:\/\/estrategica.com.co\/blog\/vamos-menem\/","url_meta":{"origin":3372,"position":0},"title":"Vamos &#8211; Menem","author":"Juliana","date":"octubre 17, 2010","format":false,"excerpt":"[hana-flv-player video=\"\/blog\/wp-content\/uploads\/2009\/01\/20100708\/SpotSouto9.flv\" width=\"550\" height=\"\" description=\"Vamos - Menem\" clickurl=\"\" clicktarget=\"\" player=\"4\" autoplay=\"false\" loop=\"false\" autorewind=\"true\" splashimage=\"\" skin=\"\" \/] [icon color=\"Accent-Color\" size=\"regular\" image=\"steadysets-icon-chat\"] Contexto Spot de la campa\u00f1a de Carlos Menem a la Presidencia de Argentina, durante la contienda electoral de 2003. La Argentina se encuentra sumida en una crisis pol\u00edtica y econ\u00f3mica\u2026","rel":"","context":"En \u00ab2003\u00bb","block_context":{"text":"2003","link":"https:\/\/estrategica.com.co\/blog\/category\/ano\/2003\/"},"img":{"alt_text":"","src":"https:\/\/i0.wp.com\/estrategica.com.co\/blog\/wp-content\/uploads\/2010\/07\/SpotSouto9_thumb.png?fit=593%2C334&ssl=1&resize=350%2C200","width":350,"height":200},"classes":[]},{"id":24418,"url":"https:\/\/estrategica.com.co\/blog\/spotsouto13\/","url_meta":{"origin":3372,"position":1},"title":"Se lo que Hacer Bien \u2013 Tuve Errores \u2013 Si este tipo gana \u2013 Necesitamos a Menem \u2013 Todos le Apuntan \u2013 Vamos Menem","author":"Juliana","date":"octubre 12, 2010","format":false,"excerpt":"[hana-flv-player video=\"\/blog\/wp-content\/uploads\/2009\/01\/20100708\/SpotSouto13.flv\" width=\"550\" height=\"\" description=\"Se lo que Hacer Bien \u2013 Tuve Errores \u2013 Si este tipo gana \u2013 Necesitamos a Menem \u2013 Todos le Apuntan \u2013 Vamos Menem\" clickurl=\"\" clicktarget=\"\" player=\"4\" autoplay=\"false\" loop=\"false\" autorewind=\"true\" splashimage=\"\" skin=\"\" \/] [icon color=\"Accent-Color\" size=\"regular\" image=\"steadysets-icon-chat\"] Contexto Spot de la campa\u00f1a de Carlos Menem a\u2026","rel":"","context":"En \u00ab2003\u00bb","block_context":{"text":"2003","link":"https:\/\/estrategica.com.co\/blog\/category\/ano\/2003\/"},"img":{"alt_text":"","src":"https:\/\/i0.wp.com\/estrategica.com.co\/blog\/wp-content\/uploads\/2010\/07\/SpotSouto13_thumb.png?fit=598%2C396&ssl=1&resize=350%2C200","width":350,"height":200},"classes":[]},{"id":34842,"url":"https:\/\/estrategica.com.co\/blog\/mahindarajapaksaroaddevelopment1\/","url_meta":{"origin":3372,"position":2},"title":"Desarrollo Vial &#8211; Rajapaksa","author":"Juliana","date":"julio 24, 2012","format":false,"excerpt":"[hana-flv-player video=\"\/blog\/wp-content\/uploads\/2009\/01\/20111213\/MahindaRajapaksaRoadDevelopment1.flv\" width=\"550\" height=\"\" description=\"Desarrollo Vial - Rajapaksa\" clickurl=\"\" clicktarget=\"\" player=\"4\" autoplay=\"false\" loop=\"false\" autorewind=\"false\" splashimage=\"\" skin=\"\" \/] [icon color=\"Accent-Color\" size=\"regular\" image=\"steadysets-icon-chat\"] Contexto Spot de la campa\u00f1a a la presidencia de Sri Lanka, Mahinda Rajapaksa, durante la contienda electoral con la cual buscaba su reeleccion y en la cual obtuvo la\u2026","rel":"","context":"En \u00ab2010\u00bb","block_context":{"text":"2010","link":"https:\/\/estrategica.com.co\/blog\/category\/ano\/2010\/"},"img":{"alt_text":"","src":"https:\/\/i0.wp.com\/estrategica.com.co\/blog\/wp-content\/uploads\/2012\/07\/MahindaRajapaksaRoadDevelopment1_thumb.png?fit=865%2C491&ssl=1&resize=350%2C200","width":350,"height":200},"classes":[]},{"id":683,"url":"https:\/\/estrategica.com.co\/blog\/al-pasado-le-ganamos-entre-todos\/","url_meta":{"origin":3372,"position":3},"title":"AL PASADO le ganamos entre todos","author":"camilorojas","date":"enero 9, 2009","format":false,"excerpt":"Campa\u00f1a de An\u00edbal Ibarra y Jorge Telerman se presentaron a las elecciones de jefatura y vicejefatura de gobierno en las elecciones de 2003. Se trata de la reelecci\u00f3n de Ibarra, pues se desempe\u00f1\u00f3 como jefe de gobierno en el periodo 2000-2003. Ese primer mandato era percibido por la ciudadan\u00eda como\u2026","rel":"","context":"En \u00ab2003\u00bb","block_context":{"text":"2003","link":"https:\/\/estrategica.com.co\/blog\/category\/ano\/2003\/"},"img":{"alt_text":"","src":"","width":0,"height":0},"classes":[]},{"id":27758,"url":"https:\/\/estrategica.com.co\/blog\/guia-eleitoral-de-eduardo-campos080910-noite\/","url_meta":{"origin":3372,"position":4},"title":"Franja Electoral &#8211; Eduardo","author":"Juliana","date":"abril 28, 2011","format":false,"excerpt":"[hana-flv-player video=\"\/blog\/wp-content\/uploads\/2009\/01\/20110228\/GuiaeleitoraldeEduardoCampos170910.flv\" width=\"550\" height=\"\" description= \"Franja Electoral - Eduardo\" clickurl=\"\" clicktarget=\"\" player=\"4\" autoplay=\"false\" loop=\"false\" autorewind=\"false\" splashimage=\"\" skin=\"\" \/] [icon color=\"Accent-Color\" size=\"regular\" image=\"steadysets-icon-chat\"] Contexto Spot de la Campa\u00f1a de Eduardo Campos a la Gobernaci\u00f3n de Pernambuco en las elecciones de 2010, a nombre del Partido Socialista Brasilero. Campos era el gobernador\u2026","rel":"","context":"En \u00ab2010\u00bb","block_context":{"text":"2010","link":"https:\/\/estrategica.com.co\/blog\/category\/ano\/2010\/"},"img":{"alt_text":"","src":"https:\/\/i0.wp.com\/estrategica.com.co\/blog\/wp-content\/uploads\/2011\/04\/GuiaeleitoraldeEduardoCampos240910_thumb.png?fit=656%2C400&ssl=1&resize=350%2C200","width":350,"height":200},"classes":[]},{"id":687,"url":"https:\/\/estrategica.com.co\/blog\/de-la-mano-de-todos\/","url_meta":{"origin":3372,"position":5},"title":"DE LA MANO DE TODOS","author":"camilorojas","date":"enero 9, 2009","format":false,"excerpt":"Campa\u00f1a de An\u00edbal Ibarra y Jorge Telerman se presentaron a las elecciones de jefatura y vicejefatura de gobierno en las elecciones de 2003. Se trata de la reelecci\u00f3n de Ibarra, pues se desempe\u00f1\u00f3 como jefe de gobierno en el periodo 2000-2003. Ese primer mandato era percibido por la ciudadan\u00eda como\u2026","rel":"","context":"En \u00ab2003\u00bb","block_context":{"text":"2003","link":"https:\/\/estrategica.com.co\/blog\/category\/ano\/2003\/"},"img":{"alt_text":"","src":"https:\/\/i0.wp.com\/estrategica.com.co\/blog\/wp-content\/uploads\/2009\/01\/ibarra1.jpg?fit=400%2C300&ssl=1&resize=350%2C200","width":350,"height":200},"classes":[]}],"jetpack_sharing_enabled":true,"_links":{"self":[{"href":"https:\/\/estrategica.com.co\/blog\/wp-json\/wp\/v2\/posts\/3372","targetHints":{"allow":["GET"]}}],"collection":[{"href":"https:\/\/estrategica.com.co\/blog\/wp-json\/wp\/v2\/posts"}],"about":[{"href":"https:\/\/estrategica.com.co\/blog\/wp-json\/wp\/v2\/types\/post"}],"author":[{"embeddable":true,"href":"https:\/\/estrategica.com.co\/blog\/wp-json\/wp\/v2\/users\/4"}],"replies":[{"embeddable":true,"href":"https:\/\/estrategica.com.co\/blog\/wp-json\/wp\/v2\/comments?post=3372"}],"version-history":[{"count":5,"href":"https:\/\/estrategica.com.co\/blog\/wp-json\/wp\/v2\/posts\/3372\/revisions"}],"predecessor-version":[{"id":3378,"href":"https:\/\/estrategica.com.co\/blog\/wp-json\/wp\/v2\/posts\/3372\/revisions\/3378"}],"wp:featuredmedia":[{"embeddable":true,"href":"https:\/\/estrategica.com.co\/blog\/wp-json\/wp\/v2\/media\/3377"}],"wp:attachment":[{"href":"https:\/\/estrategica.com.co\/blog\/wp-json\/wp\/v2\/media?parent=3372"}],"wp:term":[{"taxonomy":"category","embeddable":true,"href":"https:\/\/estrategica.com.co\/blog\/wp-json\/wp\/v2\/categories?post=3372"},{"taxonomy":"post_tag","embeddable":true,"href":"https:\/\/estrategica.com.co\/blog\/wp-json\/wp\/v2\/tags?post=3372"}],"curies":[{"name":"wp","href":"https:\/\/api.w.org\/{rel}","templated":true}]}}