{"id":3380,"date":"2009-02-05T03:16:14","date_gmt":"2009-02-05T03:16:14","guid":{"rendered":"http:\/\/estrategica.com.co\/blog\/?p=3380"},"modified":"2009-02-05T03:16:14","modified_gmt":"2009-02-05T03:16:14","slug":"hagamos-florecer-la-esperanza","status":"publish","type":"post","link":"https:\/\/estrategica.com.co\/blog\/hagamos-florecer-la-esperanza\/","title":{"rendered":"HAGAMOS FLORECER LA ESPERANZA"},"content":{"rendered":"<p><img loading=\"lazy\" decoding=\"async\" data-attachment-id=\"3379\" data-permalink=\"https:\/\/estrategica.com.co\/blog\/hagamos-florecer-la-esperanza\/ucrbsas\/\" data-orig-file=\"https:\/\/i0.wp.com\/estrategica.com.co\/blog\/wp-content\/uploads\/2009\/02\/ucrbsas.jpg?fit=340%2C256&amp;ssl=1\" data-orig-size=\"340,256\" data-comments-opened=\"1\" data-image-meta=\"{&quot;aperture&quot;:&quot;0&quot;,&quot;credit&quot;:&quot;&quot;,&quot;camera&quot;:&quot;&quot;,&quot;caption&quot;:&quot;&quot;,&quot;created_timestamp&quot;:&quot;0&quot;,&quot;copyright&quot;:&quot;&quot;,&quot;focal_length&quot;:&quot;0&quot;,&quot;iso&quot;:&quot;0&quot;,&quot;shutter_speed&quot;:&quot;0&quot;,&quot;title&quot;:&quot;&quot;}\" data-image-title=\"ucrbsas\" data-image-description=\"\" data-image-caption=\"\" data-medium-file=\"https:\/\/i0.wp.com\/estrategica.com.co\/blog\/wp-content\/uploads\/2009\/02\/ucrbsas.jpg?fit=300%2C225&amp;ssl=1\" data-large-file=\"https:\/\/i0.wp.com\/estrategica.com.co\/blog\/wp-content\/uploads\/2009\/02\/ucrbsas.jpg?fit=340%2C256&amp;ssl=1\" class=\"alignnone size-full wp-image-3379\" title=\"ucrbsas\" src=\"https:\/\/i0.wp.com\/estrategica.com.co\/blog\/wp-content\/uploads\/2009\/02\/ucrbsas.jpg?resize=340%2C256\" alt=\"ucrbsas\" width=\"340\" height=\"256\" srcset=\"https:\/\/i0.wp.com\/estrategica.com.co\/blog\/wp-content\/uploads\/2009\/02\/ucrbsas.jpg?w=340&amp;ssl=1 340w, https:\/\/i0.wp.com\/estrategica.com.co\/blog\/wp-content\/uploads\/2009\/02\/ucrbsas.jpg?resize=300%2C225&amp;ssl=1 300w\" sizes=\"(max-width: 340px) 100vw, 340px\" data-recalc-dims=\"1\" \/><\/p>\n<p class=\"MsoNormal\" style=\"margin: 0cm 0cm 0pt; text-align: justify;\"><span style=\"font-family: Arial;\"><span style=\"font-size: small;\">Campa\u00f1a de Margarita Stolbizer a la gobernaci\u00f3n de Buenos Aires en 2003. El afiche muestra a la candidata en actitud tranquila, con los labios brillantes y con una mirada entre inquisidora y cautivadora dirigida hacia el espectador. Los colores y la tipograf\u00eda trasmiten frescura y calidez. El s\u00edmbolo de la margarita es algo con alta rentabilidad comunicativa si se logra vincularlo con un concepto de naturaleza tem\u00e1tica, ah\u00ed esa el desaf\u00edo de campa\u00f1as como estas.<\/span><\/span><\/p>\n<p class=\"MsoNormal\" style=\"margin: 0cm 0cm 0pt; text-align: justify;\"><span style=\"font-family: Arial;\"><span style=\"font-size: small;\"><\/span><\/span><\/p>\n","protected":false},"excerpt":{"rendered":"<p>Campa\u00f1a de Margarita Stolbizer a la gobernaci\u00f3n de Buenos Aires en 2003. El afiche muestra a la candidata en actitud tranquila, con los labios brillantes y con una mirada entre inquisidora y cautivadora dirigida hacia el espectador. Los colores y la tipograf\u00eda trasmiten frescura y calidez. El s\u00edmbolo de la margarita es algo con alta [&hellip;]<\/p>\n","protected":false},"author":4,"featured_media":3379,"comment_status":"open","ping_status":"open","sticky":false,"template":"","format":"standard","meta":{"_et_pb_use_builder":"","_et_pb_old_content":"","_et_gb_content_width":"","advanced_seo_description":"","jetpack_seo_html_title":"","jetpack_seo_noindex":false,"footnotes":""},"categories":[5,24,59,46,10,11],"tags":[124,242],"class_list":["post-3380","post","type-post","status-publish","format-standard","has-post-thumbnail","hentry","category-afiches","category-argentina","category-campana-uninominal","category-fotograficos","category-geo","category-temas","tag-elecciones-2003","tag-margarita-stolbizer"],"jetpack_featured_media_url":"https:\/\/i0.wp.com\/estrategica.com.co\/blog\/wp-content\/uploads\/2009\/02\/ucrbsas.jpg?fit=340%2C256&ssl=1","jetpack_shortlink":"https:\/\/wp.me\/p4wgsh-Sw","jetpack-related-posts":[{"id":27028,"url":"https:\/\/estrategica.com.co\/blog\/por-estados-unidos-johnson\/","url_meta":{"origin":3380,"position":0},"title":"Por Estados Unidos &#8211; Johnson","author":"estrategica.com","date":"abril 22, 2011","format":false,"excerpt":"Afiche de la Campa\u00f1a de Lyndon B. Johnson durante la contienda Presidencial de 1964. Johnson hab\u00eda asumido la Presidencia despu\u00e9s del asesinato de John F. Kennedy en noviembre de 1963. El candidato hab\u00eda construido una merecida reputaci\u00f3n nacional por su defensa de los Derechos Civiles de los AfroAmericanos. Estaba enfrentado\u2026","rel":"","context":"En \u00ab1964\u00bb","block_context":{"text":"1964","link":"https:\/\/estrategica.com.co\/blog\/category\/ano\/1964\/"},"img":{"alt_text":"","src":"https:\/\/i0.wp.com\/estrategica.com.co\/blog\/wp-content\/uploads\/2011\/04\/PR-00016-B.jpg?fit=284%2C425&ssl=1&resize=350%2C200","width":350,"height":200},"classes":[]},{"id":27032,"url":"https:\/\/estrategica.com.co\/blog\/vote-democrata-johnson\/","url_meta":{"origin":3380,"position":1},"title":"Vote Dem\u00f3crata &#8211; Johnson","author":"estrategica.com","date":"abril 22, 2011","format":false,"excerpt":"Afiche de la Campa\u00f1a de Lyndon B. Johnson durante la contienda Presidencial de 1964. Johnson hab\u00eda asumido la Presidencia despu\u00e9s del asesinato de John F. Kennedy en noviembre de 1963. El candidato hab\u00eda construido una merecida reputaci\u00f3n nacional por su defensa de los Derechos Civiles de los AfroAmericanos. Estaba enfrentado\u2026","rel":"","context":"En \u00ab1964\u00bb","block_context":{"text":"1964","link":"https:\/\/estrategica.com.co\/blog\/category\/ano\/1964\/"},"img":{"alt_text":"","src":"https:\/\/i0.wp.com\/estrategica.com.co\/blog\/wp-content\/uploads\/2011\/04\/johnson.jpg?fit=291%2C400&ssl=1&resize=350%2C200","width":350,"height":200},"classes":[]},{"id":27106,"url":"https:\/\/estrategica.com.co\/blog\/mujeres-johnson\/","url_meta":{"origin":3380,"position":2},"title":"Mujeres &#8211; Johnson","author":"estrategica.com","date":"abril 22, 2011","format":false,"excerpt":"Afiche de la Campa\u00f1a de Lyndon B. Johnson durante la contienda Presidencial de 1964. Johnson hab\u00eda asumido la Presidencia despu\u00e9s del asesinato de John F. Kennedy en noviembre de 1963. El candidato hab\u00eda construido una merecida reputaci\u00f3n nacional por su defensa de los Derechos Civiles de los AfroAmericanos. Estaba enfrentado\u2026","rel":"","context":"En \u00ab1964\u00bb","block_context":{"text":"1964","link":"https:\/\/estrategica.com.co\/blog\/category\/ano\/1964\/"},"img":{"alt_text":"","src":"https:\/\/i0.wp.com\/estrategica.com.co\/blog\/wp-content\/uploads\/2011\/04\/lbj-flyer-women.jpg?fit=574%2C626&ssl=1&resize=350%2C200","width":350,"height":200},"classes":[]},{"id":4629,"url":"https:\/\/estrategica.com.co\/blog\/menem-presidente\/","url_meta":{"origin":3380,"position":3},"title":"MENEM Presidente","author":"estrategica.com","date":"marzo 1, 2009","format":false,"excerpt":"Afiche de la campa\u00f1a de Carlos Menem para las elecciones de 2003. Se ve que no es uno de los afiches oficiales sino alguna pieza elaborada por activistas de alg\u00fan lugar. Es sin lugar a dudas una pieza sin est\u00e9tica, sin mensaje y con un montaje burdo que genera reacci\u00f3n\u2026","rel":"","context":"En \u00abAFICHES\u00bb","block_context":{"text":"AFICHES","link":"https:\/\/estrategica.com.co\/blog\/category\/afiches\/"},"img":{"alt_text":"","src":"https:\/\/i0.wp.com\/estrategica.com.co\/blog\/wp-content\/uploads\/2009\/03\/200369.jpg?fit=340%2C239&ssl=1&resize=350%2C200","width":350,"height":200},"classes":[]},{"id":4626,"url":"https:\/\/estrategica.com.co\/blog\/argentina-necesita-un-presidente\/","url_meta":{"origin":3380,"position":4},"title":"Argentina necesita un Presidente","author":"estrategica.com","date":"marzo 1, 2009","format":false,"excerpt":"Afiche de la campa\u00f1a de Carlos Menem para las elecciones de 2003. Se ve que no es uno de los afiches oficiales sino una convocatoria regional, dise\u00f1ada, quiz\u00e1s, por algunos de los activistas del lugar. Aparece Menem mirando hacia el firmamento con el fondo de la bandera Argentina. El slogan\u2026","rel":"","context":"En \u00abAFICHES\u00bb","block_context":{"text":"AFICHES","link":"https:\/\/estrategica.com.co\/blog\/category\/afiches\/"},"img":{"alt_text":"","src":"https:\/\/i0.wp.com\/estrategica.com.co\/blog\/wp-content\/uploads\/2009\/03\/200373.jpg?fit=340%2C240&ssl=1&resize=350%2C200","width":350,"height":200},"classes":[]},{"id":4338,"url":"https:\/\/estrategica.com.co\/blog\/goldwater-presidente\/","url_meta":{"origin":3380,"position":5},"title":"GOLDWATER PRESIDENTE","author":"estrategica.com","date":"febrero 24, 2009","format":false,"excerpt":"Afiche de campa\u00f1a para las elecciones presidenciales de 1964. Estas elecciones estuvieron marcadas por el asesinato de J.F Kennedy. Con esa muerte se diluyeron todas las posibilidades de Goldwater. Esto puede parecer curioso, pues, el asesino de Kennedy era un comunista, lo cual, en teor\u00eda, deb\u00eda favorecer al candidato anticomunista,\u2026","rel":"","context":"En \u00ab1964\u00bb","block_context":{"text":"1964","link":"https:\/\/estrategica.com.co\/blog\/category\/ano\/1964\/"},"img":{"alt_text":"","src":"https:\/\/i0.wp.com\/estrategica.com.co\/blog\/wp-content\/uploads\/2009\/02\/goldwater1964poster.jpg?fit=300%2C465&ssl=1&resize=350%2C200","width":350,"height":200},"classes":[]}],"jetpack_sharing_enabled":true,"_links":{"self":[{"href":"https:\/\/estrategica.com.co\/blog\/wp-json\/wp\/v2\/posts\/3380","targetHints":{"allow":["GET"]}}],"collection":[{"href":"https:\/\/estrategica.com.co\/blog\/wp-json\/wp\/v2\/posts"}],"about":[{"href":"https:\/\/estrategica.com.co\/blog\/wp-json\/wp\/v2\/types\/post"}],"author":[{"embeddable":true,"href":"https:\/\/estrategica.com.co\/blog\/wp-json\/wp\/v2\/users\/4"}],"replies":[{"embeddable":true,"href":"https:\/\/estrategica.com.co\/blog\/wp-json\/wp\/v2\/comments?post=3380"}],"version-history":[{"count":2,"href":"https:\/\/estrategica.com.co\/blog\/wp-json\/wp\/v2\/posts\/3380\/revisions"}],"predecessor-version":[{"id":3382,"href":"https:\/\/estrategica.com.co\/blog\/wp-json\/wp\/v2\/posts\/3380\/revisions\/3382"}],"wp:featuredmedia":[{"embeddable":true,"href":"https:\/\/estrategica.com.co\/blog\/wp-json\/wp\/v2\/media\/3379"}],"wp:attachment":[{"href":"https:\/\/estrategica.com.co\/blog\/wp-json\/wp\/v2\/media?parent=3380"}],"wp:term":[{"taxonomy":"category","embeddable":true,"href":"https:\/\/estrategica.com.co\/blog\/wp-json\/wp\/v2\/categories?post=3380"},{"taxonomy":"post_tag","embeddable":true,"href":"https:\/\/estrategica.com.co\/blog\/wp-json\/wp\/v2\/tags?post=3380"}],"curies":[{"name":"wp","href":"https:\/\/api.w.org\/{rel}","templated":true}]}}